{"id":564083,"date":"2024-10-04T16:55:08","date_gmt":"2024-10-04T20:55:08","guid":{"rendered":"https:\/\/diariodominicano.com\/?p=564083"},"modified":"2024-10-04T16:55:12","modified_gmt":"2024-10-04T20:55:12","slug":"continuan-cancelaciones-perremeistas-en-consulado-y-cultura-nyc","status":"publish","type":"post","link":"https:\/\/diariodominicano.com\/?p=564083","title":{"rendered":"Contin\u00faan cancelaciones perreme\u00edstas en Consulado y Cultura NYC"},"content":{"rendered":"\n<p>Por Ram\u00f3n Mercedes<\/p>\n\n\n\n<p>NUEVA YORK.- Las cancelaciones entre dirigentes y miembros de la seccional del Partido Revolucionario Moderno (PRM-NY) en esta ciudad contin\u00faan en el Consulado Dominicano y la Direcci\u00f3n de Cultura.<\/p>\n\n\n\n<p>Despu\u00e9s que el c\u00f3nsul Jes\u00fas -Ch\u00fa- V\u00e1squez cancelara la semana pasada 13 empleados en la sede consular, entre dirigentes y miembros del partido de gobierno, se han producido otras en la misma dependencia contra los presidentes y secretarios generales en los diferentes condados.<\/p>\n\n\n\n<p>Un documento de prensa que entregara una fuente de entero cr\u00e9dito a este reportero, se\u00f1ala que los desvinculados que fung\u00edan como auxiliares consulares con US$2,000.00 de sueldo mensual les fueron rebajados US$1,000.00, sin explicar las causas.<\/p>\n\n\n\n<p>Entre los cancelados figuran Dulce Collado y Franklin Trinidad, presidenta y secretario general de Manhattan Sur; Roberto Florim\u00f3n, secretario general en Manhattan Norte; Radham\u00e9s Abreu y Juan Cepeda, presidente y secretario general en Haverstraw; V\u00edctor Guaba, presidente de Queens; Radham\u00e9s Guzm\u00e1n, presidente en Brooklyn.<\/p>\n\n\n\n<p>Algunos de ellos aceptaron y otros no, quedando fuera de n\u00f3mina, sostiene la fuente.<\/p>\n\n\n\n<p>Los cesanteados la semana pasada fueron Jos\u00e9 Tapia, C\u00e1ndido Guti\u00e9rrez, Erasmo Chalas, Ana Mercedes Burgos, Agust\u00edn Ogando, Dar\u00edo Abreu, Ambiorix Hern\u00e1ndez, Luis N\u00fa\u00f1ez, Ramon Chac\u00f3n, Manuel Dom\u00ednguez, Juan Cordero, \u00c1ngel Mambr\u00fa (Pe\u00f1ita) y Henry Quirico. Se inform\u00f3 que las cancelaciones continuar\u00e1n.<\/p>\n\n\n\n<p>En la Direcci\u00f3n de Cultura NY, dirigida por Reynaldo And\u00fajar, profesor universitario en Chicago y sin afiliaci\u00f3n pol\u00edtica alguna conocida, con un presupuesto mensual del Ministerio de Cultura de $56,750 d\u00f3lares para el pago de 27 empleados y el local ubicado en el Alto Manhattan, ha cancelado los dirigentes del partido Juan G\u00e1lvez de Jes\u00fas, dise\u00f1ador gr\u00e1fico-enlace cultural de Brooklyn; Marisol Calder\u00f3n Reyes, analista de recursos humanos, y Milagros Dur\u00e1n, conserje.<\/p>\n\n\n\n<p>De Jes\u00fas, Calder\u00f3n Reyes y Dur\u00e1n sostienen que fueron cancelados porque And\u00fajar le dio 48 horas para que firmaran un documento aceptando rebaja salarial (como a otros empleados), notific\u00e1ndole que consultar\u00edan con el partido por haberlo recomendado para Cultura, pero el director proclam\u00f3 que ni Yul\u00edn, S\u00e1nchez ni el partido pod\u00eda cambiarle su decisi\u00f3n y si no firmaban quedaban despedidos.<\/p>\n\n\n\n<p>En carta dirigida al presidente de la seccional y vicec\u00f3nsul en NY, Julio C. Mateo (Yul\u00edn), y a John S\u00e1nchez, secretario general y director de INDEX-NY, entre otras cosas los desvinculados exponen:<\/p>\n\n\n\n<p>\u201cEl director de Cultura-NY de forma abusiva y arbitraria nos despidi\u00f3 de Cultura bajo el se\u00f1alamiento de \u201cdesacato y desobediencia\u201d por no firmarle un documento proponiendo rebaja salarial. Se despiden solicit\u00e1ndoles su solidaridad y apoyo\u201d. La misiva tiene fecha del 16 de septiembre pasado, pero el partido no ha hecho nada por el momento, se dijo. Se inform\u00f3 que las cancelaciones continuar\u00e1n.<\/p>\n\n\n\n<p>Por su parte, Calder\u00f3n Reyes sostiene que And\u00fajar hace estos ajustes para entrar personas cercanas a \u00e9l, habiendo nombrado ya 5, entre ellas a Ana Kenia Mora y su hijo Keuri Apolinar Castillo; a Dar\u00edo Tejeda, Gabriel de Jes\u00fas Castillo Campuzano y Kilia Soranlly Llano Garc\u00eda, entre otros.<\/p>\n\n\n\n<p>Se\u00f1alaron que, entre los protegidos de And\u00fajar, sin ser del partido o advenedizos, figuran Germ\u00e1n Batista, Samaria de la Cruz, Antonio Brito, Miguel An\u00edbal Perdomo y David de la Cruz, devengando salario de miles de d\u00f3lares al mes.<\/p>\n","protected":false},"excerpt":{"rendered":"<p>Por Ram\u00f3n Mercedes NUEVA YORK.- Las cancelaciones entre dirigentes y miembros de la seccional del Partido Revolucionario Moderno (PRM-NY) en esta ciudad contin\u00faan en el Consulado Dominicano y la Direcci\u00f3n de Cultura. Despu\u00e9s que el c\u00f3nsul Jes\u00fas -Ch\u00fa- V\u00e1squez cancelara la semana pasada 13 empleados en la sede consular, entre dirigentes y miembros del partido [&hellip;]<\/p>\n","protected":false},"author":7,"featured_media":564088,"comment_status":"closed","ping_status":"closed","sticky":false,"template":"","format":"standard","meta":{"footnotes":""},"categories":[23],"tags":[181],"class_list":["post-564083","post","type-post","status-publish","format-standard","has-post-thumbnail","hentry","category-internacional","tag-ramon-mercedes"],"_links":{"self":[{"href":"https:\/\/diariodominicano.com\/index.php?rest_route=\/wp\/v2\/posts\/564083","targetHints":{"allow":["GET"]}}],"collection":[{"href":"https:\/\/diariodominicano.com\/index.php?rest_route=\/wp\/v2\/posts"}],"about":[{"href":"https:\/\/diariodominicano.com\/index.php?rest_route=\/wp\/v2\/types\/post"}],"author":[{"embeddable":true,"href":"https:\/\/diariodominicano.com\/index.php?rest_route=\/wp\/v2\/users\/7"}],"replies":[{"embeddable":true,"href":"https:\/\/diariodominicano.com\/index.php?rest_route=%2Fwp%2Fv2%2Fcomments&post=564083"}],"version-history":[{"count":1,"href":"https:\/\/diariodominicano.com\/index.php?rest_route=\/wp\/v2\/posts\/564083\/revisions"}],"predecessor-version":[{"id":564098,"href":"https:\/\/diariodominicano.com\/index.php?rest_route=\/wp\/v2\/posts\/564083\/revisions\/564098"}],"wp:featuredmedia":[{"embeddable":true,"href":"https:\/\/diariodominicano.com\/index.php?rest_route=\/wp\/v2\/media\/564088"}],"wp:attachment":[{"href":"https:\/\/diariodominicano.com\/index.php?rest_route=%2Fwp%2Fv2%2Fmedia&parent=564083"}],"wp:term":[{"taxonomy":"category","embeddable":true,"href":"https:\/\/diariodominicano.com\/index.php?rest_route=%2Fwp%2Fv2%2Fcategories&post=564083"},{"taxonomy":"post_tag","embeddable":true,"href":"https:\/\/diariodominicano.com\/index.php?rest_route=%2Fwp%2Fv2%2Ftags&post=564083"}],"curies":[{"name":"wp","href":"https:\/\/api.w.org\/{rel}","templated":true}]}}