{"id":564015,"date":"2024-10-04T00:47:11","date_gmt":"2024-10-04T04:47:11","guid":{"rendered":"https:\/\/diariodominicano.com\/?p=564015"},"modified":"2024-10-04T00:47:18","modified_gmt":"2024-10-04T04:47:18","slug":"en-vi-foro-global-america-latina-y-el-caribe-2024-reflexionan-sobre-los-grandes-desafios-que-enfrenta-el-mundo","status":"publish","type":"post","link":"https:\/\/diariodominicano.com\/?p=564015","title":{"rendered":"En VI Foro Global Am\u00e9rica Latina y el Caribe 2024 reflexionan sobre  los grandes desaf\u00edos que enfrenta el mundo"},"content":{"rendered":"\n<p>El ex presidente de Rep\u00fablica Dominicana, doctor Leonel Fern\u00e1ndez\u2002dijo que \u00abA pesar de las se\u00f1ales positivas de la econom\u00eda estadounidense, las tensiones geopol\u00edticas, como el conflicto en Medio Oriente, siguen afectando a miles de inocentes\u00bb. <\/p>\n\n\n\n<p>\u00abHoy, en el VI Foro Global Am\u00e9rica Latina y el Caribe 2024, reflexionamos sobre los grandes desaf\u00edos que enfrenta el mundo.<\/p>\n\n\n\n<p>Dijo que en\u2002 Am\u00e9rica Latina, enfrentamos un lento crecimiento econ\u00f3mico y el impacto del cambio clim\u00e1tico. <\/p>\n\n\n\n<p>A su juicio: \u00abEs crucial que unamos esfuerzos para reactivar nuestras econom\u00edas, invertir en el futuro y asegurar un desarrollo sostenible. Solo con responsabilidad y cooperaci\u00f3n podemos construir un futuro de prosperidad y democracia para todos\u00bb.<\/p>\n","protected":false},"excerpt":{"rendered":"<p>El ex presidente de Rep\u00fablica Dominicana, doctor Leonel Fern\u00e1ndez\u2002dijo que \u00abA pesar de las se\u00f1ales positivas de la econom\u00eda estadounidense, las tensiones geopol\u00edticas, como el conflicto en Medio Oriente, siguen afectando a miles de inocentes\u00bb. \u00abHoy, en el VI Foro Global Am\u00e9rica Latina y el Caribe 2024, reflexionamos sobre los grandes desaf\u00edos que enfrenta el [&hellip;]<\/p>\n","protected":false},"author":28,"featured_media":0,"comment_status":"closed","ping_status":"closed","sticky":false,"template":"","format":"standard","meta":{"footnotes":""},"categories":[36,18,27],"tags":[],"class_list":["post-564015","post","type-post","status-publish","format-standard","hentry","category-hombresmujeresycosas","category-economia","category-portada"],"_links":{"self":[{"href":"https:\/\/diariodominicano.com\/index.php?rest_route=\/wp\/v2\/posts\/564015","targetHints":{"allow":["GET"]}}],"collection":[{"href":"https:\/\/diariodominicano.com\/index.php?rest_route=\/wp\/v2\/posts"}],"about":[{"href":"https:\/\/diariodominicano.com\/index.php?rest_route=\/wp\/v2\/types\/post"}],"author":[{"embeddable":true,"href":"https:\/\/diariodominicano.com\/index.php?rest_route=\/wp\/v2\/users\/28"}],"replies":[{"embeddable":true,"href":"https:\/\/diariodominicano.com\/index.php?rest_route=%2Fwp%2Fv2%2Fcomments&post=564015"}],"version-history":[{"count":1,"href":"https:\/\/diariodominicano.com\/index.php?rest_route=\/wp\/v2\/posts\/564015\/revisions"}],"predecessor-version":[{"id":564016,"href":"https:\/\/diariodominicano.com\/index.php?rest_route=\/wp\/v2\/posts\/564015\/revisions\/564016"}],"wp:attachment":[{"href":"https:\/\/diariodominicano.com\/index.php?rest_route=%2Fwp%2Fv2%2Fmedia&parent=564015"}],"wp:term":[{"taxonomy":"category","embeddable":true,"href":"https:\/\/diariodominicano.com\/index.php?rest_route=%2Fwp%2Fv2%2Fcategories&post=564015"},{"taxonomy":"post_tag","embeddable":true,"href":"https:\/\/diariodominicano.com\/index.php?rest_route=%2Fwp%2Fv2%2Ftags&post=564015"}],"curies":[{"name":"wp","href":"https:\/\/api.w.org\/{rel}","templated":true}]}}