{"id":563981,"date":"2024-10-03T23:49:06","date_gmt":"2024-10-04T03:49:06","guid":{"rendered":"https:\/\/diariodominicano.com\/?p=563981"},"modified":"2024-10-03T23:49:24","modified_gmt":"2024-10-04T03:49:24","slug":"concejales-de-san-cristobal-declaran-a-la-orquesta-santa-cecilia-patrimonio-imperecedero-historico-cultural","status":"publish","type":"post","link":"https:\/\/diariodominicano.com\/?p=563981","title":{"rendered":"Concejales de San Crist\u00f3bal declaran a la  Orquesta Santa Cecilia Patrimonio Imperecedero Hist\u00f3rico-Cultural"},"content":{"rendered":"\n<p>SAN CRIST\u00d3BAL, RD.- La Sala Capitular del municipio de San Crist\u00f3bal aprob\u00f3 este jueves, a unanimidad declarar como Patrimonio Imperecedero Hist\u00f3rico-Cultura a la Orquesta Santa Cecilia, por sus aportes y trayectoria.<\/p>\n\n\n\n<p>Entre las motivaciones presentadas, el Comit\u00e9 para el Rescate del Valor Hist\u00f3rico-Cultural de dicha orquesta resalta que la misma ha sido la que m\u00e1s m\u00fasicos ha aportado a Rep\u00fablica Dominicana.<\/p>\n\n\n\n<p>Haciendo un contexto hist\u00f3rico, los proponentes se\u00f1alan que cuyo nacimiento surge en la \u00e9poca de la tiran\u00eda de Trujillo. Destacan que la Orquesta Santa Cecilia se convirti\u00f3 en un monumento de \u00fanica fuente de empleos para muchos m\u00fasicos de la \u00e9poca.<\/p>\n\n\n\n<p>Para los concejales que decidieron dar su voto favorable a dicha declaraci\u00f3n, representa un verdadero orgullo poder ser parte de la misma. La moci\u00f3n fue introducida a la Sala Capitular por dicho Comit\u00e9, a trav\u00e9s del concejal Franquelis Tiburcio, quien motivo y destac\u00f3 los grandes lauros recibidos por dicha instituci\u00f3n musical.<\/p>\n\n\n\n<p>Destacan que, con tal decisi\u00f3n se preserva el patrimonio cultural, protegiendo y perpetuando el legado musical de la orquesta, as\u00ed como la evoluci\u00f3n del merengue.<\/p>\n\n\n\n<p>Adem\u00e1s, fomentar nuevas oportunidades, con la creaci\u00f3n de plataformas para que j\u00f3venes talentos puedan desarrollarse y contribuir a la cultura local.<\/p>\n\n\n\n<p>Hicieron \u00e9nfasis en la promoci\u00f3n de valores y motivaci\u00f3n, inspirando a la juventud en el fomento de un sentido de orgullo y pertenencia.<\/p>\n\n\n\n<p>alcaldiasancristobalrd<\/p>\n\n\n\n<p>alcaldiasancristobalrd ()<\/p>\n\n\n\n<p><a target=\"_blank\" href=\"mailto:alcaldiasancristobalrd@gmail.com\" rel=\"noreferrer noopener\">alcaldiasancristobalrd@gmail.com<\/a><\/p>\n\n\n\n<p><\/p>\n","protected":false},"excerpt":{"rendered":"<p>SAN CRIST\u00d3BAL, RD.- La Sala Capitular del municipio de San Crist\u00f3bal aprob\u00f3 este jueves, a unanimidad declarar como Patrimonio Imperecedero Hist\u00f3rico-Cultura a la Orquesta Santa Cecilia, por sus aportes y trayectoria. Entre las motivaciones presentadas, el Comit\u00e9 para el Rescate del Valor Hist\u00f3rico-Cultural de dicha orquesta resalta que la misma ha sido la que m\u00e1s [&hellip;]<\/p>\n","protected":false},"author":28,"featured_media":0,"comment_status":"closed","ping_status":"closed","sticky":false,"template":"","format":"standard","meta":{"footnotes":""},"categories":[26],"tags":[],"class_list":["post-563981","post","type-post","status-publish","format-standard","hentry","category-efemerides"],"_links":{"self":[{"href":"https:\/\/diariodominicano.com\/index.php?rest_route=\/wp\/v2\/posts\/563981","targetHints":{"allow":["GET"]}}],"collection":[{"href":"https:\/\/diariodominicano.com\/index.php?rest_route=\/wp\/v2\/posts"}],"about":[{"href":"https:\/\/diariodominicano.com\/index.php?rest_route=\/wp\/v2\/types\/post"}],"author":[{"embeddable":true,"href":"https:\/\/diariodominicano.com\/index.php?rest_route=\/wp\/v2\/users\/28"}],"replies":[{"embeddable":true,"href":"https:\/\/diariodominicano.com\/index.php?rest_route=%2Fwp%2Fv2%2Fcomments&post=563981"}],"version-history":[{"count":1,"href":"https:\/\/diariodominicano.com\/index.php?rest_route=\/wp\/v2\/posts\/563981\/revisions"}],"predecessor-version":[{"id":563982,"href":"https:\/\/diariodominicano.com\/index.php?rest_route=\/wp\/v2\/posts\/563981\/revisions\/563982"}],"wp:attachment":[{"href":"https:\/\/diariodominicano.com\/index.php?rest_route=%2Fwp%2Fv2%2Fmedia&parent=563981"}],"wp:term":[{"taxonomy":"category","embeddable":true,"href":"https:\/\/diariodominicano.com\/index.php?rest_route=%2Fwp%2Fv2%2Fcategories&post=563981"},{"taxonomy":"post_tag","embeddable":true,"href":"https:\/\/diariodominicano.com\/index.php?rest_route=%2Fwp%2Fv2%2Ftags&post=563981"}],"curies":[{"name":"wp","href":"https:\/\/api.w.org\/{rel}","templated":true}]}}