{"id":56382,"date":"2020-02-12T09:55:44","date_gmt":"2020-02-12T09:55:44","guid":{"rendered":"http:\/\/diariodominicano.ddns.net\/?p=56382"},"modified":"2020-02-12T09:55:44","modified_gmt":"2020-02-12T09:55:44","slug":"un-dia-como-hoy-pio-xi-inauguro-radio-vaticano-de-la-mano-de-marconi","status":"publish","type":"post","link":"https:\/\/diariodominicano.com\/?p=56382","title":{"rendered":"Un d\u00eda como hoy P\u00edo XI inaugur\u00f3 Radio Vaticano de la mano de Marconi"},"content":{"rendered":"<p><body><\/p>\n<p><img decoding=\"async\" src=\"img3\/PioXIMarconiRadioVa12-2.jpg\" \/>  <\/p>\n<p>diariodominicano.com<\/p>\n<\/p>\n<p><span class=\"text1noticias\">POR WALTER S\u00c1NCHEZ SILVA | ACI Prensa<\/span><\/p>\n<p><span class=\"text1noticias\"> <\/span><\/p>\n<p><span class=\"text1noticias\">Vaticano, 12 de febrero de 2020.-  El 12 de febrero de 1931, exactamente a las 4:30 p.m., el Papa P\u00edo XI inaugur\u00f3 Radio Vaticano pronunciando ante sus micr\u00f3fonos, en lat\u00edn, el primer radio mensaje pontificio de la historia, en presencia del inventor de la radio y realizador de la emisora, el cient\u00edfico italiano Guillermo Marconi.<\/span><\/p>\n<p><span class=\"text1noticias\"> <\/span><\/p>\n<p><span class=\"text1noticias\">Por lo tanto, hoy se cumplen 89 a\u00f1os desde la primera emisi\u00f3n radiof\u00f3nica de un Papa y del comienzo de las emisiones de la radio del Vaticano.<\/span><\/p>\n<p><span class=\"text1noticias\"> <\/span><\/p>\n<p><span class=\"text1noticias\">Adem\u00e1s de Marconi, tambi\u00e9n acompa\u00f1aron la inauguraci\u00f3n el entonces Secretario de Estado del Vaticano, Cardenal Eugenio Pacelli, que se convertir\u00eda 8 a\u00f1os despu\u00e9s en el Papa P\u00edo XII; y el sacerdote jesuita Giuseppe Gianfranceschi, el primer director de Radio Vaticano.<\/span><\/p>\n<p><span class=\"text1noticias\"> <\/span><\/p>\n<p><span class=\"text1noticias\">Fue el mismo Marconi quien anunci\u00f3 el mensaje del Papa P\u00edo XI, emitido en lat\u00edn, cuya primera parte estaba dirigida a toda la creaci\u00f3n:<\/span><\/p>\n<p><span class=\"text1noticias\"> <\/span><\/p>\n<p><span class=\"text1noticias\">\u00abSiendo, por arcano dise\u00f1o de Dios, Sucesores del Pr\u00edncipe de los Ap\u00f3stoles, de aquellos cuya doctrina y predicaci\u00f3n por divino mandato est\u00e1 destinada a toda la gente y a toda criatura, y pudiendo en primer lugar valernos desde este lugar de la admirable invenci\u00f3n de Marconi, nos dirigimos primeramente a todas las cosas y a todos los hombres, dici\u00e9ndoles, aqu\u00ed y en adelante, con las mismas palabras de la Sagrada Escritura: ?Escucha, cielo, y hablar\u00e9, oiga la tierra las palabras de mi boca?\u00bb.<\/span><\/p>\n<p><span class=\"text1noticias\"> <\/span><\/p>\n<p><span class=\"text1noticias\">Dirigi\u00e9ndose luego a los afligidos y perseguidos, el Papa P\u00edo XI expres\u00f3 su deseo de que \u00abnuestra palabra llegue a cuando est\u00e1n enfermos, en el dolor, en las tribulaciones y en las adversidades, especialmente a ustedes que sufren tales cosas por parte de los enemigos de Dios y de la sociedad humana\u00bb.<\/span><\/p>\n<p><span class=\"text1noticias\"> <\/span><\/p>\n<p><span class=\"text1noticias\">\u00abMientras ofrecemos por ustedes nuestras oraciones y en cuanto podamos nuestra ayuda, mientras los encomendamos a la caridad de todos, les decimos de parte de Cristo de quien hacemos las veces: ?Vengan a m\u00ed todos los que est\u00e1is cansados y atribulados, y yo los aliviar\u00e9?\u00bb.<\/span><\/p>\n<p><span class=\"text1noticias\"> <\/span><\/p>\n<p><span class=\"text1noticias\">Radio Vaticano gan\u00f3 mucha influencia durante la Segunda Guerra Mundial. Comenz\u00f3 a emitir en nueve idiomas y se convirti\u00f3 en uno de los pocos medios que superaban la censura de la \u00e9poca, adem\u00e1s de difundir mensajes de familiares que buscaban a personas desaparecidas o prisioneros que estaban en campos de concentraci\u00f3n.<\/span><\/p>\n<p><span class=\"text1noticias\"> <\/span><\/p>\n<p><span class=\"text1noticias\">Ahora, Radio Vaticano emite su programaci\u00f3n en 40 lenguas y en sus estudios trabajan periodistas de hasta 60 pa\u00edses.<\/span><\/p>\n<p><span class=\"text1noticias\"> <\/span><\/p>\n<p><span class=\"text1noticias\">Radio Vaticano hace parte actualmente de la nueva estructura comunicativa denominada Vatican News, por lo cual est\u00e1 inmersa en un proceso de reestructuraci\u00f3n en vistas a la unificaci\u00f3n de los medios de comunicaci\u00f3n de la S<\/span>anta Sede.<\/p>\n<h6> 2020-02-12 09:55:44 <\/h6>\n<p><!--\n<link rel=\"stylesheet\" href=\"css\/bootstrap.min.css\">\n\n\n<ul class=\"pagination\">\n\t    \n\t\n\n<li >\n\t<a href='?page_no=831'>Previous<\/a>\n\t<\/li>\n\n\n       \n    \n\n<li><a href='?page_no=1'>1<\/a><\/li>\n\n\n\n<li><a href='?page_no=2'>2<\/a><\/li>\n\n\n\n<li><a>...<\/a><\/li>\n\n\n\n<li><a href='?page_no=830'>830<\/a><\/li>\n\n\n\n<li><a href='?page_no=831'>831<\/a><\/li>\n\n\n\n<li class='active'><a>832<\/a><\/li>\n\n\n\n<li><a href='?page_no=833'>833<\/a><\/li>\n\n\n\n<li><a href='?page_no=834'>834<\/a><\/li>\n\n\n\n<li><a>...<\/a><\/li>\n\n\n\n<li><a href='?page_no=22911'>22911<\/a><\/li>\n\n\n\n<li><a href='?page_no=22912'>22912<\/a><\/li>\n\n    \n\t\n\n<li >\n\t<a href='?page_no=833'>Next<\/a>\n\t<\/li>\n\n\n    \n\n<li><a href='?page_no=22912'>Last &rsaquo;&rsaquo;<\/a><\/li>\n\n<\/ul>\n\n\n--><br \/>\n<\/body><\/p>\n","protected":false},"excerpt":{"rendered":"<p>diariodominicano.com POR WALTER S\u00c1NCHEZ SILVA | ACI Prensa Vaticano, 12 de febrero de 2020.- El 12 de febrero de 1931, exactamente a las 4:30 p.m., el Papa P\u00edo XI inaugur\u00f3 Radio Vaticano pronunciando ante sus micr\u00f3fonos, en lat\u00edn, el primer radio mensaje pontificio de la historia, en presencia del inventor de la radio y realizador [&hellip;]<\/p>\n","protected":false},"author":3,"featured_media":0,"comment_status":"open","ping_status":"open","sticky":false,"template":"","format":"standard","meta":{"footnotes":""},"categories":[21],"tags":[],"class_list":["post-56382","post","type-post","status-publish","format-standard","hentry","category-cultura"],"_links":{"self":[{"href":"https:\/\/diariodominicano.com\/index.php?rest_route=\/wp\/v2\/posts\/56382","targetHints":{"allow":["GET"]}}],"collection":[{"href":"https:\/\/diariodominicano.com\/index.php?rest_route=\/wp\/v2\/posts"}],"about":[{"href":"https:\/\/diariodominicano.com\/index.php?rest_route=\/wp\/v2\/types\/post"}],"author":[{"embeddable":true,"href":"https:\/\/diariodominicano.com\/index.php?rest_route=\/wp\/v2\/users\/3"}],"replies":[{"embeddable":true,"href":"https:\/\/diariodominicano.com\/index.php?rest_route=%2Fwp%2Fv2%2Fcomments&post=56382"}],"version-history":[{"count":0,"href":"https:\/\/diariodominicano.com\/index.php?rest_route=\/wp\/v2\/posts\/56382\/revisions"}],"wp:attachment":[{"href":"https:\/\/diariodominicano.com\/index.php?rest_route=%2Fwp%2Fv2%2Fmedia&parent=56382"}],"wp:term":[{"taxonomy":"category","embeddable":true,"href":"https:\/\/diariodominicano.com\/index.php?rest_route=%2Fwp%2Fv2%2Fcategories&post=56382"},{"taxonomy":"post_tag","embeddable":true,"href":"https:\/\/diariodominicano.com\/index.php?rest_route=%2Fwp%2Fv2%2Ftags&post=56382"}],"curies":[{"name":"wp","href":"https:\/\/api.w.org\/{rel}","templated":true}]}}