{"id":563815,"date":"2024-10-03T15:30:58","date_gmt":"2024-10-03T19:30:58","guid":{"rendered":"https:\/\/diariodominicano.com\/?p=563815"},"modified":"2024-10-03T16:55:33","modified_gmt":"2024-10-03T20:55:33","slug":"autoridades-y-lideres-del-sector-bancario-impulsan-la-colaboracion-regional-como-herramienta-para-afrontar-los-desafios-del-lavado-de-activos","status":"publish","type":"post","link":"https:\/\/diariodominicano.com\/?p=563815","title":{"rendered":"Autoridades y l\u00edderes del sector bancario impulsan la colaboraci\u00f3n regional como herramienta para afrontar los desaf\u00edos del lavado de activos"},"content":{"rendered":"\n<p><em>En el marco del Congreso Latinoamericano de Prevenci\u00f3n de Lavado de Activos y Financiamiento del Terrorismo, organizado por la ABA y FELABAN, se reafirm\u00f3 el compromiso de los sectores p\u00fablico y privado para seguir impulsando acciones que fortalezcan la lucha contra el crimen organizado.<\/em><\/p>\n\n\n\n<figure class=\"wp-block-image size-large\"><img loading=\"lazy\" decoding=\"async\" width=\"1024\" height=\"682\" src=\"https:\/\/diariodominicano.com\/wp-content\/uploads\/2024\/10\/Rosanna-Ruiz-presidenta-de-la-ABA-1024x682.jpeg\" alt=\"\" class=\"wp-image-563819\" srcset=\"https:\/\/diariodominicano.com\/wp-content\/uploads\/2024\/10\/Rosanna-Ruiz-presidenta-de-la-ABA-1024x682.jpeg 1024w, https:\/\/diariodominicano.com\/wp-content\/uploads\/2024\/10\/Rosanna-Ruiz-presidenta-de-la-ABA-300x200.jpeg 300w, https:\/\/diariodominicano.com\/wp-content\/uploads\/2024\/10\/Rosanna-Ruiz-presidenta-de-la-ABA-768x512.jpeg 768w, https:\/\/diariodominicano.com\/wp-content\/uploads\/2024\/10\/Rosanna-Ruiz-presidenta-de-la-ABA-816x544.jpeg 816w, https:\/\/diariodominicano.com\/wp-content\/uploads\/2024\/10\/Rosanna-Ruiz-presidenta-de-la-ABA.jpeg 1280w\" sizes=\"auto, (max-width: 1024px) 100vw, 1024px\" \/><\/figure>\n\n\n\n<p><strong>Santo Domingo, Rep. Dom. &#8211;<\/strong>&nbsp; Autoridades, l\u00ed\u00ecderes de la industria financiera y especialistas en cumplimiento normativo de Am\u00e9rica Latina consideraron que la colaboraci\u00f3n regional y las herramientas tecnol\u00f3gicas fortalecen las estrategias en la lucha contra el blanqueo de capitales y otras modalidades del crimen organizado, al exponer durante el Tercer Congreso Latinoamericano de Prevenci\u00f3n de Lavado de Activos y Financiamiento del Terrorismo (COPLAFT).<\/p>\n\n\n\n<p><\/p>\n\n\n\n<p>El evento, que tiene por primera vez a la Rep\u00fablica Dominicana como sede, es organizado por la Asociaci\u00f3n de Bancos M\u00faltiples de la Rep\u00fablica Dominicana (ABA) y la Federaci\u00f3n Latinoamericana de Bancos (FELABAN), con el t\u00edtulo \u201cDesaf\u00edos actuales, innovaci\u00f3n y colaboraci\u00f3n regional\u201d.<\/p>\n\n\n\n<p>Al dar la bienvenida, Rosanna Ruiz, presidenta de la Asociaci\u00f3n de Bancos M\u00faltiples de la Rep\u00fablica Dominicana, (ABA) expres\u00f3 que&nbsp;la uni\u00f3n regional es una pieza clave&nbsp;para dar respuestas \u00e1giles y coordinadas a las nuevas complejidades del mundo actual.<\/p>\n\n\n\n<figure class=\"wp-block-image size-large\"><img loading=\"lazy\" decoding=\"async\" width=\"1024\" height=\"682\" src=\"https:\/\/diariodominicano.com\/wp-content\/uploads\/2024\/10\/Autoridades-y-representantes-del-sector-financiero-1024x682.jpeg\" alt=\"\" class=\"wp-image-563837\" srcset=\"https:\/\/diariodominicano.com\/wp-content\/uploads\/2024\/10\/Autoridades-y-representantes-del-sector-financiero-1024x682.jpeg 1024w, https:\/\/diariodominicano.com\/wp-content\/uploads\/2024\/10\/Autoridades-y-representantes-del-sector-financiero-300x200.jpeg 300w, https:\/\/diariodominicano.com\/wp-content\/uploads\/2024\/10\/Autoridades-y-representantes-del-sector-financiero-768x512.jpeg 768w, https:\/\/diariodominicano.com\/wp-content\/uploads\/2024\/10\/Autoridades-y-representantes-del-sector-financiero-1536x1023.jpeg 1536w, https:\/\/diariodominicano.com\/wp-content\/uploads\/2024\/10\/Autoridades-y-representantes-del-sector-financiero-816x544.jpeg 816w, https:\/\/diariodominicano.com\/wp-content\/uploads\/2024\/10\/Autoridades-y-representantes-del-sector-financiero.jpeg 1600w\" sizes=\"auto, (max-width: 1024px) 100vw, 1024px\" \/><\/figure>\n\n\n\n<p>\u201cEl hecho de que est\u00e9n aqu\u00ed presentes las autoridades competentes, garantes de la prevenci\u00f3n, persecuci\u00f3n y sanci\u00f3n del lavado de activos; tambi\u00e9n los sujetos obligados, oficiales de cumplimiento, profesionales de distintas \u00e1reas radicados en el pa\u00eds y en el exterior, entre otros, es una muestra clara del gran compromiso de todos para el combate de estos delitos y el posicionamiento de nuestros pa\u00edses\u201d, sostuvo Ruiz.<\/p>\n\n\n\n<p>De su lado, Lidia Ure\u00f1a, presidenta del Comit\u00e9 Latinoamericano para la Prevenci\u00f3n del Lavado de Activos y Financiamiento del Terrorismo (COPLAFT), expuso c\u00f3mo afecta el lavado de activos al desarrollo de los pa\u00edses.&nbsp; \u201cSeg\u00fan estad\u00edsticas de la Oficina de las Naciones Unidas contra las Drogas y el Crimen (UNODC), cada a\u00f1o el lavado de activos implica entre el 2 y el 5% del Producto Interno Bruto del mundo\u201d, dijo Ure\u00f1a.&nbsp;&nbsp;<\/p>\n\n\n\n<figure class=\"wp-block-image size-large\"><img loading=\"lazy\" decoding=\"async\" width=\"1024\" height=\"682\" src=\"https:\/\/diariodominicano.com\/wp-content\/uploads\/2024\/10\/En-el-podio-Lidia-UrenTa-se-dirige-a-los-presentes-en-el-COPLAFT-1024x682.jpg\" alt=\"\" class=\"wp-image-563838\" srcset=\"https:\/\/diariodominicano.com\/wp-content\/uploads\/2024\/10\/En-el-podio-Lidia-UrenTa-se-dirige-a-los-presentes-en-el-COPLAFT-1024x682.jpg 1024w, https:\/\/diariodominicano.com\/wp-content\/uploads\/2024\/10\/En-el-podio-Lidia-UrenTa-se-dirige-a-los-presentes-en-el-COPLAFT-300x200.jpg 300w, https:\/\/diariodominicano.com\/wp-content\/uploads\/2024\/10\/En-el-podio-Lidia-UrenTa-se-dirige-a-los-presentes-en-el-COPLAFT-768x512.jpg 768w, https:\/\/diariodominicano.com\/wp-content\/uploads\/2024\/10\/En-el-podio-Lidia-UrenTa-se-dirige-a-los-presentes-en-el-COPLAFT-816x544.jpg 816w, https:\/\/diariodominicano.com\/wp-content\/uploads\/2024\/10\/En-el-podio-Lidia-UrenTa-se-dirige-a-los-presentes-en-el-COPLAFT.jpg 1280w\" sizes=\"auto, (max-width: 1024px) 100vw, 1024px\" \/><\/figure>\n\n\n\n<p>En ese orden, consider\u00f3 que la realidad fuera diferente en los pa\u00edses afectados si estos fondos vinculados al lavado de activos pudieran ser utilizados en iniciativas para fortalecer la salud, la educaci\u00f3n, el desarrollo integral de la ciudadan\u00eda.<\/p>\n\n\n\n<p><strong>Importancia del factor humano en la prevenci\u00f3n del lavado de activos<\/strong><\/p>\n\n\n\n<p>Al plantear los retos que conlleva la prevenci\u00f3n del crimen organizado, Giorgio Trettenero Castro, secretario general de la Federaci\u00f3n Latinoamericana de Bancos (FELABAN), se\u00f1al\u00f3 la relevancia de fomentar la competencia para la toma de decisiones.&nbsp;<\/p>\n\n\n\n<p>Sin embargo, observ\u00f3 que, aunque los equipos de cumplimento deben apalancarse en tecnolog\u00eda de punta, el factor humano sigue siendo crucial para la efectividad de sus funciones y advirti\u00f3 que dejar integralmente a la inteligencia artificial (IA) la toma de decisiones en este \u00e1mbito tan determinante y delicado, podr\u00eda tener enormes riesgos.<\/p>\n\n\n\n<p>En tanto, el superintendente de Bancos, Alejandro Fern\u00e1ndez W., consider\u00f3 que la tecnolog\u00eda, como la IA generativa, promete ayudar mucho,&nbsp;\u201cpero se debe complementar con el buen juicio, el olfato,&nbsp;el criterio profesional y la adopci\u00f3n de decisiones oportunas\u201d.&nbsp; En ese aspecto, ponder\u00f3 la relevancia de la funci\u00f3n del personal encargado de prevenir estos delitos en el sector financiero.<\/p>\n\n\n\n<p>De igual modo, resalt\u00f3 la importancia de que los sectores p\u00fablico y privado trabajen de manera coordinada&nbsp; para prevenir y enfrentar los riesgos en la labor financiera, sobre todo lo referente al lavado de capitales.<\/p>\n\n\n\n<p>En ese aspecto coincidi\u00f3 la directora de la Unidad de An\u00e1lisis Financiero de la Rep\u00fablica Dominicana, Aileen Guzm\u00e1n, quien plante\u00f3 que \u201cel crimen organizado, lamentablemente, est\u00e1 bien organizado y avanza muy r\u00e1pido, lo que requiere de esfuerzos coordinados entre los sectores p\u00fablicos y privados para contrarrestar las acciones\u201d.<\/p>\n\n\n\n<p><strong>Firmas de cartas de intenci\u00f3n<\/strong><\/p>\n\n\n\n<p>Durante la primera jornada del COPLAFT, se firmaron dos convenios de entendimiento para la capacitaci\u00f3n especializada del personal que se encargada de analizar y detectar los riesgos en materia de lavado de activos y financiamiento del terrorismo en la banca m\u00faltiple, acci\u00f3n que reafirm\u00f3 el compromiso de los sectores p\u00fablico y privado para seguir impulsando acciones que fortalezcan la prevenci\u00f3n de estos flagelos.<\/p>\n\n\n\n<p>El primero fue firmado por los titulares de la Asociaci\u00f3n de Bancos, el representante del Grupo de Acci\u00f3n Financiera (GAFILAT) y la Unidad de An\u00e1lisis Financiero. Mientras, el segundo fue suscrito por la ABA, GAFILAT y FELABAN.<\/p>\n\n\n\n<p>El Congreso Latinoamericano de Prevenci\u00f3n de Lavado de Activos se extender\u00e1 hasta este viernes 04 de octubre en el Hotel Marriot Piantini, en Santo Domingo.<\/p>\n\n\n\n<p>Comunicaciones ABA<\/p>\n\n\n\n<p>Comunicaciones ABA (De tus contactos de Google)<\/p>\n\n\n\n<p><a target=\"_blank\" href=\"mailto:comunicaciones@aba.org.do\" rel=\"noreferrer noopener\">comunicaciones@aba.org.do<\/a><\/p>\n\n\n\n<p><strong>Direcci\u00f3n de Comunicaci\u00f3n y Marketing<\/strong><\/p>\n\n\n\n<p>03 de octubre de 2024<\/p>\n\n\n\n<p>#ABA\u2002#Alejandro Fern\u00e1ndez W <\/p>\n","protected":false},"excerpt":{"rendered":"<p>En el marco del Congreso Latinoamericano de Prevenci\u00f3n de Lavado de Activos y Financiamiento del Terrorismo, organizado por la ABA y FELABAN, se reafirm\u00f3 el compromiso de los sectores p\u00fablico y privado para seguir impulsando acciones que fortalezcan la lucha contra el crimen organizado. Santo Domingo, Rep. Dom. &#8211;&nbsp; Autoridades, l\u00ed\u00ecderes de la industria financiera [&hellip;]<\/p>\n","protected":false},"author":28,"featured_media":563819,"comment_status":"closed","ping_status":"closed","sticky":false,"template":"","format":"standard","meta":{"footnotes":""},"categories":[18,24,27],"tags":[],"class_list":["post-563815","post","type-post","status-publish","format-standard","has-post-thumbnail","hentry","category-economia","category-justicia-y-derecho","category-portada"],"_links":{"self":[{"href":"https:\/\/diariodominicano.com\/index.php?rest_route=\/wp\/v2\/posts\/563815","targetHints":{"allow":["GET"]}}],"collection":[{"href":"https:\/\/diariodominicano.com\/index.php?rest_route=\/wp\/v2\/posts"}],"about":[{"href":"https:\/\/diariodominicano.com\/index.php?rest_route=\/wp\/v2\/types\/post"}],"author":[{"embeddable":true,"href":"https:\/\/diariodominicano.com\/index.php?rest_route=\/wp\/v2\/users\/28"}],"replies":[{"embeddable":true,"href":"https:\/\/diariodominicano.com\/index.php?rest_route=%2Fwp%2Fv2%2Fcomments&post=563815"}],"version-history":[{"count":5,"href":"https:\/\/diariodominicano.com\/index.php?rest_route=\/wp\/v2\/posts\/563815\/revisions"}],"predecessor-version":[{"id":563859,"href":"https:\/\/diariodominicano.com\/index.php?rest_route=\/wp\/v2\/posts\/563815\/revisions\/563859"}],"wp:featuredmedia":[{"embeddable":true,"href":"https:\/\/diariodominicano.com\/index.php?rest_route=\/wp\/v2\/media\/563819"}],"wp:attachment":[{"href":"https:\/\/diariodominicano.com\/index.php?rest_route=%2Fwp%2Fv2%2Fmedia&parent=563815"}],"wp:term":[{"taxonomy":"category","embeddable":true,"href":"https:\/\/diariodominicano.com\/index.php?rest_route=%2Fwp%2Fv2%2Fcategories&post=563815"},{"taxonomy":"post_tag","embeddable":true,"href":"https:\/\/diariodominicano.com\/index.php?rest_route=%2Fwp%2Fv2%2Ftags&post=563815"}],"curies":[{"name":"wp","href":"https:\/\/api.w.org\/{rel}","templated":true}]}}