{"id":56371,"date":"2020-02-12T10:39:17","date_gmt":"2020-02-12T10:39:17","guid":{"rendered":"http:\/\/diariodominicano.ddns.net\/?p=56371"},"modified":"2020-02-12T10:39:17","modified_gmt":"2020-02-12T10:39:17","slug":"ministerio-de-cultura-celebra-el-dia-nacional-del-folklore-con-reconocimientos-a-folkloristas-dominicanos","status":"publish","type":"post","link":"https:\/\/diariodominicano.com\/?p=56371","title":{"rendered":"&#13;Ministerio de Cultura celebra el D\u00eda Nacional del Folklore con reconocimientos a folkloristas dominicanos"},"content":{"rendered":"<p><body><\/p>\n<p><img decoding=\"async\" src=\"img3\/culturafolklr12.JPG\" \/><br \/><img decoding=\"async\" src=\"img3\/Culfolklor12-3.JPG\" \/>  <\/p>\n<p><span class=\"text1noticias\">diariodominicano.com<\/span> <\/p>\n<p><span class=\"text1noticias\"> <\/span><\/p>\n<p><span class=\"text1noticias\">Santo Domingo, R. D., 12 de febrero, 2020.- En el marco del D\u00eda Nacional del Folklore, el Ministerio de Cultura y la Direcci\u00f3n Nacional de Folklore desarrollaron un programa de actividades que incluy\u00f3 la acreditaci\u00f3n de 25 folcloristas, int\u00e9rpretes y m\u00fasicos folkl\u00f3ricos, quienes fueron reconocidos por su labor en beneficio de la promoci\u00f3n de las tradiciones culturales del pueblo dominicano.<\/span><\/p>\n<p><span class=\"text1noticias\"> <\/span><\/p>\n<p><span class=\"text1noticias\">Del mismo modo, se reconoci\u00f3 la labor de nueve folkloristas integrantes de la Mesa Consultora de la Direcci\u00f3n Nacional del Folklore, por su participaci\u00f3n activa y soporte log\u00edstico en la programaci\u00f3n de la entidad. Y se ofreci\u00f3 la conferencia titulada \u00abAcreditaci\u00f3n. Orgullo y compromiso patrio\u00bb, a cargo de la especialista Andreina Jim\u00e9nez.<\/span><\/p>\n<p><span class=\"text1noticias\"> <\/span><\/p>\n<p><span class=\"text1noticias\"> <\/span><\/p>\n<p><span class=\"text1noticias\"> <\/span><\/p>\n<p><span class=\"text1noticias\">Adem\u00e1s, fue otorgado un reconocimiento a la directora del Grupo Caray\u00e1, profesora Francisca Forchue, por sus m\u00e9ritos y dedicaci\u00f3n de gran parte de su vida a la conservaci\u00f3n y difusi\u00f3n de las tradiciones culturales de Saman\u00e1.   <\/span><\/p>\n<p><span class=\"text1noticias\"> <\/span><\/p>\n<p><span class=\"text1noticias\">El acto fue realizado en la Sala Aida Bonelly, del Teatro Nacional, y estuvo encabezado por la viceministra de Identidad Cultural y Ciudadan\u00eda Edili Pichardo, en representaci\u00f3n del ministro de Cultura, arquitecto Eduardo Selman.<\/span><\/p>\n<p><span class=\"text1noticias\"> <\/span><\/p>\n<p><span class=\"text1noticias\">Acompa\u00f1aron a Pichardo, Reyes Moore, director Nacional de Folklore; Manuela Feliz, subdirectora Nacional de Folklore; Edis S\u00e1nchez, director de Participaci\u00f3n Popular, y el presidente de la Federaci\u00f3n de Arte y Cultura, Pedro Julio Quezada.<\/span><\/p>\n<p><span class=\"text1noticias\"> <\/span><\/p>\n<p><span class=\"text1noticias\"> <\/span><\/p>\n<p><span class=\"text1noticias\"> <\/span><\/p>\n<p><span class=\"text1noticias\">Edili Pichardo expres\u00f3 que, una vez m\u00e1s, el Ministerio de Cultura acredita a gestores culturales, en reconocimiento a su ardua labor cultural de difusi\u00f3n del folklor dominicano en las regiones del pa\u00eds. <\/span><\/p>\n<p><span class=\"text1noticias\"> <\/span><\/p>\n<p><span class=\"text1noticias\">Dijo que la iniciativa tiene como prop\u00f3sito respaldar de manera institucional la labor de personas que han dedicado su vida a promover y fortalecer las tradiciones culturales, enfocados en realizar un trabajo serio y comprometido con los grupos folkl\u00f3ricos de todo el pa\u00eds. <\/span><\/p>\n<p><span class=\"text1noticias\"> <\/span><\/p>\n<p><span class=\"text1noticias\">\u00abEs de vital importancia para nosotros que la sociedad reconozca, respete y valore el trabajo que ustedes realizan, sobre todo, con lo j\u00f3venes\u00bb, asegur\u00f3. <\/span><\/p>\n<p><span class=\"text1noticias\"> <\/span><\/p>\n<p><span class=\"text1noticias\">En representaci\u00f3n de los acreditados, habl\u00f3 la folklosista Juana Diosmary Hern\u00e1ndez, quien agradeci\u00f3 al ministro de Cultura, arquitecto Eduardo Selman, por su apoyo a la promoci\u00f3n y difusi\u00f3n de la labor de los folcloristas dominicanos.<\/span><\/p>\n<p><span class=\"text1noticias\"> <\/span><\/p>\n<p><span class=\"text1noticias\">\u00abEn nombre de los acreditados, damos las gracias a los que trabajan d\u00eda a d\u00eda para construir este sue\u00f1o y validar nuestras capacidades\u00b4\u00b4, puntualiz\u00f3.<\/span><\/p>\n<p><span class=\"text1noticias\"> <\/span><\/p>\n<p><span class=\"text1noticias\">El acto concluy\u00f3 con la participaci\u00f3n art\u00edstica del Ballet Folcl\u00f3rico Nacional y la agrupaci\u00f3n Caray\u00e1, de la provincia Saman\u00e1.<\/span><\/p>\n<p><span class=\"text1noticias\"> <\/span><\/p>\n<p><span class=\"text1noticias\"> Fuente: Direcci\u00f3n de Comunicaciones<\/span><\/p>\n<p><span class=\"text1noticias\">Ministerio de Cultura de la Rep\u00fablica Dominicana <\/span><\/p>\n<p><span class=\"text1noticias\">Ministerio de<\/span> Cultura de la Rep\u00fablica Dominicana<\/p>\n<h6> 2020-02-12 10:39:17 <\/h6>\n<p><!--\n<link rel=\"stylesheet\" href=\"css\/bootstrap.min.css\">\n\n\n<ul class=\"pagination\">\n\t    \n\t\n\n<li >\n\t<a href='?page_no=830'>Previous<\/a>\n\t<\/li>\n\n\n       \n    \n\n<li><a href='?page_no=1'>1<\/a><\/li>\n\n\n\n<li><a href='?page_no=2'>2<\/a><\/li>\n\n\n\n<li><a>...<\/a><\/li>\n\n\n\n<li><a href='?page_no=829'>829<\/a><\/li>\n\n\n\n<li><a href='?page_no=830'>830<\/a><\/li>\n\n\n\n<li class='active'><a>831<\/a><\/li>\n\n\n\n<li><a href='?page_no=832'>832<\/a><\/li>\n\n\n\n<li><a href='?page_no=833'>833<\/a><\/li>\n\n\n\n<li><a>...<\/a><\/li>\n\n\n\n<li><a href='?page_no=22911'>22911<\/a><\/li>\n\n\n\n<li><a href='?page_no=22912'>22912<\/a><\/li>\n\n    \n\t\n\n<li >\n\t<a href='?page_no=832'>Next<\/a>\n\t<\/li>\n\n\n    \n\n<li><a href='?page_no=22912'>Last &rsaquo;&rsaquo;<\/a><\/li>\n\n<\/ul>\n\n\n--><br \/>\n<\/body><\/p>\n","protected":false},"excerpt":{"rendered":"<p>diariodominicano.com Santo Domingo, R. D., 12 de febrero, 2020.- En el marco del D\u00eda Nacional del Folklore, el Ministerio de Cultura y la Direcci\u00f3n Nacional de Folklore desarrollaron un programa de actividades que incluy\u00f3 la acreditaci\u00f3n de 25 folcloristas, int\u00e9rpretes y m\u00fasicos folkl\u00f3ricos, quienes fueron reconocidos por su labor en beneficio de la promoci\u00f3n de [&hellip;]<\/p>\n","protected":false},"author":3,"featured_media":0,"comment_status":"open","ping_status":"open","sticky":false,"template":"","format":"standard","meta":{"footnotes":""},"categories":[21],"tags":[],"class_list":["post-56371","post","type-post","status-publish","format-standard","hentry","category-cultura"],"_links":{"self":[{"href":"https:\/\/diariodominicano.com\/index.php?rest_route=\/wp\/v2\/posts\/56371","targetHints":{"allow":["GET"]}}],"collection":[{"href":"https:\/\/diariodominicano.com\/index.php?rest_route=\/wp\/v2\/posts"}],"about":[{"href":"https:\/\/diariodominicano.com\/index.php?rest_route=\/wp\/v2\/types\/post"}],"author":[{"embeddable":true,"href":"https:\/\/diariodominicano.com\/index.php?rest_route=\/wp\/v2\/users\/3"}],"replies":[{"embeddable":true,"href":"https:\/\/diariodominicano.com\/index.php?rest_route=%2Fwp%2Fv2%2Fcomments&post=56371"}],"version-history":[{"count":0,"href":"https:\/\/diariodominicano.com\/index.php?rest_route=\/wp\/v2\/posts\/56371\/revisions"}],"wp:attachment":[{"href":"https:\/\/diariodominicano.com\/index.php?rest_route=%2Fwp%2Fv2%2Fmedia&parent=56371"}],"wp:term":[{"taxonomy":"category","embeddable":true,"href":"https:\/\/diariodominicano.com\/index.php?rest_route=%2Fwp%2Fv2%2Fcategories&post=56371"},{"taxonomy":"post_tag","embeddable":true,"href":"https:\/\/diariodominicano.com\/index.php?rest_route=%2Fwp%2Fv2%2Ftags&post=56371"}],"curies":[{"name":"wp","href":"https:\/\/api.w.org\/{rel}","templated":true}]}}