{"id":56358,"date":"2020-11-03T04:02:31","date_gmt":"2020-11-03T04:02:31","guid":{"rendered":"http:\/\/diariodominicano.ddns.net\/?p=56358"},"modified":"2020-11-03T04:02:31","modified_gmt":"2020-11-03T04:02:31","slug":"trujillo-autoriza-a-militares-participar-en-matanza-de-haitianos","status":"publish","type":"post","link":"https:\/\/diariodominicano.com\/?p=56358","title":{"rendered":"Trujillo autoriza a militares participar en matanza de  haitianos"},"content":{"rendered":"<p><body><\/p>\n<p><img decoding=\"async\" src=\"img3\/trujillo3777.jpg\" \/>  <\/p>\n<p><strong>Diariodominicano.com<\/strong><\/p>\n<p><strong>Trujillo autoriza a militares participar en matanza de  haitianos<\/strong><\/p>\n<p><strong>SANTO DOMINGO,  el  3 de octubre de 1937,<\/strong> los servicios de inteligencia de la dictadura del General\u00edsimo Rafael Le\u00f3nidas Trujillo Molina,  continuaron la matanza de  haitianos y haitianas que eran  localizados en el territorio de la Rep\u00fablica Dominicana.<\/p>\n<\/p>\n<p>    En la persecuci\u00f3n  el r\u00e9gimen involucr\u00f3 a miembros del Ej\u00e9rcito Nacional y a agentes de la Polic\u00eda Nacional.<\/p>\n<\/p>\n<p>     El historiador  estadounidense  Robert Crasswellert, resalta la versi\u00f3n de que: \u00abCon el objeto de probar la alegaci\u00f3n de nacionalidad dominicana que algunos aterrados haitianos clamaban poseer, se adopt\u00f3 una extra\u00f1a y lapidaria pauta. A cada uno de aquellos se le ped\u00eda que pronunciara la palabra peregil, y todos lo que dec\u00edan pelegil eran condenados como haitianos y liquidados sin m\u00e1s\u00bb.<\/p>\n<\/p>\n<p>    La matanza de los haitianos fue autorizada por el dictador Trujillo la noche del d\u00eda 2 de octubre de 1937, en momentos que se encontraba en Montecristi, en la residencia de la se\u00f1ora Isabel Mayer.<\/p>\n<\/p>\n<p>   Trujillo orden\u00f3 la matanza de los haitianos luego que recibi\u00f3 la informaci\u00f3n de que sus agentes secretos en Hait\u00ed,  hab\u00edan sido asesinados en la vecina Rep\u00fablica.<\/p>\n<\/p>\n<p>    La matanza de  haitianos se llev\u00f3 a cabo durante 36 horas a partir de la noche del d\u00eda 2 de octubre de 1937.<\/p>\n<\/p>\n<p>    Acerca del  n\u00famero de haitianos y haitianas que fueron ejecutados hay versiones encontradas. Una da cuenta de que murieron de 5 mil a 25 mil extranjeros, pero el Gobierno haitiano public\u00f3 la cifra de 12 mil, pero luego Trujillo dijo que fueron 18 mil.<\/p>\n<\/p>\n<p>    Otra versi\u00f3n indica que el n\u00famero de muertos fue de 15 mil a 20 mil.<\/p>\n<\/p>\n<h6> 2020-11-03 04:02:31 <\/h6>\n<p><!--\n<link rel=\"stylesheet\" href=\"css\/bootstrap.min.css\">\n\n\n<ul class=\"pagination\">\n\t    \n\t\n\n<li >\n\t<a href='?page_no=82'>Previous<\/a>\n\t<\/li>\n\n\n       \n    \n\n<li><a href='?page_no=1'>1<\/a><\/li>\n\n\n\n<li><a href='?page_no=2'>2<\/a><\/li>\n\n\n\n<li><a>...<\/a><\/li>\n\n\n\n<li><a href='?page_no=81'>81<\/a><\/li>\n\n\n\n<li><a href='?page_no=82'>82<\/a><\/li>\n\n\n\n<li class='active'><a>83<\/a><\/li>\n\n\n\n<li><a href='?page_no=84'>84<\/a><\/li>\n\n\n\n<li><a href='?page_no=85'>85<\/a><\/li>\n\n\n\n<li><a>...<\/a><\/li>\n\n\n\n<li><a href='?page_no=22911'>22911<\/a><\/li>\n\n\n\n<li><a href='?page_no=22912'>22912<\/a><\/li>\n\n    \n\t\n\n<li >\n\t<a href='?page_no=84'>Next<\/a>\n\t<\/li>\n\n\n    \n\n<li><a href='?page_no=22912'>Last &rsaquo;&rsaquo;<\/a><\/li>\n\n<\/ul>\n\n\n--><br \/>\n<\/body><\/p>\n","protected":false},"excerpt":{"rendered":"<p>Diariodominicano.com Trujillo autoriza a militares participar en matanza de haitianos SANTO DOMINGO, el 3 de octubre de 1937, los servicios de inteligencia de la dictadura del General\u00edsimo Rafael Le\u00f3nidas Trujillo Molina, continuaron la matanza de haitianos y haitianas que eran localizados en el territorio de la Rep\u00fablica Dominicana. En la persecuci\u00f3n el r\u00e9gimen involucr\u00f3 a [&hellip;]<\/p>\n","protected":false},"author":3,"featured_media":0,"comment_status":"open","ping_status":"open","sticky":false,"template":"","format":"standard","meta":{"footnotes":""},"categories":[21],"tags":[],"class_list":["post-56358","post","type-post","status-publish","format-standard","hentry","category-cultura"],"_links":{"self":[{"href":"https:\/\/diariodominicano.com\/index.php?rest_route=\/wp\/v2\/posts\/56358","targetHints":{"allow":["GET"]}}],"collection":[{"href":"https:\/\/diariodominicano.com\/index.php?rest_route=\/wp\/v2\/posts"}],"about":[{"href":"https:\/\/diariodominicano.com\/index.php?rest_route=\/wp\/v2\/types\/post"}],"author":[{"embeddable":true,"href":"https:\/\/diariodominicano.com\/index.php?rest_route=\/wp\/v2\/users\/3"}],"replies":[{"embeddable":true,"href":"https:\/\/diariodominicano.com\/index.php?rest_route=%2Fwp%2Fv2%2Fcomments&post=56358"}],"version-history":[{"count":0,"href":"https:\/\/diariodominicano.com\/index.php?rest_route=\/wp\/v2\/posts\/56358\/revisions"}],"wp:attachment":[{"href":"https:\/\/diariodominicano.com\/index.php?rest_route=%2Fwp%2Fv2%2Fmedia&parent=56358"}],"wp:term":[{"taxonomy":"category","embeddable":true,"href":"https:\/\/diariodominicano.com\/index.php?rest_route=%2Fwp%2Fv2%2Fcategories&post=56358"},{"taxonomy":"post_tag","embeddable":true,"href":"https:\/\/diariodominicano.com\/index.php?rest_route=%2Fwp%2Fv2%2Ftags&post=56358"}],"curies":[{"name":"wp","href":"https:\/\/api.w.org\/{rel}","templated":true}]}}