{"id":563556,"date":"2024-10-02T19:08:50","date_gmt":"2024-10-02T23:08:50","guid":{"rendered":"https:\/\/diariodominicano.com\/?p=563556"},"modified":"2026-01-02T18:26:53","modified_gmt":"2026-01-02T22:26:53","slug":"haran-3era-feria-de-artesania-y-arte-de-rd-en-canada","status":"publish","type":"post","link":"https:\/\/diariodominicano.com\/?p=563556","title":{"rendered":"Anuncian har\u00e1n 3era feria de artesan\u00eda y arte de RD en Canad\u00e1"},"content":{"rendered":"\n<p>Casa Dominicana Juan Pablo Duarte y Herencia Hispana Quebec, junto a ProArtesaniaRD y FEDARTERD\u00a0\u2002<\/p>\n\n\n\n<p>QU\u00c9BEC, Canad\u00e1.- Aseguran que la 3era Feria de Artesan\u00eda y Arte de Rep\u00fablica Dominicana ser\u00e1 una gran fiesta de la cultura y una oportunidad para promocionar el pa\u00eds en la 2da naci\u00f3n mayor emisora de turistas a nuestro territorio, despu\u00e9s de los Estados Unidos.&nbsp;<\/p>\n\n\n\n<p>\u00abEn el marco del Mes de la Herencia Hispana en Canad\u00e1, es un honor unirnos a la Casa Dominicana Juan Pablo Duarte de Montreal, creando por tercer a\u00f1o consecutivo, CultuRencia, del 9 al 14 de octubre.\u00bb Sostiene Herencia Hispana Quebec.\u00a0<\/p>\n\n\n\n<p>A\u00f1ade que ser\u00e1 un evento \u00fanico en su tipo, donde este a\u00f1o rendimos homenaje a la belleza de la\u00a0 artesan\u00eda y la calidad de la pintura dominicana, reconociendo su valor como una expresi\u00f3n viva de nuestra cultura y tradiciones.<\/p>\n\n\n\n<p>Contaremos con la participaci\u00f3n de m\u00e1s de 15 artesanos que llegar\u00e1n directamente desde la Rep\u00fablica Dominicana, trayendo consigo no solo piezas de arte, sino un pedazo de historia y saberes transmitidos de generaci\u00f3n en generaci\u00f3n.<\/p>\n\n\n\n<p>Tambi\u00e9n, contaremos con una Exposici\u00f3n Colectiva de Pinturas, con m\u00e1s de 20 obras de artistas pl\u00e1sticos criollos, algunos de los cuales han expuesto sus obras en la Red Dot en Miami y el Carrousel del Louvre en Par\u00eds.&nbsp;<\/p>\n\n\n\n<figure class=\"wp-block-gallery has-nested-images columns-default is-cropped wp-block-gallery-1 is-layout-flex wp-block-gallery-is-layout-flex\">\n<figure class=\"wp-block-image size-large\"><img loading=\"lazy\" decoding=\"async\" width=\"715\" height=\"774\" data-id=\"563583\" src=\"https:\/\/diariodominicano.com\/wp-content\/uploads\/2024\/10\/Haran-3era-feria-de-artesania-y-arte-de-RD.jpg\" alt=\"\" class=\"wp-image-563583\" srcset=\"https:\/\/diariodominicano.com\/wp-content\/uploads\/2024\/10\/Haran-3era-feria-de-artesania-y-arte-de-RD.jpg 715w, https:\/\/diariodominicano.com\/wp-content\/uploads\/2024\/10\/Haran-3era-feria-de-artesania-y-arte-de-RD-277x300.jpg 277w\" sizes=\"auto, (max-width: 715px) 100vw, 715px\" \/><\/figure>\n<\/figure>\n\n\n\n<p>El 12 de octubre haremos una verdadera celebraci\u00f3n de la raza y el mestizaje, donde cada pieza artesanal y cada pintura narrar\u00e1 la historia de nuestros pueblos, nuestras ra\u00edces y nuestro recorrido por el mundo.\u00a0<\/p>\n\n\n\n<figure class=\"wp-block-gallery has-nested-images columns-default is-cropped wp-block-gallery-2 is-layout-flex wp-block-gallery-is-layout-flex\">\n<figure class=\"wp-block-image size-large\"><img loading=\"lazy\" decoding=\"async\" width=\"800\" height=\"750\" data-id=\"563586\" src=\"https:\/\/diariodominicano.com\/wp-content\/uploads\/2024\/10\/Haran-3era-feria-de-artesania-y-arte-de-RD-Canada.jpg\" alt=\"\" class=\"wp-image-563586\" srcset=\"https:\/\/diariodominicano.com\/wp-content\/uploads\/2024\/10\/Haran-3era-feria-de-artesania-y-arte-de-RD-Canada.jpg 800w, https:\/\/diariodominicano.com\/wp-content\/uploads\/2024\/10\/Haran-3era-feria-de-artesania-y-arte-de-RD-Canada-300x281.jpg 300w, https:\/\/diariodominicano.com\/wp-content\/uploads\/2024\/10\/Haran-3era-feria-de-artesania-y-arte-de-RD-Canada-768x720.jpg 768w\" sizes=\"auto, (max-width: 800px) 100vw, 800px\" \/><\/figure>\n<\/figure>\n\n\n\n<p>La artesan\u00eda latinoamericana no es solo una manifestaci\u00f3n creativa, sino un testimonio del ingenio y resistencia de nuestras comunidades.<\/p>\n\n\n\n<figure class=\"wp-block-gallery has-nested-images columns-default is-cropped wp-block-gallery-3 is-layout-flex wp-block-gallery-is-layout-flex\">\n<figure class=\"wp-block-image size-large\"><img loading=\"lazy\" decoding=\"async\" width=\"741\" height=\"581\" data-id=\"563585\" src=\"https:\/\/diariodominicano.com\/wp-content\/uploads\/2024\/10\/Haran-3era-feria-artesania-y-arte-RD-en-Canada.jpg\" alt=\"\" class=\"wp-image-563585\" srcset=\"https:\/\/diariodominicano.com\/wp-content\/uploads\/2024\/10\/Haran-3era-feria-artesania-y-arte-RD-en-Canada.jpg 741w, https:\/\/diariodominicano.com\/wp-content\/uploads\/2024\/10\/Haran-3era-feria-artesania-y-arte-RD-en-Canada-300x235.jpg 300w\" sizes=\"auto, (max-width: 741px) 100vw, 741px\" \/><\/figure>\n<\/figure>\n\n\n\n<p>En este Mes de la Herencia Hispana, que celebramos en todo Canad\u00e1, queremos abrir el espacio para que la gastron\u00f3mia y artesan\u00edas locales se unan a nosotros y muestren el arte que late en cada rinc\u00f3n de Latinoam\u00e9rica.&nbsp;<\/p>\n\n\n\n<p>Es un momento de uni\u00f3n, de compartir nuestras tradiciones y construir puentes entre culturas.<\/p>\n\n\n\n<figure class=\"wp-block-gallery has-nested-images columns-default is-cropped wp-block-gallery-4 is-layout-flex wp-block-gallery-is-layout-flex\">\n<figure class=\"wp-block-image size-large\"><img loading=\"lazy\" decoding=\"async\" width=\"777\" height=\"781\" data-id=\"563584\" src=\"https:\/\/diariodominicano.com\/wp-content\/uploads\/2024\/10\/Haran-3era-feria-artesania-y-arte-de-RD.jpg\" alt=\"\" class=\"wp-image-563584\" srcset=\"https:\/\/diariodominicano.com\/wp-content\/uploads\/2024\/10\/Haran-3era-feria-artesania-y-arte-de-RD.jpg 777w, https:\/\/diariodominicano.com\/wp-content\/uploads\/2024\/10\/Haran-3era-feria-artesania-y-arte-de-RD-298x300.jpg 298w, https:\/\/diariodominicano.com\/wp-content\/uploads\/2024\/10\/Haran-3era-feria-artesania-y-arte-de-RD-150x150.jpg 150w, https:\/\/diariodominicano.com\/wp-content\/uploads\/2024\/10\/Haran-3era-feria-artesania-y-arte-de-RD-768x772.jpg 768w, https:\/\/diariodominicano.com\/wp-content\/uploads\/2024\/10\/Haran-3era-feria-artesania-y-arte-de-RD-88x88.jpg 88w\" sizes=\"auto, (max-width: 777px) 100vw, 777px\" \/><\/figure>\n<\/figure>\n\n\n\n<p>Este evento representa la riqueza multicultural de Canad\u00e1, un pa\u00eds que ha abierto sus puertas a nuestras comunidades latinas, permiti\u00e9ndonos florecer y contribuir con nuestra cultura al mosaico diverso que lo caracteriza.&nbsp;<\/p>\n\n\n\n<p>Queremos que este encuentro no solo sea una ventana hacia la artesan\u00eda dominicana, sino una plataforma para celebrar la herencia hispana en su totalidad: desde el arte, la m\u00fasica, la gastronom\u00eda, hasta las historias que tejemos d\u00eda a d\u00eda en este territorio.<\/p>\n\n\n\n<figure class=\"wp-block-gallery has-nested-images columns-default is-cropped wp-block-gallery-5 is-layout-flex wp-block-gallery-is-layout-flex\">\n<figure class=\"wp-block-image size-large\"><img loading=\"lazy\" decoding=\"async\" width=\"800\" height=\"794\" data-id=\"563589\" src=\"https:\/\/diariodominicano.com\/wp-content\/uploads\/2024\/10\/Haran-3era-feria-de-artesania-y-arte-de-RD-en-Canada.jpg\" alt=\"\" class=\"wp-image-563589\" srcset=\"https:\/\/diariodominicano.com\/wp-content\/uploads\/2024\/10\/Haran-3era-feria-de-artesania-y-arte-de-RD-en-Canada.jpg 800w, https:\/\/diariodominicano.com\/wp-content\/uploads\/2024\/10\/Haran-3era-feria-de-artesania-y-arte-de-RD-en-Canada-300x298.jpg 300w, https:\/\/diariodominicano.com\/wp-content\/uploads\/2024\/10\/Haran-3era-feria-de-artesania-y-arte-de-RD-en-Canada-150x150.jpg 150w, https:\/\/diariodominicano.com\/wp-content\/uploads\/2024\/10\/Haran-3era-feria-de-artesania-y-arte-de-RD-en-Canada-768x762.jpg 768w, https:\/\/diariodominicano.com\/wp-content\/uploads\/2024\/10\/Haran-3era-feria-de-artesania-y-arte-de-RD-en-Canada-88x88.jpg 88w\" sizes=\"auto, (max-width: 800px) 100vw, 800px\" \/><\/figure>\n<\/figure>\n\n\n\n<p>Invitamos a todos los interesados a unirse a nosotros, trayendo sus productos, saberes y talentos.\u00a0<\/p>\n\n\n\n<figure class=\"wp-block-gallery has-nested-images columns-default is-cropped wp-block-gallery-6 is-layout-flex wp-block-gallery-is-layout-flex\">\n<figure class=\"wp-block-image size-large\"><img loading=\"lazy\" decoding=\"async\" width=\"800\" height=\"815\" data-id=\"563587\" src=\"https:\/\/diariodominicano.com\/wp-content\/uploads\/2024\/10\/Haran-3era-feria-artesania-y-arte-de-RD-Canada.jpg\" alt=\"\" class=\"wp-image-563587\" srcset=\"https:\/\/diariodominicano.com\/wp-content\/uploads\/2024\/10\/Haran-3era-feria-artesania-y-arte-de-RD-Canada.jpg 800w, https:\/\/diariodominicano.com\/wp-content\/uploads\/2024\/10\/Haran-3era-feria-artesania-y-arte-de-RD-Canada-294x300.jpg 294w, https:\/\/diariodominicano.com\/wp-content\/uploads\/2024\/10\/Haran-3era-feria-artesania-y-arte-de-RD-Canada-768x782.jpg 768w\" sizes=\"auto, (max-width: 800px) 100vw, 800px\" \/><\/figure>\n<\/figure>\n\n\n\n<p>Para participar o colaborar, pueden contactarnos al correo&nbsp;<a href=\"mailto:osbl.hhq@gmail.com\" rel=\"noreferrer noopener\" target=\"_blank\">osbl.hhq@gmail.com<\/a><\/p>\n\n\n\n<p>Ven y celebremos juntos la grandeza de nuestra herencia y el orgullo de ser parte de la comunidad hispana en Canad\u00e1!<\/p>\n\n\n\n<figure class=\"wp-block-gallery has-nested-images columns-default is-cropped wp-block-gallery-7 is-layout-flex wp-block-gallery-is-layout-flex\">\n<figure class=\"wp-block-image size-large\"><img loading=\"lazy\" decoding=\"async\" width=\"640\" height=\"1024\" data-id=\"563588\" src=\"https:\/\/diariodominicano.com\/wp-content\/uploads\/2024\/10\/Haran-3era-feria-de-artesania-Y-arte-de-RD-en-Canada-ProArtesaniaRD-640x1024.jpg\" alt=\"\" class=\"wp-image-563588\" srcset=\"https:\/\/diariodominicano.com\/wp-content\/uploads\/2024\/10\/Haran-3era-feria-de-artesania-Y-arte-de-RD-en-Canada-ProArtesaniaRD-640x1024.jpg 640w, https:\/\/diariodominicano.com\/wp-content\/uploads\/2024\/10\/Haran-3era-feria-de-artesania-Y-arte-de-RD-en-Canada-ProArtesaniaRD-188x300.jpg 188w, https:\/\/diariodominicano.com\/wp-content\/uploads\/2024\/10\/Haran-3era-feria-de-artesania-Y-arte-de-RD-en-Canada-ProArtesaniaRD-768x1229.jpg 768w, https:\/\/diariodominicano.com\/wp-content\/uploads\/2024\/10\/Haran-3era-feria-de-artesania-Y-arte-de-RD-en-Canada-ProArtesaniaRD.jpg 800w\" sizes=\"auto, (max-width: 640px) 100vw, 640px\" \/><\/figure>\n<\/figure>\n\n\n\n<p>Agradecemos a la&nbsp; delegaci\u00f3n que tendremos desde Rep\u00fablica Dominicana:<\/p>\n\n\n\n<p>DELEGACI\u00d3N DOMINICANA&nbsp;<\/p>\n\n\n\n<p>CANAD\u00c1 2024<\/p>\n\n\n\n<p><img decoding=\"async\" alt=\"\u25aa\" src=\"https:\/\/fonts.gstatic.com\/s\/e\/notoemoji\/15.1\/25aa\/32.png\">\ufe0eFAUSTO ARAUJO\/<\/p>\n\n\n\n<p>&nbsp; &nbsp; Presidente ProArtesaniaRD&nbsp;<\/p>\n\n\n\n<p>&nbsp; &nbsp; Coordinador Delegaci\u00f3n&nbsp;<\/p>\n\n\n\n<p><img decoding=\"async\" alt=\"\u25aa\" src=\"https:\/\/fonts.gstatic.com\/s\/e\/notoemoji\/15.1\/25aa\/32.png\">\ufe0ePEDRO CASTRO \/<\/p>\n\n\n\n<p>&nbsp; &nbsp; Presidente Federaci\u00f3n Artesanos,<\/p>\n\n\n\n<p>\u00a0 \u00a0 Artesan\u00eda en madera <\/p>\n\n\n\n<p>\u2002Coordinador<\/p>\n\n\n\n<p><img decoding=\"async\" alt=\"\u25aa\" src=\"https:\/\/fonts.gstatic.com\/s\/e\/notoemoji\/15.1\/25aa\/32.png\">\ufe0eSOBEIDA LORA \/<\/p>\n\n\n\n<p>&nbsp; &nbsp; Joyer\u00eda en Larimar y Ambar&nbsp;<\/p>\n\n\n\n<p><img decoding=\"async\" alt=\"\u25aa\" src=\"https:\/\/fonts.gstatic.com\/s\/e\/notoemoji\/15.1\/25aa\/32.png\">\ufe0eDAYSI DE LA CRUZ \/<\/p>\n\n\n\n<p>&nbsp; &nbsp; Artesan\u00eda en piel<\/p>\n\n\n\n<p><img decoding=\"async\" alt=\"\u25aa\" src=\"https:\/\/fonts.gstatic.com\/s\/e\/notoemoji\/15.1\/25aa\/32.png\">\ufe0eJORGE PERALTA \/<\/p>\n\n\n\n<p>&nbsp; &nbsp; Artesan\u00eda en madera<\/p>\n\n\n\n<p><img decoding=\"async\" alt=\"\u25aa\" src=\"https:\/\/fonts.gstatic.com\/s\/e\/notoemoji\/15.1\/25aa\/32.png\">\ufe0eRODY TRAVEL \/<\/p>\n\n\n\n<p><img decoding=\"async\" alt=\"\u25aa\" src=\"https:\/\/fonts.gstatic.com\/s\/e\/notoemoji\/15.1\/25aa\/32.png\">\ufe0eTERESA RUIZ \/<\/p>\n\n\n\n<p>&nbsp; &nbsp; Artesan\u00eda en higueros y collares<\/p>\n\n\n\n<p><img decoding=\"async\" alt=\"\u25aa\" src=\"https:\/\/fonts.gstatic.com\/s\/e\/notoemoji\/15.1\/25aa\/32.png\">\ufe0eJOS\u00c9 DAMIAN MATIAS LANTIGUA\/<\/p>\n\n\n\n<p>\u00a0 \u00a0 Artesan\u00edas en madera, mu\u00f1ecas Sin Rostro, tasas, cafeteras&#8230;.. <\/p>\n\n\n\n<p><img decoding=\"async\" alt=\"\u25aa\" src=\"https:\/\/fonts.gstatic.com\/s\/e\/notoemoji\/15.1\/25aa\/32.png\">\ufe0eROSA JIM\u00c9NEZ \/<\/p>\n\n\n\n<p>&nbsp; &nbsp; Artesan\u00edas en Ambar y Larimar&nbsp;<\/p>\n\n\n\n<p><img decoding=\"async\" alt=\"\u25aa\" src=\"https:\/\/fonts.gstatic.com\/s\/e\/notoemoji\/15.1\/25aa\/32.png\">\ufe0eESTEBAN LACHAPELLE \/<\/p>\n\n\n\n<p>&nbsp; &nbsp; Artista pl\u00e1stico \/ Responsable, junto a<\/p>\n\n\n\n<p>\u00a0<img decoding=\"async\" src=\"https:\/\/fonts.gstatic.com\/s\/e\/notoemoji\/15.1\/25aa\/32.png\" alt=\"\u25aa\">Fausto Araujo de la Exposici\u00f3n Colectiva\u00a0 de pinturas [cerca de 30 obras]<\/p>\n\n\n\n<p>Tambi\u00e9n,&nbsp; Manuel Arvelo, Julian Rodriguez,&nbsp; Ram\u00f3n de la Rosa y m\u00e1s de 20 artistas pl\u00e1sticos.&nbsp;<\/p>\n\n\n\n<p><strong>Fausto Araujo<\/strong>\u00a0&lt;faraujo22@hotmail.com> <\/p>\n","protected":false},"excerpt":{"rendered":"<p>Casa Dominicana Juan Pablo Duarte y Herencia Hispana Quebec, junto a ProArtesaniaRD y FEDARTERD\u00a0\u2002 QU\u00c9BEC, Canad\u00e1.- Aseguran que la 3era Feria de Artesan\u00eda y Arte de Rep\u00fablica Dominicana ser\u00e1 una gran fiesta de la cultura y una oportunidad para promocionar el pa\u00eds en la 2da naci\u00f3n mayor emisora de turistas a nuestro territorio, despu\u00e9s de [&hellip;]<\/p>\n","protected":false},"author":7,"featured_media":563582,"comment_status":"closed","ping_status":"closed","sticky":false,"template":"","format":"standard","meta":{"footnotes":""},"categories":[21,32],"tags":[313,315,314,312],"class_list":["post-563556","post","type-post","status-publish","format-standard","has-post-thumbnail","hentry","category-cultura","category-turismo","tag-3era-feria-de-artesania","tag-arte","tag-canada","tag-rd"],"_links":{"self":[{"href":"https:\/\/diariodominicano.com\/index.php?rest_route=\/wp\/v2\/posts\/563556","targetHints":{"allow":["GET"]}}],"collection":[{"href":"https:\/\/diariodominicano.com\/index.php?rest_route=\/wp\/v2\/posts"}],"about":[{"href":"https:\/\/diariodominicano.com\/index.php?rest_route=\/wp\/v2\/types\/post"}],"author":[{"embeddable":true,"href":"https:\/\/diariodominicano.com\/index.php?rest_route=\/wp\/v2\/users\/7"}],"replies":[{"embeddable":true,"href":"https:\/\/diariodominicano.com\/index.php?rest_route=%2Fwp%2Fv2%2Fcomments&post=563556"}],"version-history":[{"count":3,"href":"https:\/\/diariodominicano.com\/index.php?rest_route=\/wp\/v2\/posts\/563556\/revisions"}],"predecessor-version":[{"id":563602,"href":"https:\/\/diariodominicano.com\/index.php?rest_route=\/wp\/v2\/posts\/563556\/revisions\/563602"}],"wp:featuredmedia":[{"embeddable":true,"href":"https:\/\/diariodominicano.com\/index.php?rest_route=\/wp\/v2\/media\/563582"}],"wp:attachment":[{"href":"https:\/\/diariodominicano.com\/index.php?rest_route=%2Fwp%2Fv2%2Fmedia&parent=563556"}],"wp:term":[{"taxonomy":"category","embeddable":true,"href":"https:\/\/diariodominicano.com\/index.php?rest_route=%2Fwp%2Fv2%2Fcategories&post=563556"},{"taxonomy":"post_tag","embeddable":true,"href":"https:\/\/diariodominicano.com\/index.php?rest_route=%2Fwp%2Fv2%2Ftags&post=563556"}],"curies":[{"name":"wp","href":"https:\/\/api.w.org\/{rel}","templated":true}]}}