{"id":563554,"date":"2024-10-02T18:19:49","date_gmt":"2024-10-02T22:19:49","guid":{"rendered":"https:\/\/diariodominicano.com\/?p=563554"},"modified":"2024-10-02T22:15:16","modified_gmt":"2024-10-03T02:15:16","slug":"republica-dominicana-se-convierte-en-el-primer-pais-del-mundo-en-firmar-la-alianza-para-la-atencion-primaria-en-salud","status":"publish","type":"post","link":"https:\/\/diariodominicano.com\/?p=563554","title":{"rendered":"Ministro de Salud informa RD se convierte en el primer pa\u00eds del mundo en firmar la Alianza para la Atenci\u00f3n Primaria en Salud"},"content":{"rendered":"\n<p>Washington D. C.- El ministro de Salud, doctor V\u00edctor Atallah, anunci\u00f3 que la Rep\u00fablica Dominicana pas\u00f3 a ser el primer pa\u00eds del mundo en firmar el acuerdo de la \u00abAlianza para la Atenci\u00f3n Primaria en Salud\u00bb. Esta r\u00fabrica es muestra del liderazgo del Ministerio de Salud P\u00fablica (MSP) y del compromiso de fortalecer la atenci\u00f3n de los sistemas de salud en el pa\u00eds.<\/p>\n\n\n\n<p>El acuerdo fue firmado conjuntamente con la Organizaci\u00f3n Panamericana de la Salud (OPS), el Banco Interamericano de Desarrollo (BID) y el Banco Mundial en Am\u00e9rica Latina y el Caribe, con el apoyo del Servicio Nacional de Salud (SNS).<\/p>\n\n\n\n<p>El objetivo es continuar fortaleciendo el sistema de salud, optimizar los diferentes programas de atenci\u00f3n materna, avanzar en salud digital y mantener el control de las diferentes enfermedades no transmisibles.<\/p>\n\n\n\n<p>El ministro de Salud, V\u00edctor Atallah, subray\u00f3 la importancia de la atenci\u00f3n primaria, calific\u00e1ndola como la \u00abpuerta principal\u00bb para garantizar la salud de la poblaci\u00f3n dominicana, un objetivo apoyado por el presidente de la Rep\u00fablica, Luis Abinader. Atallah destac\u00f3 el respaldo del Servicio Nacional de Salud (SNS) y diversos sectores que han luchado por la implementaci\u00f3n efectiva de este enfoque en todo el pa\u00eds.<\/p>\n\n\n\n<p>Adem\u00e1s, se\u00f1al\u00f3 que la meta es establecer un sistema inclusivo y centrado en las personas, asegurando que nadie quede atr\u00e1s. Durante su intervenci\u00f3n ante representantes del BID y el Banco Mundial, Atallah enfatiz\u00f3 la necesidad de que las instituciones transmitan un mensaje de apoyo a los ciudadanos para ganar su confianza y trabajar conjuntamente en mejorar la atenci\u00f3n primaria.<\/p>\n\n\n\n<p>De igual manera, el director del Servicio Nacional de Salud, Mario Lama, destac\u00f3 que, \u201cLa Rep\u00fablica Dominicana est\u00e1 comprometida con la APS y este encuentro marca un hito para relanzar la estrategia de APS en el pa\u00eds.\u201d<\/p>\n\n\n\n<figure class=\"wp-block-gallery has-nested-images columns-default is-cropped wp-block-gallery-1 is-layout-flex wp-block-gallery-is-layout-flex\">\n<figure class=\"wp-block-image size-large\"><img loading=\"lazy\" decoding=\"async\" width=\"1024\" height=\"683\" data-id=\"563578\" src=\"https:\/\/diariodominicano.com\/wp-content\/uploads\/2024\/10\/Republica-Dominicana-se-convierte-en-el-primer-pais-del-mundo-en-firmar-la-Alianza-para-Atencion-Primaria-en-Salud-1024x683.jpeg\" alt=\"\" class=\"wp-image-563578\" srcset=\"https:\/\/diariodominicano.com\/wp-content\/uploads\/2024\/10\/Republica-Dominicana-se-convierte-en-el-primer-pais-del-mundo-en-firmar-la-Alianza-para-Atencion-Primaria-en-Salud-1024x683.jpeg 1024w, https:\/\/diariodominicano.com\/wp-content\/uploads\/2024\/10\/Republica-Dominicana-se-convierte-en-el-primer-pais-del-mundo-en-firmar-la-Alianza-para-Atencion-Primaria-en-Salud-300x200.jpeg 300w, https:\/\/diariodominicano.com\/wp-content\/uploads\/2024\/10\/Republica-Dominicana-se-convierte-en-el-primer-pais-del-mundo-en-firmar-la-Alianza-para-Atencion-Primaria-en-Salud-768x512.jpeg 768w, https:\/\/diariodominicano.com\/wp-content\/uploads\/2024\/10\/Republica-Dominicana-se-convierte-en-el-primer-pais-del-mundo-en-firmar-la-Alianza-para-Atencion-Primaria-en-Salud-1536x1024.jpeg 1536w, https:\/\/diariodominicano.com\/wp-content\/uploads\/2024\/10\/Republica-Dominicana-se-convierte-en-el-primer-pais-del-mundo-en-firmar-la-Alianza-para-Atencion-Primaria-en-Salud-2048x1365.jpeg 2048w, https:\/\/diariodominicano.com\/wp-content\/uploads\/2024\/10\/Republica-Dominicana-se-convierte-en-el-primer-pais-del-mundo-en-firmar-la-Alianza-para-Atencion-Primaria-en-Salud-816x544.jpeg 816w\" sizes=\"auto, (max-width: 1024px) 100vw, 1024px\" \/><\/figure>\n<\/figure>\n\n\n\n<p>Mientras que, Jaime Saavedra, director de Desarrollo Humano para Am\u00e9rica Latina y el Caribe del Banco Mundial, indic\u00f3 que \u201cLa Rep\u00fablica Dominicana es un excelente socio para visibilizar y reflejar el potencial de la Alianza. El dise\u00f1o y aprobaci\u00f3n del Plan Estrat\u00e9gico Nacional de Salud 2030, que sit\u00faa la APS como eje fundamental, tiene un fuerte apoyo pol\u00edtico del presidente y del ejecutivo y ser\u00e1 vital para abordar el reto de mejorar la salud materno-infantil y las enfermedades no transmisibles que aquejan al pa\u00eds\u00bb.<\/p>\n\n\n\n<p>De su lado, Pablo Ibarrar\u00e1n, jefe de la divisi\u00f3n de Protecci\u00f3n Social y Salud del BID, destac\u00f3 que, \u201cDesde el BID estamos comprometidos con la Alianza por la Atenci\u00f3n Primaria en Am\u00e9rica Latina, y celebramos la iniciativa de Rep\u00fablica Dominicana de convocar esta Mesa Consultiva, que marca un modelo c\u00f3mo la Alianza puede implementarse de manera efectiva en los pa\u00edses. Este espacio estrat\u00e9gico es clave porque alinea los esfuerzos de la OPS, el BID, y el Banco Mundial con las prioridades del pa\u00eds\u201d.<\/p>\n\n\n\n<p>El acuerdo reforzar\u00e1 la coordinaci\u00f3n de fondos, proyectos y programas con la Estrategia Nacional de Desarrollo (END) 2030, las metas del Programa de Gobierno 2020-2024, el Plan Nacional Plurianual del Sector P\u00fablico (PNPSP) 2021-2024 de la Rep\u00fablica Dominicana, del Plan Estrat\u00e9gico Nacional de Salud 2030 (PLANDES 2030) y la Agenda 2030 para el Desarrollo Sostenible, facilitando la acci\u00f3n que oriente y articule las inversiones en la salud, aproveche la innovaci\u00f3n y acelere la transformaci\u00f3n de los sistemas de salud, sobre la base del enfoque de la Atenci\u00f3n Primaria de Salud (APS).<\/p>\n\n\n\n<figure class=\"wp-block-gallery has-nested-images columns-default is-cropped wp-block-gallery-2 is-layout-flex wp-block-gallery-is-layout-flex\">\n<figure class=\"wp-block-image size-large\"><img loading=\"lazy\" decoding=\"async\" width=\"1024\" height=\"683\" data-id=\"563578\" src=\"https:\/\/diariodominicano.com\/wp-content\/uploads\/2024\/10\/Republica-Dominicana-se-convierte-en-el-primer-pais-del-mundo-en-firmar-la-Alianza-para-Atencion-Primaria-en-Salud-1024x683.jpeg\" alt=\"\" class=\"wp-image-563578\" srcset=\"https:\/\/diariodominicano.com\/wp-content\/uploads\/2024\/10\/Republica-Dominicana-se-convierte-en-el-primer-pais-del-mundo-en-firmar-la-Alianza-para-Atencion-Primaria-en-Salud-1024x683.jpeg 1024w, https:\/\/diariodominicano.com\/wp-content\/uploads\/2024\/10\/Republica-Dominicana-se-convierte-en-el-primer-pais-del-mundo-en-firmar-la-Alianza-para-Atencion-Primaria-en-Salud-300x200.jpeg 300w, https:\/\/diariodominicano.com\/wp-content\/uploads\/2024\/10\/Republica-Dominicana-se-convierte-en-el-primer-pais-del-mundo-en-firmar-la-Alianza-para-Atencion-Primaria-en-Salud-768x512.jpeg 768w, https:\/\/diariodominicano.com\/wp-content\/uploads\/2024\/10\/Republica-Dominicana-se-convierte-en-el-primer-pais-del-mundo-en-firmar-la-Alianza-para-Atencion-Primaria-en-Salud-1536x1024.jpeg 1536w, https:\/\/diariodominicano.com\/wp-content\/uploads\/2024\/10\/Republica-Dominicana-se-convierte-en-el-primer-pais-del-mundo-en-firmar-la-Alianza-para-Atencion-Primaria-en-Salud-2048x1365.jpeg 2048w, https:\/\/diariodominicano.com\/wp-content\/uploads\/2024\/10\/Republica-Dominicana-se-convierte-en-el-primer-pais-del-mundo-en-firmar-la-Alianza-para-Atencion-Primaria-en-Salud-816x544.jpeg 816w\" sizes=\"auto, (max-width: 1024px) 100vw, 1024px\" \/><\/figure>\n<\/figure>\n\n\n\n<p>Director OPS destaca cooperaci\u00f3n estrat\u00e9gica con RD<\/p>\n\n\n\n<p>Al presentar el informe anual de su gesti\u00f3n, el doctor Jarbas Barbosa, director de OPS, destac\u00f3 que la cooperaci\u00f3n estrat\u00e9gica entre el BID, y la OPS, ha creado una visi\u00f3n unificada hacia una atenci\u00f3n primaria de salud para aumentar el acceso a los servicios de salud y contribuya a fortalecer el sistema sanitario en Rep\u00fablica Dominicana.<\/p>\n\n\n\n<p>Tambi\u00e9n se refiri\u00f3 a que por medio de esa cooperaci\u00f3n se han generado inversiones dirigidas a programas de atenci\u00f3n de salud materna, salud digital y control de enfermedades no transmisibles bajo un nuevo mecanismo de cooperaci\u00f3n y coordinaci\u00f3n.<\/p>\n\n\n\n<p>Precis\u00f3 que, \u00abLa atenci\u00f3n primaria es un instrumento para la equidad y nuestra primera l\u00ednea de defensa contra las brechas en el acceso a servicios de calidad, y a mejor inversi\u00f3n para optimizar los indicadores de salud, ya que representa la columna vertebral de todos los sistemas de salud\u00bb.<\/p>\n\n\n\n<p>El 61.\u00ba Consejo Directivo de la Organizaci\u00f3n Panamericana de la Salud (OPS) se desarrolla en la sede del organismo en Washington. Este es uno de los cuerpos directivos de la OPS que re\u00fane a las m\u00e1ximas autoridades de salud de las Am\u00e9ricas para debatir y analizar pol\u00edticas, y fijar prioridades de cooperaci\u00f3n t\u00e9cnica y de colaboraci\u00f3n.<\/p>\n\n\n\n<p>Presidencia RD <\/p>\n","protected":false},"excerpt":{"rendered":"<p>Washington D. C.- El ministro de Salud, doctor V\u00edctor Atallah, anunci\u00f3 que la Rep\u00fablica Dominicana pas\u00f3 a ser el primer pa\u00eds del mundo en firmar el acuerdo de la \u00abAlianza para la Atenci\u00f3n Primaria en Salud\u00bb. Esta r\u00fabrica es muestra del liderazgo del Ministerio de Salud P\u00fablica (MSP) y del compromiso de fortalecer la atenci\u00f3n [&hellip;]<\/p>\n","protected":false},"author":7,"featured_media":563580,"comment_status":"closed","ping_status":"closed","sticky":false,"template":"","format":"standard","meta":{"footnotes":""},"categories":[36],"tags":[197],"class_list":["post-563554","post","type-post","status-publish","format-standard","has-post-thumbnail","hentry","category-hombresmujeresycosas","tag-republica-dominicana"],"_links":{"self":[{"href":"https:\/\/diariodominicano.com\/index.php?rest_route=\/wp\/v2\/posts\/563554","targetHints":{"allow":["GET"]}}],"collection":[{"href":"https:\/\/diariodominicano.com\/index.php?rest_route=\/wp\/v2\/posts"}],"about":[{"href":"https:\/\/diariodominicano.com\/index.php?rest_route=\/wp\/v2\/types\/post"}],"author":[{"embeddable":true,"href":"https:\/\/diariodominicano.com\/index.php?rest_route=\/wp\/v2\/users\/7"}],"replies":[{"embeddable":true,"href":"https:\/\/diariodominicano.com\/index.php?rest_route=%2Fwp%2Fv2%2Fcomments&post=563554"}],"version-history":[{"count":2,"href":"https:\/\/diariodominicano.com\/index.php?rest_route=\/wp\/v2\/posts\/563554\/revisions"}],"predecessor-version":[{"id":563609,"href":"https:\/\/diariodominicano.com\/index.php?rest_route=\/wp\/v2\/posts\/563554\/revisions\/563609"}],"wp:featuredmedia":[{"embeddable":true,"href":"https:\/\/diariodominicano.com\/index.php?rest_route=\/wp\/v2\/media\/563580"}],"wp:attachment":[{"href":"https:\/\/diariodominicano.com\/index.php?rest_route=%2Fwp%2Fv2%2Fmedia&parent=563554"}],"wp:term":[{"taxonomy":"category","embeddable":true,"href":"https:\/\/diariodominicano.com\/index.php?rest_route=%2Fwp%2Fv2%2Fcategories&post=563554"},{"taxonomy":"post_tag","embeddable":true,"href":"https:\/\/diariodominicano.com\/index.php?rest_route=%2Fwp%2Fv2%2Ftags&post=563554"}],"curies":[{"name":"wp","href":"https:\/\/api.w.org\/{rel}","templated":true}]}}