{"id":56347,"date":"2020-02-12T11:41:26","date_gmt":"2020-02-12T11:41:26","guid":{"rendered":"http:\/\/diariodominicano.ddns.net\/?p=56347"},"modified":"2020-02-12T11:41:26","modified_gmt":"2020-02-12T11:41:26","slug":"club-mauricio-baez-inicia-actos-conmemorativos-al-mes-de-la-patria","status":"publish","type":"post","link":"https:\/\/diariodominicano.com\/?p=56347","title":{"rendered":"Club Mauricio B\u00e1ez inicia actos conmemorativos al Mes de la Patria"},"content":{"rendered":"<p><body><\/p>\n<p><img decoding=\"async\" src=\"img3\/maub2.jpg\" \/>  <\/p>\n<p><strong>Diariodominicano.com<\/strong><\/p>\n<p><strong>Servio Sanchez <\/strong><\/p>\n<p><strong> <\/strong><\/p>\n<p><strong>Santo Domingo, RD, <\/strong>Los actos conmemorativos a la celebraci\u00f3n del Mes de la Patria se han convertido en una tradici\u00f3n para el sector de Villa Juana, donde cientos de estudiantes se integran para honrar la Bandera, los Padres Fundadores de la Rep\u00fablica y la Independencia Nacional.<\/p>\n<\/p>\n<p>Para tales fines, a\u00f1os tras a\u00f1os el Club Mauricio B\u00e1ez, la Fundaci\u00f3n del mismo nombre y las escuelas primaria y secundaria que pululan en ambas entidades, y en coordinaci\u00f3n con la Comisi\u00f3n Permanente de Efem\u00e9rides Patrias desarrollaron su acostumbrada caminata por diversas calles del sector de Villa Juana por las festividades del Mes de la Patria.<\/p>\n<\/p>\n<p>La explanada principal de la Escuela Primaria Club Mauricio B\u00e1ez sirvi\u00f3 este mi\u00e9rcoles de plataforma para el acto protocolar que inici\u00f3 puntual a las 8:00 de la ma\u00f1ana con la presencia de cientos de estudiantes del plantel educativo, de diferentes niveles y edades, y varias personalidades que se integran de manera directiva en la organizaci\u00f3n y apoyo a tan jubilosa conmemoraci\u00f3n patri\u00f3tica.<\/p>\n<\/p>\n<p>Como cada a\u00f1o y de manera religiosa, el doctor Juan Daniel Balc\u00e1cer, presidente de la Comisi\u00f3n Permanente de Efem\u00e9rides Patrias, encabez\u00f3 la actividad, acompa\u00f1ado de las autoridades del Club Mauricio B\u00e1ez y de la Fundaci\u00f3n Mauricio B\u00e1ez como son sus presidentes, el Inmortal del Deporte Dominicano Jos\u00e9 -Boy\u00f3n- Dom\u00ednguez y C\u00e9sar Heredia Guerra.<\/p>\n<\/p>\n<p>As\u00ed como, el asesor de ambas instituciones, el periodista Leo Corpor\u00e1n, editor deportivo del peri\u00f3dico El Nacional; Luis\u00edn Mej\u00eda Oviedo, presidente del Comit\u00e9 Ol\u00edmpico Dominicano (COD); el coronel (PN) Geovanny Gil Su\u00e1rez, director de la Polic\u00eda Escolar; Ana Lucila de los Santos y Andrea Almonte, directoras de las Escuelas Primaria y Secundaria del Club Mauricio B\u00e1ez; Rosa Do\u00f1\u00e9; en representaci\u00f3n del Ministerio de Educaci\u00f3n; y la organizadora general del evento la educadora Cecilia Guerra de Heredia (Noy).<\/p>\n<\/p>\n<p>Otros centros educativos con sus estudiantes se sumaron a la caminata como fueron la Escuela Salesiana Sagrado Coraz\u00f3n de Jes\u00fas, las Escuelas Rep\u00fablica de Nicaragua y Dominicana, y los colegios Unidos en Cristo, Ana Rosa y Santiago Ap\u00f3stol.<\/p>\n<\/p>\n<p>Las palabras de bienvenida al acto las dio Ana Lucila de los Santos, quien resalt\u00f3 que desde el Club Mauricio B\u00e1ez, la Fundaci\u00f3n y las Escuelas Primaria y Secundaria se inculcan los valores patrios a los cientos de estudiantes de ambas tandas educativas, matutina y vespertina.<\/p>\n<\/p>\n<p>Las notas del Himno Nacional fueron interpretadas por la banda de m\u00fasica del Ej\u00e9rcito de  Rep\u00fablica Dominicana.<\/p>\n<\/p>\n<p>La estudiante Silvana P\u00e9rez ley\u00f3 un fragmento del ideario de Duarte y su compa\u00f1ero Abiga\u00edl Ram\u00edrez, hizo la invocaci\u00f3n a Dios.<\/p>\n<\/p>\n<p>Balc\u00e1cer destac\u00f3 que \u00abeste recorrido por la Bandera que organizan nuestros hermanos del club Mauricio B\u00e1ez y la Fundaci\u00f3n, es la principal actividad que asume como tal la Comisi\u00f3n Permanente de Efem\u00e9rides Patrias en las fechas conmemorativas al Mes de la Patria\u00bb.<\/p>\n<\/p>\n<p>\u00abDesde Villa Juana, estas entidades hermanas se encargan de realizar a\u00f1os tras a\u00f1os estos actos conmemorativos para honrar la Bandera, los Padres Fundadores de la Rep\u00fablica y la Independencia Nacional, que arriba a su 176 aniversario\u00bb, enfatiz\u00f3 Balc\u00e1cer.<\/p>\n<\/p>\n<p>Se\u00f1al\u00f3 que \u00abaqu\u00ed se fomentan a los estudiantes los valores patrios y el sacrificio que tuvieron los padres de la Patria, Juan Pablo Duarte, Mat\u00edas Ram\u00f3n Mella y Francisco del Rosario S\u00e1nchez, para proporcionar a los dominicanos una naci\u00f3n libre y soberana\u00bb.<\/p>\n<\/p>\n<p>Luego de finalizar el recorrido, los estudiantes de los planteles educativos se integran a las aulas a continuar con sus labores, junto a los profesores.<\/p>\n<\/p>\n<h6> 2020-02-12 11:41:26 <\/h6>\n<p><!--\n<link rel=\"stylesheet\" href=\"css\/bootstrap.min.css\">\n\n\n<ul class=\"pagination\">\n\t    \n\t\n\n<li >\n\t<a href='?page_no=828'>Previous<\/a>\n\t<\/li>\n\n\n       \n    \n\n<li><a href='?page_no=1'>1<\/a><\/li>\n\n\n\n<li><a href='?page_no=2'>2<\/a><\/li>\n\n\n\n<li><a>...<\/a><\/li>\n\n\n\n<li><a href='?page_no=827'>827<\/a><\/li>\n\n\n\n<li><a href='?page_no=828'>828<\/a><\/li>\n\n\n\n<li class='active'><a>829<\/a><\/li>\n\n\n\n<li><a href='?page_no=830'>830<\/a><\/li>\n\n\n\n<li><a href='?page_no=831'>831<\/a><\/li>\n\n\n\n<li><a>...<\/a><\/li>\n\n\n\n<li><a href='?page_no=22911'>22911<\/a><\/li>\n\n\n\n<li><a href='?page_no=22912'>22912<\/a><\/li>\n\n    \n\t\n\n<li >\n\t<a href='?page_no=830'>Next<\/a>\n\t<\/li>\n\n\n    \n\n<li><a href='?page_no=22912'>Last &rsaquo;&rsaquo;<\/a><\/li>\n\n<\/ul>\n\n\n--><br \/>\n<\/body><\/p>\n","protected":false},"excerpt":{"rendered":"<p>Diariodominicano.com Servio Sanchez Santo Domingo, RD, Los actos conmemorativos a la celebraci\u00f3n del Mes de la Patria se han convertido en una tradici\u00f3n para el sector de Villa Juana, donde cientos de estudiantes se integran para honrar la Bandera, los Padres Fundadores de la Rep\u00fablica y la Independencia Nacional. Para tales fines, a\u00f1os tras a\u00f1os [&hellip;]<\/p>\n","protected":false},"author":3,"featured_media":0,"comment_status":"open","ping_status":"open","sticky":false,"template":"","format":"standard","meta":{"footnotes":""},"categories":[21],"tags":[],"class_list":["post-56347","post","type-post","status-publish","format-standard","hentry","category-cultura"],"_links":{"self":[{"href":"https:\/\/diariodominicano.com\/index.php?rest_route=\/wp\/v2\/posts\/56347","targetHints":{"allow":["GET"]}}],"collection":[{"href":"https:\/\/diariodominicano.com\/index.php?rest_route=\/wp\/v2\/posts"}],"about":[{"href":"https:\/\/diariodominicano.com\/index.php?rest_route=\/wp\/v2\/types\/post"}],"author":[{"embeddable":true,"href":"https:\/\/diariodominicano.com\/index.php?rest_route=\/wp\/v2\/users\/3"}],"replies":[{"embeddable":true,"href":"https:\/\/diariodominicano.com\/index.php?rest_route=%2Fwp%2Fv2%2Fcomments&post=56347"}],"version-history":[{"count":0,"href":"https:\/\/diariodominicano.com\/index.php?rest_route=\/wp\/v2\/posts\/56347\/revisions"}],"wp:attachment":[{"href":"https:\/\/diariodominicano.com\/index.php?rest_route=%2Fwp%2Fv2%2Fmedia&parent=56347"}],"wp:term":[{"taxonomy":"category","embeddable":true,"href":"https:\/\/diariodominicano.com\/index.php?rest_route=%2Fwp%2Fv2%2Fcategories&post=56347"},{"taxonomy":"post_tag","embeddable":true,"href":"https:\/\/diariodominicano.com\/index.php?rest_route=%2Fwp%2Fv2%2Ftags&post=56347"}],"curies":[{"name":"wp","href":"https:\/\/api.w.org\/{rel}","templated":true}]}}