{"id":563459,"date":"2024-10-02T14:45:45","date_gmt":"2024-10-02T18:45:45","guid":{"rendered":"https:\/\/diariodominicano.com\/?p=563459"},"modified":"2024-10-02T15:13:10","modified_gmt":"2024-10-02T19:13:10","slug":"ivan-duque-republica-dominicana-es-una-potencia-cultural-en-expansion","status":"publish","type":"post","link":"https:\/\/diariodominicano.com\/?p=563459","title":{"rendered":"Iv\u00e1n Duque: Rep\u00fablica Dominicana es una potencia cultural en expansi\u00f3n"},"content":{"rendered":"\n<p><strong><em><u>Las exportaciones de servicios modernos en nuestro pa\u00eds sumaron 1,806 millones de d\u00f3lares en 2023, un aumento del 125% respecto al 2019<\/u><\/em><\/strong> <\/p>\n\n\n\n<p><strong><em><u>La contribuci\u00f3n actual de la econom\u00eda naranja al PIB dominicano es de entre un 2 y un 2.5 %,<\/u><\/em><\/strong> <\/p>\n\n\n\n<p>Rep\u00fablica Dominicana tiene un potencial inmenso para posicionarse como l\u00edder en la econom\u00eda creativa en la regi\u00f3n del Caribe y est\u00e1 en un momento de efervescencia y de unidad nacional para lograrlo.<\/p>\n\n\n\n<p>As\u00ed lo afirm\u00f3 el expresidente de Colombia, Iv\u00e1n Duque, al pronunciar su conferencia magistral \u201cEconom\u00eda Naranja en la era de la Inteligencia Artificial (IA)\u201d, durante el cuarto Foro Caribe Naranja, sugiriendo la creaci\u00f3n de un Consejo Nacional de Econom\u00eda Naranja que incluya a actores del sector p\u00fablico, privado y creativo, con el fin de dise\u00f1ar estrategias conjuntas que posicionan a la Rep\u00fablica Dominicana como epicentro creativo del Caribe.<\/p>\n\n\n\n<figure class=\"wp-block-gallery has-nested-images columns-default is-cropped wp-block-gallery-1 is-layout-flex wp-block-gallery-is-layout-flex\">\n<figure class=\"wp-block-image size-large\"><img loading=\"lazy\" decoding=\"async\" width=\"1024\" height=\"899\" data-id=\"563479\" src=\"https:\/\/diariodominicano.com\/wp-content\/uploads\/2024\/10\/Jose-Grateraux-Arlette-Palacio-Ivan-Duque-Pamela-Pitizia-Angel-Rosario-1024x899.jpg\" alt=\"\" class=\"wp-image-563479\" srcset=\"https:\/\/diariodominicano.com\/wp-content\/uploads\/2024\/10\/Jose-Grateraux-Arlette-Palacio-Ivan-Duque-Pamela-Pitizia-Angel-Rosario-1024x899.jpg 1024w, https:\/\/diariodominicano.com\/wp-content\/uploads\/2024\/10\/Jose-Grateraux-Arlette-Palacio-Ivan-Duque-Pamela-Pitizia-Angel-Rosario-300x263.jpg 300w, https:\/\/diariodominicano.com\/wp-content\/uploads\/2024\/10\/Jose-Grateraux-Arlette-Palacio-Ivan-Duque-Pamela-Pitizia-Angel-Rosario-768x674.jpg 768w, https:\/\/diariodominicano.com\/wp-content\/uploads\/2024\/10\/Jose-Grateraux-Arlette-Palacio-Ivan-Duque-Pamela-Pitizia-Angel-Rosario-1536x1349.jpg 1536w, https:\/\/diariodominicano.com\/wp-content\/uploads\/2024\/10\/Jose-Grateraux-Arlette-Palacio-Ivan-Duque-Pamela-Pitizia-Angel-Rosario-2048x1798.jpg 2048w, https:\/\/diariodominicano.com\/wp-content\/uploads\/2024\/10\/Jose-Grateraux-Arlette-Palacio-Ivan-Duque-Pamela-Pitizia-Angel-Rosario-816x716.jpg 816w\" sizes=\"auto, (max-width: 1024px) 100vw, 1024px\" \/><\/figure>\n<\/figure>\n\n\n\n<p>Duque defini\u00f3 al pa\u00eds como una potencia cultural en expansi\u00f3n, resaltando que, aunque la contribuci\u00f3n actual de la econom\u00eda naranja al PIB dominicano es de entre un 2 y un 2.5 %, el segundo mayor del Caribe, existe un amplio margen para expandir este sector.<\/p>\n\n\n\n<p>Para lograrlo, sugiri\u00f3 que la econom\u00eda creativa sea asumida como un elemento estrat\u00e9gico y un prop\u00f3sito nacional y existencial, capaz de diferenciar al pa\u00eds en la era de la IA.<\/p>\n\n\n\n<figure class=\"wp-block-gallery has-nested-images columns-default is-cropped wp-block-gallery-2 is-layout-flex wp-block-gallery-is-layout-flex\">\n<figure class=\"wp-block-image size-large\"><img loading=\"lazy\" decoding=\"async\" width=\"1024\" height=\"683\" data-id=\"563476\" src=\"https:\/\/diariodominicano.com\/wp-content\/uploads\/2024\/10\/Ito-Bisono-ministro-de-Industria-y-Comercio-junto-a-MIlagros-German-ministra-de-cultura-1024x683.jpg\" alt=\"\" class=\"wp-image-563476\" srcset=\"https:\/\/diariodominicano.com\/wp-content\/uploads\/2024\/10\/Ito-Bisono-ministro-de-Industria-y-Comercio-junto-a-MIlagros-German-ministra-de-cultura-1024x683.jpg 1024w, https:\/\/diariodominicano.com\/wp-content\/uploads\/2024\/10\/Ito-Bisono-ministro-de-Industria-y-Comercio-junto-a-MIlagros-German-ministra-de-cultura-300x200.jpg 300w, https:\/\/diariodominicano.com\/wp-content\/uploads\/2024\/10\/Ito-Bisono-ministro-de-Industria-y-Comercio-junto-a-MIlagros-German-ministra-de-cultura-768x512.jpg 768w, https:\/\/diariodominicano.com\/wp-content\/uploads\/2024\/10\/Ito-Bisono-ministro-de-Industria-y-Comercio-junto-a-MIlagros-German-ministra-de-cultura-1536x1024.jpg 1536w, https:\/\/diariodominicano.com\/wp-content\/uploads\/2024\/10\/Ito-Bisono-ministro-de-Industria-y-Comercio-junto-a-MIlagros-German-ministra-de-cultura-2048x1365.jpg 2048w, https:\/\/diariodominicano.com\/wp-content\/uploads\/2024\/10\/Ito-Bisono-ministro-de-Industria-y-Comercio-junto-a-MIlagros-German-ministra-de-cultura-816x544.jpg 816w\" sizes=\"auto, (max-width: 1024px) 100vw, 1024px\" \/><\/figure>\n<\/figure>\n\n\n\n<p>En ese sentido, motiv\u00f3 el impulso de la econom\u00eda naranja siguiendo un modelo basado en ocho pilares clave, que denomina las 8i, entre estos, la infraestructura tanto f\u00edsica como digital, la integraci\u00f3n p\u00fablico-privada y la creaci\u00f3n de incentivos claros para fomentar el crecimiento.<\/p>\n\n\n\n<p>La inclusi\u00f3n tambi\u00e9n fue un punto destacado, ya que, seg\u00fan Duque, \u201cel talento est\u00e1 distribuido de manera homog\u00e9nea\u201d, lo que hace de la econom\u00eda naranja un sector inclusivo por naturaleza; De igual modo, la informaci\u00f3n, sin la cual no se podr\u00edan formular ni buenas pol\u00edticas p\u00fablicas ni buen acompa\u00f1amiento al sector privado.<\/p>\n\n\n\n<p>Completan la f\u00f3rmula, las instituciones, la industria, la inspiraci\u00f3n y el individuo, en torno al cual plantea debe darse la gran apuesta de la econom\u00eda naranja, lo que implica cambiar el chip de los sistemas educativos y volver a las ra\u00edces de la creatividad y el humanismo.<\/p>\n\n\n\n<figure class=\"wp-block-gallery has-nested-images columns-default is-cropped wp-block-gallery-3 is-layout-flex wp-block-gallery-is-layout-flex\">\n<figure class=\"wp-block-image size-large\"><img loading=\"lazy\" decoding=\"async\" width=\"683\" height=\"1024\" data-id=\"563477\" src=\"https:\/\/diariodominicano.com\/wp-content\/uploads\/2024\/10\/Ivan-Duque-Republica-Dominicana-es-una-potencia-cultural-en-expansion-683x1024.jpg\" alt=\"\" class=\"wp-image-563477\" srcset=\"https:\/\/diariodominicano.com\/wp-content\/uploads\/2024\/10\/Ivan-Duque-Republica-Dominicana-es-una-potencia-cultural-en-expansion-683x1024.jpg 683w, https:\/\/diariodominicano.com\/wp-content\/uploads\/2024\/10\/Ivan-Duque-Republica-Dominicana-es-una-potencia-cultural-en-expansion-200x300.jpg 200w, https:\/\/diariodominicano.com\/wp-content\/uploads\/2024\/10\/Ivan-Duque-Republica-Dominicana-es-una-potencia-cultural-en-expansion-768x1152.jpg 768w, https:\/\/diariodominicano.com\/wp-content\/uploads\/2024\/10\/Ivan-Duque-Republica-Dominicana-es-una-potencia-cultural-en-expansion-1024x1536.jpg 1024w, https:\/\/diariodominicano.com\/wp-content\/uploads\/2024\/10\/Ivan-Duque-Republica-Dominicana-es-una-potencia-cultural-en-expansion-1365x2048.jpg 1365w, https:\/\/diariodominicano.com\/wp-content\/uploads\/2024\/10\/Ivan-Duque-Republica-Dominicana-es-una-potencia-cultural-en-expansion-816x1224.jpg 816w, https:\/\/diariodominicano.com\/wp-content\/uploads\/2024\/10\/Ivan-Duque-Republica-Dominicana-es-una-potencia-cultural-en-expansion-scaled.jpg 1707w\" sizes=\"auto, (max-width: 683px) 100vw, 683px\" \/><\/figure>\n<\/figure>\n\n\n\n<p>Afirm\u00f3 que la IA puede ser una gran herramienta o amenaza dependiendo de quienes sea los manejadores, por lo que se debe tomar en cuenta la gesti\u00f3n del talento humano en cuya formaci\u00f3n recomend\u00f3 unir lo an\u00e1logo a lo digital.<\/p>\n\n\n\n<p>Tambi\u00e9n reconoci\u00f3 el aporte de las matem\u00e1ticas, las ciencias y el lenguaje, pero abog\u00f3 por colocar al mismo nivel las artes y el humanismo.<\/p>\n\n\n\n<p>Iv\u00e1n Duque advirti\u00f3 que la velocidad est\u00e1 cambiando la cultura, la literatura, la publicidad, el dise\u00f1o, el entretenimiento, que la regi\u00f3n tendr\u00e1 que competir con pa\u00edses que le est\u00e1n agregando IA a todo lo que producen y que estamos quedando peque\u00f1os ante esta competencia, demandando la creaci\u00f3n de marcos \u00e9ticos y la protecci\u00f3n del patrimonio cultural.<\/p>\n\n\n\n<p>\u201cNosotros llegamos tarde a la revoluci\u00f3n industrial. Nosotros llegamos tarde a la revoluci\u00f3n digital. Y no podemos llegar tarde a esta revoluci\u00f3n de la inteligencia artificial con la protecci\u00f3n necesaria de las ra\u00edces culturales y de la propiedad intelectual cultural de nuestras sociedades. Y esta revoluci\u00f3n no es menor, porque requiere de nosotros grandes equilibrios y conocer muy bien los riesgos\u201d, reiter\u00f3 Duque.<\/p>\n\n\n\n<p>El expresidente colombiano fue enf\u00e1tico al asegurar que el pa\u00eds tiene todos los elementos para hacer de la econom\u00eda naranja su nueva identidad econ\u00f3mica. \u201cCon el talento que tiene la Rep\u00fablica Dominicana, y aplicando informaci\u00f3n, instituciones, infraestructura, industria, integraci\u00f3n, inclusi\u00f3n, inspiraci\u00f3n e individuo, este pa\u00eds har\u00e1 de la econom\u00eda naranja la nueva identidad del empleo y la oportunidad en la juventud\u201d, afirm\u00f3.<\/p>\n\n\n\n<p>En ese mismo escenario pronunciaron breves palabras los ministros de Cultura, Milagros Germ\u00e1n y de Industria, Comercio y Mipymes, V\u00edctor Bison\u00f3, concordaron en que el pa\u00eds se encuentra en un momento lleno de oportunidades y crecimiento.<\/p>\n\n\n\n<p>Milagros Germ\u00e1n reafirm\u00f3 el compromiso del Gobierno con la econom\u00eda creativa y la innovaci\u00f3n como dos pilares fundamentales para el progreso de la naci\u00f3n con el prop\u00f3sito de fortalecer la capacidad de competir en los mercados globales.<\/p>\n\n\n\n<p>Precis\u00f3 que de acuerdo con los datos de la Oficina Nacional de Estad\u00edsticas, entre el 2020 al 2023, \u201clas exportaciones nacionales de mercanc\u00edas afines al sector cultural han incrementado en un 70%, evidenciando el enorme potencial de este sector para conquistar los m\u00e1s exigentes mercados a nivel mundial\u201d.<\/p>\n\n\n\n<p>En tanto, Bison\u00f3 afirm\u00f3 que la econom\u00eda naranja ha demostrado ser uno de los sectores m\u00e1s resilientes, incluso en tiempos de adversidad como la pandemia del COVID-19.<\/p>\n\n\n\n<p>\u201cTal como ha resaltado la UNESCO, este sector no solo resisti\u00f3, sino que prosper\u00f3. Y nuestra Rep\u00fablica Dominicana no es la excepci\u00f3n. Las exportaciones de servicios modernos en nuestro pa\u00eds sumaron 1,806 millones de d\u00f3lares en 2023, un aumento del 125% respecto al 2019, reflejando la fortaleza y la capacidad de nuestros talentos\u201d, se\u00f1al\u00f3.<\/p>\n\n\n\n<p>Los organizadores del cuarto Foro Caribe Naranja, realizado con el tema \u00abExportaci\u00f3n de Creatividad hecha en RD\u00bb, Jos\u00e9 Grateraux, Pamela Pitizia, Arlette Palacio y \u00c1ngel Rosario, de&nbsp;Switch\u239f&nbsp;Havas y SIP Group, agradecieron a los participantes, tanto presencial como por la transmisi\u00f3n en vivo v\u00eda streaming, as\u00ed como a los panelistas, al expresidente Iv\u00e1n Duque y a las marcas patrocinadoras por su apoyo.<\/p>\n\n\n\n<p><strong>Paneles<\/strong><\/p>\n\n\n\n<p>En el transcurso de la actividad tuvo lugar el panel \u00abL\u00edderes de Proyectos Exportables Dominicanos\u00bb, bajo la moderaci\u00f3n de C\u00e9sar Dargam, en el que Nashla Bogaert, actriz y productora; Zumaya Cordero, directora de Caribbean Cinemas; Reading Pantale\u00f3n, destacado estilista; y Pedro Antonio Gonz\u00e1lez, productor musical, destacaron la capacidad de la Rep\u00fablica Dominicana para proyectar e internacionalizar su talento y su cultura y coincidieron en que se debe seguir apoyando y fortaleciendo la econom\u00eda naranja en el pa\u00eds promoviendo pol\u00edticas p\u00fablicas en ese \u00e1mbito.<\/p>\n\n\n\n<p>El Cuarto Foro Caribe Naranja tambi\u00e9n reuni\u00f3 a representantes de Banreservas, Banco BHD, Banco Popular Dominicano y Banco de Desarrollo de Am\u00e9rica Latina (CAF) en el panel \u201cLa Banca en el Sector de Exportaci\u00f3n Naranja\u201d quienes compartieron sus esfuerzos y novedades en torno al apoyo al sector creativo y cultural, reafirmando el papel de la banca en el desarrollo y promoci\u00f3n de las econom\u00edas creativas, e identificando las alianzas p\u00fablico-privadas como la v\u00eda m\u00e1s id\u00f3nea para continuar impulsando la exportaci\u00f3n de cultura, arte y talento dominicano.<\/p>\n\n\n\n<p>Colocar la educaci\u00f3n en el centro de la conversaci\u00f3n sobre econom\u00eda naranja fue el objetivo del panel \u201cTalento creativo para el mercado global\u201d, en el cual, moderados por Sol Disla, participaron los rectores de UNIBE, Odile Camilo; de UNICARIBE, Jos\u00e9 Alejandro Aybar; de la UCE, Jos\u00e9 Hazim Torres, y del ITLA, Rafael F\u00e9lix, quienes hablaron sobre la oferta acad\u00e9mica orientada a la formaci\u00f3n de capital humano para los sectores de la econom\u00eda creativa.<\/p>\n\n\n\n<p>Otro de los paneles fue \u201cAcuerdos Internacionales: Puertas al Mercado Global\u201d en el que, bajo la gu\u00eda de Hu\u00e1scar Jim\u00e9nez, Erika Sch\u00e9ker, Vladimir Hern\u00e1ndez y Vanessa Cabrera describieron y analizaron las oportunidades que ofrecen los acuerdos y&nbsp; legislaciones vigentes para la exportaci\u00f3n de los servicios creativos.<\/p>\n\n\n\n<p>El programa incluy\u00f3 adem\u00e1s un conversatorio entre la periodista Jessica Hasb\u00fan y la directora ejecutiva de Pro Dominicana, Biviana Riveiro, quien se refiri\u00f3 los canales y v\u00edas de comunicaci\u00f3n, difusi\u00f3n y de exportaci\u00f3n que utilizan los diferentes servicios de la industria creativa, que gracias a la tecnolog\u00eda no tiene fronteras, y al crecimiento que ha experimentado en los \u00faltimos a\u00f1os.<\/p>\n\n\n\n<p><strong><em>Maribel E. Hern\u00e1ndez D.<\/em><\/strong> <\/p>\n\n\n\n<p><strong>Maribel Hernandez<\/strong>\u00a0&lt;maribel@nexos.do> <\/p>\n","protected":false},"excerpt":{"rendered":"<p>Las exportaciones de servicios modernos en nuestro pa\u00eds sumaron 1,806 millones de d\u00f3lares en 2023, un aumento del 125% respecto al 2019 La contribuci\u00f3n actual de la econom\u00eda naranja al PIB dominicano es de entre un 2 y un 2.5 %, Rep\u00fablica Dominicana tiene un potencial inmenso para posicionarse como l\u00edder en la econom\u00eda creativa [&hellip;]<\/p>\n","protected":false},"author":7,"featured_media":563479,"comment_status":"closed","ping_status":"closed","sticky":false,"template":"","format":"standard","meta":{"footnotes":""},"categories":[18],"tags":[296,197],"class_list":["post-563459","post","type-post","status-publish","format-standard","has-post-thumbnail","hentry","category-economia","tag-ivan-duque","tag-republica-dominicana"],"_links":{"self":[{"href":"https:\/\/diariodominicano.com\/index.php?rest_route=\/wp\/v2\/posts\/563459","targetHints":{"allow":["GET"]}}],"collection":[{"href":"https:\/\/diariodominicano.com\/index.php?rest_route=\/wp\/v2\/posts"}],"about":[{"href":"https:\/\/diariodominicano.com\/index.php?rest_route=\/wp\/v2\/types\/post"}],"author":[{"embeddable":true,"href":"https:\/\/diariodominicano.com\/index.php?rest_route=\/wp\/v2\/users\/7"}],"replies":[{"embeddable":true,"href":"https:\/\/diariodominicano.com\/index.php?rest_route=%2Fwp%2Fv2%2Fcomments&post=563459"}],"version-history":[{"count":2,"href":"https:\/\/diariodominicano.com\/index.php?rest_route=\/wp\/v2\/posts\/563459\/revisions"}],"predecessor-version":[{"id":563536,"href":"https:\/\/diariodominicano.com\/index.php?rest_route=\/wp\/v2\/posts\/563459\/revisions\/563536"}],"wp:featuredmedia":[{"embeddable":true,"href":"https:\/\/diariodominicano.com\/index.php?rest_route=\/wp\/v2\/media\/563479"}],"wp:attachment":[{"href":"https:\/\/diariodominicano.com\/index.php?rest_route=%2Fwp%2Fv2%2Fmedia&parent=563459"}],"wp:term":[{"taxonomy":"category","embeddable":true,"href":"https:\/\/diariodominicano.com\/index.php?rest_route=%2Fwp%2Fv2%2Fcategories&post=563459"},{"taxonomy":"post_tag","embeddable":true,"href":"https:\/\/diariodominicano.com\/index.php?rest_route=%2Fwp%2Fv2%2Ftags&post=563459"}],"curies":[{"name":"wp","href":"https:\/\/api.w.org\/{rel}","templated":true}]}}