{"id":563444,"date":"2024-10-02T11:21:54","date_gmt":"2024-10-02T15:21:54","guid":{"rendered":"https:\/\/diariodominicano.com\/?p=563444"},"modified":"2024-10-02T11:22:02","modified_gmt":"2024-10-02T15:22:02","slug":"lanzan-las-lucias-el-podcast-que-combina-el-artye-del-mfalamencon-con-la-cotidianidad-de-sus-integrantes","status":"publish","type":"post","link":"https:\/\/diariodominicano.com\/?p=563444","title":{"rendered":"Lanzan las luc\u00edas, el Podcast que combina el artye del mfalamencon con la cotidianidad de sus integrantes"},"content":{"rendered":"\n<p>diariodominicano.com<\/p>\n\n\n\n<p>Santo Domingo, R. D., 2 de octubre, 2024.-\u2002Con el objetivo de crear un espacio de tertulia aut\u00e9ntica y divertida entre mujeres apasionadas por el flamenco, donde la risa, las emociones y las historias reales fluyan libremente, a trav\u00e9s de conversaciones espontaneas y genuinas, un grupo de bailaoras lanzan <strong>Las Lucias, El Podcast.<\/strong><\/p>\n\n\n\n<p>A trav\u00e9s de un documento de prensa, las integrantes del novedoso programa dieron a conocer la informaci\u00f3n, destacando su inter\u00e9s de llevar entretenimiento y relajaci\u00f3n a la poblaci\u00f3n a trav\u00e9s de cada episodio.<\/p>\n\n\n\n<p>Conformado por un grupo de mujeres profesionales en diferentes \u00e1reas, pero unidas por el amor al baile del flamenco, <strong>Las Luc\u00edas,<\/strong> abordaran temas cotidianos que conecten con las vivencias de la audiencia, fusionando la pasi\u00f3n por este arte con an\u00e9cdotas de la vida diaria.<\/p>\n\n\n\n<p><a>A partir de este jueves 3 de octubres a las 12 del mediod\u00eda y a trav\u00e9s de las plataformas de <strong>YouTube Las Lucias Podcast y Spotify<\/strong><\/a><strong> Las Lucias<\/strong> pondr\u00e1n disfrutar del contenido y conocer al grupo integrado por Ariela Franco; Clayra Morales; Franchesca Francisco; Marivian Yunes; Pilar Villafa\u00f1a; Rachell Holgu\u00edn y Valerie Bain.<\/p>\n\n\n\n<p>\u201cNuestro objetivo es generar una experiencia autentica, vibrante y cercana que inspire y enganche. Desde las risas m\u00e1s espontaneas hasta los momentos m\u00e1s emotivos, Las Luc\u00edas traer\u00e1n conversaciones frescas, reales y cargadas de arte\u201d coincidieron en se\u00f1alar.<\/p>\n\n\n\n<p>Agradecieron a la profesora Leslie Ricardo, quien es la directora de Leslie Ricardo, Escuela de Danza. academia a la que pertenecen Las Luc\u00edas, por ser la responsable de unirlas e inspirarlas para hacer posible el podcast.<\/p>\n\n\n\n<p><strong>Carmen Curiel<\/strong><\/p>\n","protected":false},"excerpt":{"rendered":"<p>diariodominicano.com Santo Domingo, R. D., 2 de octubre, 2024.-\u2002Con el objetivo de crear un espacio de tertulia aut\u00e9ntica y divertida entre mujeres apasionadas por el flamenco, donde la risa, las emociones y las historias reales fluyan libremente, a trav\u00e9s de conversaciones espontaneas y genuinas, un grupo de bailaoras lanzan Las Lucias, El Podcast. A trav\u00e9s [&hellip;]<\/p>\n","protected":false},"author":5,"featured_media":563445,"comment_status":"closed","ping_status":"closed","sticky":true,"template":"","format":"standard","meta":{"footnotes":""},"categories":[21,25,27],"tags":[],"class_list":["post-563444","post","type-post","status-publish","format-standard","has-post-thumbnail","hentry","category-cultura","category-gente","category-portada"],"_links":{"self":[{"href":"https:\/\/diariodominicano.com\/index.php?rest_route=\/wp\/v2\/posts\/563444","targetHints":{"allow":["GET"]}}],"collection":[{"href":"https:\/\/diariodominicano.com\/index.php?rest_route=\/wp\/v2\/posts"}],"about":[{"href":"https:\/\/diariodominicano.com\/index.php?rest_route=\/wp\/v2\/types\/post"}],"author":[{"embeddable":true,"href":"https:\/\/diariodominicano.com\/index.php?rest_route=\/wp\/v2\/users\/5"}],"replies":[{"embeddable":true,"href":"https:\/\/diariodominicano.com\/index.php?rest_route=%2Fwp%2Fv2%2Fcomments&post=563444"}],"version-history":[{"count":2,"href":"https:\/\/diariodominicano.com\/index.php?rest_route=\/wp\/v2\/posts\/563444\/revisions"}],"predecessor-version":[{"id":563540,"href":"https:\/\/diariodominicano.com\/index.php?rest_route=\/wp\/v2\/posts\/563444\/revisions\/563540"}],"wp:featuredmedia":[{"embeddable":true,"href":"https:\/\/diariodominicano.com\/index.php?rest_route=\/wp\/v2\/media\/563445"}],"wp:attachment":[{"href":"https:\/\/diariodominicano.com\/index.php?rest_route=%2Fwp%2Fv2%2Fmedia&parent=563444"}],"wp:term":[{"taxonomy":"category","embeddable":true,"href":"https:\/\/diariodominicano.com\/index.php?rest_route=%2Fwp%2Fv2%2Fcategories&post=563444"},{"taxonomy":"post_tag","embeddable":true,"href":"https:\/\/diariodominicano.com\/index.php?rest_route=%2Fwp%2Fv2%2Ftags&post=563444"}],"curies":[{"name":"wp","href":"https:\/\/api.w.org\/{rel}","templated":true}]}}