{"id":563375,"date":"2024-10-02T02:09:51","date_gmt":"2024-10-02T06:09:51","guid":{"rendered":"https:\/\/diariodominicano.com\/?p=563375"},"modified":"2024-10-02T02:09:57","modified_gmt":"2024-10-02T06:09:57","slug":"china-presenta-reclamacion-ante-omc-por-unilateralismo-y-proteccionismo-comercial-de-canada","status":"publish","type":"post","link":"https:\/\/diariodominicano.com\/?p=563375","title":{"rendered":"China presenta reclamaci\u00f3n ante OMC por unilateralismo y proteccionismo comercial de Canad\u00e1"},"content":{"rendered":"\n<p><em>spanish.news.cn<\/em>|<em>&nbsp;2024-10-02 10:24:30<\/em>|<\/p>\n\n\n\n<p>BEIJING, 2 oct (Xinhua) &#8212; China ha presentado una reclamaci\u00f3n ante la Organizaci\u00f3n Mundial del Comercio (OMC) por el unilateralismo y las pr\u00e1cticas de proteccionismo comercial de Canad\u00e1, inform\u00f3 hoy mi\u00e9rcoles el Ministerio de Comercio.<\/p>\n\n\n\n<p>El ministerio dijo que tambi\u00e9n ha iniciado una investigaci\u00f3n antidiscriminatoria sobre las medidas restrictivas de Canad\u00e1 dirigidas a ciertas importaciones de China.&nbsp;<\/p>\n\n\n\n<p><a href=\"https:\/\/www.facebook.com\/sharer\/sharer.php?u=https:\/\/spanish.xinhuanet.com\/20241002\/a2db6e6944874a598c3e87be7104cf44\/c.html\" target=\"_blank\" rel=\"noreferrer noopener\"><\/a>&nbsp;<a href=\"https:\/\/twitter.com\/intent\/tweet?text=%0A%20%20%20%20%20%20%20%20%20%20%20%20%20%20%20%20%20%20%20%20China%20presenta%20reclamaci%C3%B3n%20ante%20OMC%20por%20unilateralismo%20y%20proteccionismo%20comercial%20de%20Canad%C3%A1%0A%20%20%20%20%20%20%20%20%20%20%20%20%20%20%20%20&amp;url=https:\/\/spanish.xinhuanet.com\/20241002\/a2db6e6944874a598c3e87be7104cf44\/c.html\" target=\"_blank\" rel=\"noreferrer noopener\"><\/a>&nbsp;<a target=\"_blank\" href=\"https:\/\/service.weibo.com\/share\/share.php?title=%0A%20%20%20%20%20%20%20%20%20%20%20%20%20%20%20%20%20%20%20%20China%20presenta%20reclamaci%C3%B3n%20ante%20OMC%20por%20unilateralismo%20y%20proteccionismo%20comercial%20de%20Canad%C3%A1%0A%20%20%20%20%20%20%20%20%20%20%20%20%20%20%20%20&amp;url=https:\/\/spanish.xinhuanet.com\/20241002\/a2db6e6944874a598c3e87be7104cf44\/c.html\" rel=\"noreferrer noopener\"><\/a>&nbsp;<a><\/a><\/p>\n\n\n\n<figure class=\"wp-block-image\"><img decoding=\"async\" src=\"https:\/\/imgs.news.cn\/res\/xhwimg\/spanish\/20170522\/img\/jc-xfa.png\" alt=\"\"\/><\/figure>\n","protected":false},"excerpt":{"rendered":"<p>spanish.news.cn|&nbsp;2024-10-02 10:24:30| BEIJING, 2 oct (Xinhua) &#8212; China ha presentado una reclamaci\u00f3n ante la Organizaci\u00f3n Mundial del Comercio (OMC) por el unilateralismo y las pr\u00e1cticas de proteccionismo comercial de Canad\u00e1, inform\u00f3 hoy mi\u00e9rcoles el Ministerio de Comercio. El ministerio dijo que tambi\u00e9n ha iniciado una investigaci\u00f3n antidiscriminatoria sobre las medidas restrictivas de Canad\u00e1 dirigidas a [&hellip;]<\/p>\n","protected":false},"author":28,"featured_media":0,"comment_status":"closed","ping_status":"closed","sticky":false,"template":"","format":"standard","meta":{"footnotes":""},"categories":[18,23],"tags":[],"class_list":["post-563375","post","type-post","status-publish","format-standard","hentry","category-economia","category-internacional"],"_links":{"self":[{"href":"https:\/\/diariodominicano.com\/index.php?rest_route=\/wp\/v2\/posts\/563375","targetHints":{"allow":["GET"]}}],"collection":[{"href":"https:\/\/diariodominicano.com\/index.php?rest_route=\/wp\/v2\/posts"}],"about":[{"href":"https:\/\/diariodominicano.com\/index.php?rest_route=\/wp\/v2\/types\/post"}],"author":[{"embeddable":true,"href":"https:\/\/diariodominicano.com\/index.php?rest_route=\/wp\/v2\/users\/28"}],"replies":[{"embeddable":true,"href":"https:\/\/diariodominicano.com\/index.php?rest_route=%2Fwp%2Fv2%2Fcomments&post=563375"}],"version-history":[{"count":2,"href":"https:\/\/diariodominicano.com\/index.php?rest_route=\/wp\/v2\/posts\/563375\/revisions"}],"predecessor-version":[{"id":563405,"href":"https:\/\/diariodominicano.com\/index.php?rest_route=\/wp\/v2\/posts\/563375\/revisions\/563405"}],"wp:attachment":[{"href":"https:\/\/diariodominicano.com\/index.php?rest_route=%2Fwp%2Fv2%2Fmedia&parent=563375"}],"wp:term":[{"taxonomy":"category","embeddable":true,"href":"https:\/\/diariodominicano.com\/index.php?rest_route=%2Fwp%2Fv2%2Fcategories&post=563375"},{"taxonomy":"post_tag","embeddable":true,"href":"https:\/\/diariodominicano.com\/index.php?rest_route=%2Fwp%2Fv2%2Ftags&post=563375"}],"curies":[{"name":"wp","href":"https:\/\/api.w.org\/{rel}","templated":true}]}}