{"id":56336,"date":"2020-02-12T23:34:05","date_gmt":"2020-02-12T23:34:05","guid":{"rendered":"http:\/\/diariodominicano.ddns.net\/?p=56336"},"modified":"2020-02-12T23:34:05","modified_gmt":"2020-02-12T23:34:05","slug":"ceremonial-para-juramentar-al-presidente-santana","status":"publish","type":"post","link":"https:\/\/diariodominicano.com\/?p=56336","title":{"rendered":"Ceremonial para juramentar al presidente Santana"},"content":{"rendered":"<p><body><\/p>\n<p><img decoding=\"async\" src=\"img3\/Santana00.jpg\" \/>  <\/p>\n<p><strong>Diariodominicano.com<\/strong><\/p>\n<p><strong>Ceremonial para juramentar al presidente Santana<\/strong><\/p>\n<p> En el bolet\u00edn dado a conocer el 13 de febrero de 1853, se precisa que los actos se celebrar\u00e1n el martes 15 de febrero de 1853. En ese momento el Presidente electo ten\u00eda el t\u00edtulo de General Libertador.<\/p>\n<p><strong>Por HTN<\/strong><\/p>\n<p><strong>Diariodominicano.com<\/strong><\/p>\n<p><strong>SANTO DOMINGO, el  13 de febrero de 1853,<\/strong> el Gobierno del Presidente Buenaventura B\u00e1ez dio a conocer el ceremonial para la instalaci\u00f3n del nuevo Presidente de la Rep\u00fablica, general Pedro Santana.<\/p>\n<\/p>\n<p>   En el bolet\u00edn dado a conocer el 13 de febrero de 1853, se precisa que los actos se celebrar\u00e1n el martes 15 de febrero de 1853. En ese momento el Presidente electo ten\u00eda el t\u00edtulo de General Libertador.<\/p>\n<\/p>\n<p>Precisa que a  las ocho de la ma\u00f1ana se reunir\u00e1n en el Palacio de Gobierno todas las Corporaciones residentes en esta Capital, el cuerpo judicial, el Administrativo, todos los funcionarios civiles y militares, el se\u00f1or Arzobispo y su clero, el Comercio, y ciudadanos notables, as\u00ed como el Cuerpo Diplom\u00e1tico.<\/p>\n<\/p>\n<p>    Luego el cortejo se transportar\u00e1 a la residencia del Presidente electo para acompa\u00f1arlo hasta el Palacio del Congreso Nacional.<\/p>\n<\/p>\n<p>     \u00abA la misma hora las tropas de la guarnici\u00f3n y la Guardia C\u00edvica estar\u00e1n formadas en la plaza armas\u00bb.<\/p>\n<\/p>\n<p>      Al llegar Congreso Nacional, el Presidente electo, Pedro Santana  entrar\u00e1  primero, enseguida los secretarios de Estado, el Arzobispo de Santo Domingo, los agentes diplom\u00e1ticos y sucesivamente los dem\u00e1s por el orden de precedencia.<\/p>\n<\/p>\n<p>    En el art\u00edculo 5 del Ceremonial para la juramentaci\u00f3n del Presidente Santana se precisa:<\/p>\n<\/p>\n<p>    \u00abAl acto del juramento constitucional, que se anunciar\u00e1 con golpe de m\u00fasica, las tropas presentar\u00e1n las armas, las bater\u00edas de tambores tocar\u00e1n marcha y se har\u00e1 una salva de 21 ca\u00f1onazos\u00bb.<\/p>\n<\/p>\n<p>    Concluida la ceremonia, el cortejo se transportar\u00e1  en el mismo orden, al que se unir\u00e1 el Congreso Nacional, coloc\u00e1ndose en la marcha entre los agentes diplom\u00e1ticos y el Poder Ejecutivo, a la santa Iglesia Catedral para asistir a la misa solemne y al Tedeum encomendados al efecto.<\/p>\n<\/p>\n<p>    Asimismo, en el acto de alzar habr\u00eda otra salva de 21 ca\u00f1onazos, la que se repetir\u00eda en el Tedeum y a la ca\u00edda del sol del mismo d\u00eda.<\/p>\n<\/p>\n<p>    Al concluir todas las ceremonias el cortejo acompa\u00f1ar\u00e1 al presidente Pedro Santana hasta el Palacio de Gobierno.<\/p>\n<\/p>\n<p>    Al dar a conocer el ceremonial el 13 de febrero de 1853, el  Presidente Buenaventura B\u00e1ez  terminaba un per\u00edodo de 4 a\u00f1os, para el cual fue electo.<\/p>\n<\/p>\n<p>  El documento fue dado a conocer por el ministro de Interior y Polic\u00eda, Pedro E. Pelletier.<\/p>\n<\/p>\n<p>La  nueva administraci\u00f3n del Presidente Pedro Santana tuvo en conflicto con la Iglesia Cat\u00f3lica y deport\u00f3 a varios sacerdotes extranjeros. Y  rompi\u00f3 con el saliente Presidente Buenaventura B\u00e1ez, quien tuvo que salir del pa\u00eds.<\/p>\n<\/p>\n<p>   Los partidarios de Pedro Santana justificaban la  persecuci\u00f3n  contra Buenaventura B\u00e1ez, porque durante su Gobierno de 4 a\u00f1os desarroll\u00f3 su propia fuerza pol\u00edtica y era un peligro para los intereses santanistas.<\/p>\n<\/p>\n<\/p>\n<h6> 2020-02-12 23:34:05 <\/h6>\n<p><!--\n<link rel=\"stylesheet\" href=\"css\/bootstrap.min.css\">\n\n\n<ul class=\"pagination\">\n\t    \n\t\n\n<li >\n\t<a href='?page_no=827'>Previous<\/a>\n\t<\/li>\n\n\n       \n    \n\n<li><a href='?page_no=1'>1<\/a><\/li>\n\n\n\n<li><a href='?page_no=2'>2<\/a><\/li>\n\n\n\n<li><a>...<\/a><\/li>\n\n\n\n<li><a href='?page_no=826'>826<\/a><\/li>\n\n\n\n<li><a href='?page_no=827'>827<\/a><\/li>\n\n\n\n<li class='active'><a>828<\/a><\/li>\n\n\n\n<li><a href='?page_no=829'>829<\/a><\/li>\n\n\n\n<li><a href='?page_no=830'>830<\/a><\/li>\n\n\n\n<li><a>...<\/a><\/li>\n\n\n\n<li><a href='?page_no=22911'>22911<\/a><\/li>\n\n\n\n<li><a href='?page_no=22912'>22912<\/a><\/li>\n\n    \n\t\n\n<li >\n\t<a href='?page_no=829'>Next<\/a>\n\t<\/li>\n\n\n    \n\n<li><a href='?page_no=22912'>Last &rsaquo;&rsaquo;<\/a><\/li>\n\n<\/ul>\n\n\n--><br \/>\n<\/body><\/p>\n","protected":false},"excerpt":{"rendered":"<p>Diariodominicano.com Ceremonial para juramentar al presidente Santana En el bolet\u00edn dado a conocer el 13 de febrero de 1853, se precisa que los actos se celebrar\u00e1n el martes 15 de febrero de 1853. En ese momento el Presidente electo ten\u00eda el t\u00edtulo de General Libertador. Por HTN Diariodominicano.com SANTO DOMINGO, el 13 de febrero de [&hellip;]<\/p>\n","protected":false},"author":3,"featured_media":0,"comment_status":"open","ping_status":"open","sticky":false,"template":"","format":"standard","meta":{"footnotes":""},"categories":[21],"tags":[],"class_list":["post-56336","post","type-post","status-publish","format-standard","hentry","category-cultura"],"_links":{"self":[{"href":"https:\/\/diariodominicano.com\/index.php?rest_route=\/wp\/v2\/posts\/56336","targetHints":{"allow":["GET"]}}],"collection":[{"href":"https:\/\/diariodominicano.com\/index.php?rest_route=\/wp\/v2\/posts"}],"about":[{"href":"https:\/\/diariodominicano.com\/index.php?rest_route=\/wp\/v2\/types\/post"}],"author":[{"embeddable":true,"href":"https:\/\/diariodominicano.com\/index.php?rest_route=\/wp\/v2\/users\/3"}],"replies":[{"embeddable":true,"href":"https:\/\/diariodominicano.com\/index.php?rest_route=%2Fwp%2Fv2%2Fcomments&post=56336"}],"version-history":[{"count":0,"href":"https:\/\/diariodominicano.com\/index.php?rest_route=\/wp\/v2\/posts\/56336\/revisions"}],"wp:attachment":[{"href":"https:\/\/diariodominicano.com\/index.php?rest_route=%2Fwp%2Fv2%2Fmedia&parent=56336"}],"wp:term":[{"taxonomy":"category","embeddable":true,"href":"https:\/\/diariodominicano.com\/index.php?rest_route=%2Fwp%2Fv2%2Fcategories&post=56336"},{"taxonomy":"post_tag","embeddable":true,"href":"https:\/\/diariodominicano.com\/index.php?rest_route=%2Fwp%2Fv2%2Ftags&post=56336"}],"curies":[{"name":"wp","href":"https:\/\/api.w.org\/{rel}","templated":true}]}}