{"id":563200,"date":"2024-10-01T13:59:11","date_gmt":"2024-10-01T17:59:11","guid":{"rendered":"https:\/\/diariodominicano.com\/?p=563200"},"modified":"2024-10-01T14:06:22","modified_gmt":"2024-10-01T18:06:22","slug":"dictan-20-anos-de-prision-contra-hombre-que-le-quito-la-vida-a-otro-durante-asalto-en-los-alcarrizos","status":"publish","type":"post","link":"https:\/\/diariodominicano.com\/?p=563200","title":{"rendered":"Dictan 20 a\u00f1os de prisi\u00f3n contra hombre que le quit\u00f3 la vida a otro durante asalto en Los Alcarrizos"},"content":{"rendered":"\n<p>diariodominicano.com<\/p>\n\n\n\n<p><strong>Santo Domingo Oeste,  R. D., 1 de octubre de 2024.\u00a0<\/strong>La Fiscal\u00eda de Santo Domingo Oeste logr\u00f3 20 a\u00f1os de prisi\u00f3n en contra de un hombre acusado de quitarle la vida a otro para robarle una tableta, durante un asalto ocurrido en el sector Hato Nuevo, del municipio Los Alcarrizos.<\/p>\n\n\n\n<p>El Tercer Tribunal Colegiado de este distrito judicial, presidido por la jueza Sandra Josefina Cruz, acogi\u00f3 los elementos probatorios presentados por los fiscales litigantes M\u00e1ximo Rodr\u00edguez y Franchesca Alc\u00e1ntara, y dict\u00f3 la sentencia condenatoria en contra del procesado Deivi Moreta Tejada.<\/p>\n\n\n\n<p>El expediente presentado por el Ministerio P\u00fablico detalla que el hecho ocurri\u00f3 en la calle Principal, del barrio Ciudad de Dios, de dicho sector, en fecha 30 de julio de 2023. Se\u00f1ala que el acusado Moreta Tejada, quien se desplazaba a bordo de una motocicleta como pasajero, intercept\u00f3 a la v\u00edctima Jes\u00fas Alberto Lizardo Alvarado,&nbsp; quien, tras resistirse al atraco, recibi\u00f3 dos disparos en el hemit\u00f3rax izquierdo que le provocaron la muerte. El conductor de la motocicleta hasta el momento no ha sido identificado.<\/p>\n\n\n\n<p>El tribunal conden\u00f3 a Moreta Tejada por violar los art\u00edculos 265, 266, 2-379, 382, 383, 295, 304-II del C\u00f3digo Penal Dominicano, que tipifican la asociaci\u00f3n de malhechores, homicidio voluntario y el robo agravado, cometidos en perjuicio del fallecido Lizardo Alvarado.<\/p>\n\n\n\n<p>El acusado cumplir\u00e1 la condena en el Centro de Privaci\u00f3n de Libertad\u00a0 (CPL) La Victoria, en Santo Domingo Norte, provincia Santo Domingo.<\/p>\n\n\n\n<p><strong>Comunicaciones PGR<\/strong><\/p>\n","protected":false},"excerpt":{"rendered":"<p>diariodominicano.com Santo Domingo Oeste, R. D., 1 de octubre de 2024.\u00a0La Fiscal\u00eda de Santo Domingo Oeste logr\u00f3 20 a\u00f1os de prisi\u00f3n en contra de un hombre acusado de quitarle la vida a otro para robarle una tableta, durante un asalto ocurrido en el sector Hato Nuevo, del municipio Los Alcarrizos. El Tercer Tribunal Colegiado de [&hellip;]<\/p>\n","protected":false},"author":5,"featured_media":420148,"comment_status":"closed","ping_status":"closed","sticky":true,"template":"","format":"standard","meta":{"footnotes":""},"categories":[24,27],"tags":[],"class_list":["post-563200","post","type-post","status-publish","format-standard","has-post-thumbnail","hentry","category-justicia-y-derecho","category-portada"],"_links":{"self":[{"href":"https:\/\/diariodominicano.com\/index.php?rest_route=\/wp\/v2\/posts\/563200","targetHints":{"allow":["GET"]}}],"collection":[{"href":"https:\/\/diariodominicano.com\/index.php?rest_route=\/wp\/v2\/posts"}],"about":[{"href":"https:\/\/diariodominicano.com\/index.php?rest_route=\/wp\/v2\/types\/post"}],"author":[{"embeddable":true,"href":"https:\/\/diariodominicano.com\/index.php?rest_route=\/wp\/v2\/users\/5"}],"replies":[{"embeddable":true,"href":"https:\/\/diariodominicano.com\/index.php?rest_route=%2Fwp%2Fv2%2Fcomments&post=563200"}],"version-history":[{"count":1,"href":"https:\/\/diariodominicano.com\/index.php?rest_route=\/wp\/v2\/posts\/563200\/revisions"}],"predecessor-version":[{"id":563201,"href":"https:\/\/diariodominicano.com\/index.php?rest_route=\/wp\/v2\/posts\/563200\/revisions\/563201"}],"wp:featuredmedia":[{"embeddable":true,"href":"https:\/\/diariodominicano.com\/index.php?rest_route=\/wp\/v2\/media\/420148"}],"wp:attachment":[{"href":"https:\/\/diariodominicano.com\/index.php?rest_route=%2Fwp%2Fv2%2Fmedia&parent=563200"}],"wp:term":[{"taxonomy":"category","embeddable":true,"href":"https:\/\/diariodominicano.com\/index.php?rest_route=%2Fwp%2Fv2%2Fcategories&post=563200"},{"taxonomy":"post_tag","embeddable":true,"href":"https:\/\/diariodominicano.com\/index.php?rest_route=%2Fwp%2Fv2%2Ftags&post=563200"}],"curies":[{"name":"wp","href":"https:\/\/api.w.org\/{rel}","templated":true}]}}