{"id":563106,"date":"2024-09-30T23:57:30","date_gmt":"2024-10-01T03:57:30","guid":{"rendered":"https:\/\/diariodominicano.com\/?p=563106"},"modified":"2024-09-30T23:57:32","modified_gmt":"2024-10-01T03:57:32","slug":"afirman-rd-posee-capacidad-productiva-de-arroz","status":"publish","type":"post","link":"https:\/\/diariodominicano.com\/?p=563106","title":{"rendered":"Afirman: RD posee capacidad productiva de arroz"},"content":{"rendered":"\n<p><em>Viceministro de Producci\u00f3n Agricultura Eulalio Ram\u00edrez destaca aportes del sector en feria<\/em><\/p>\n\n\n\n<p><strong>Jima Abajo, La Vega.-<\/strong>&nbsp;Con un despliegue de las mejores variedades del cereal insignia y principal ingrediente de la canasta b\u00e1sica que consume Rep\u00fablica Dominicana qued\u00f3 inaugurada la Tercera Versi\u00f3n de la Feria del Arroz de esta demarcaci\u00f3n.<\/p>\n\n\n\n<p>Al dar apertura a la actividad que se desarroll\u00f3 durante varios d\u00edas, el viceministro de Producci\u00f3n y Mercadeo del Ministerio de Agricultura, Eulalio Ram\u00edrez, indic\u00f3 que, esta actividad muestra lo mejor de la producci\u00f3n de las 21 provincias donde se cultiva el cereal.<\/p>\n\n\n\n<p>Ram\u00edrez puntualiz\u00f3 que el sector arrocero constituye una de las \u00e1reas m\u00e1s representativas del \u00e1mbito productivo agropecuario, ya que cuenta con m\u00e1s de 30 mil productores, crea m\u00e1s de 80 mil empleos directos y m\u00e1s de 50 mil indirectos.<\/p>\n\n\n\n<p>Adem\u00e1s, se cultivan m\u00e1s de un mill\u00f3n quinientas mil tareas divididas en dos cosechas, lo que representa m\u00e1s de tres millones de tareas productivas del rubro m\u00e1s importante y de mayor consumo en la dieta del dominicano.<\/p>\n\n\n\n<p>Dijo que actualmente se espera una de las mejores cosechas, con una productividad que superar\u00e1 m\u00e1s de 14 millones de quintales, ya que al cierre de agosto se hab\u00eda colectado alrededor de 9.7 millones de quintales, faltando m\u00e1s de un mill\u00f3n 200 mil tareas por cosechar.<\/p>\n\n\n\n<p>La Feria este a\u00f1o estuvo dedicada al senador Rogelio Genao de la provincia La Vega.<\/p>\n\n\n\n<p><strong>Periodista Erick Montilla<\/strong><br>Director de Comunicaciones, Prensa y RR.PP.<br>Ministerio de Agricultura<\/p>\n","protected":false},"excerpt":{"rendered":"<p>Viceministro de Producci\u00f3n Agricultura Eulalio Ram\u00edrez destaca aportes del sector en feria Jima Abajo, La Vega.-&nbsp;Con un despliegue de las mejores variedades del cereal insignia y principal ingrediente de la canasta b\u00e1sica que consume Rep\u00fablica Dominicana qued\u00f3 inaugurada la Tercera Versi\u00f3n de la Feria del Arroz de esta demarcaci\u00f3n. Al dar apertura a la actividad [&hellip;]<\/p>\n","protected":false},"author":28,"featured_media":563107,"comment_status":"closed","ping_status":"closed","sticky":true,"template":"","format":"standard","meta":{"footnotes":""},"categories":[18],"tags":[],"class_list":["post-563106","post","type-post","status-publish","format-standard","has-post-thumbnail","hentry","category-economia"],"_links":{"self":[{"href":"https:\/\/diariodominicano.com\/index.php?rest_route=\/wp\/v2\/posts\/563106","targetHints":{"allow":["GET"]}}],"collection":[{"href":"https:\/\/diariodominicano.com\/index.php?rest_route=\/wp\/v2\/posts"}],"about":[{"href":"https:\/\/diariodominicano.com\/index.php?rest_route=\/wp\/v2\/types\/post"}],"author":[{"embeddable":true,"href":"https:\/\/diariodominicano.com\/index.php?rest_route=\/wp\/v2\/users\/28"}],"replies":[{"embeddable":true,"href":"https:\/\/diariodominicano.com\/index.php?rest_route=%2Fwp%2Fv2%2Fcomments&post=563106"}],"version-history":[{"count":1,"href":"https:\/\/diariodominicano.com\/index.php?rest_route=\/wp\/v2\/posts\/563106\/revisions"}],"predecessor-version":[{"id":563108,"href":"https:\/\/diariodominicano.com\/index.php?rest_route=\/wp\/v2\/posts\/563106\/revisions\/563108"}],"wp:featuredmedia":[{"embeddable":true,"href":"https:\/\/diariodominicano.com\/index.php?rest_route=\/wp\/v2\/media\/563107"}],"wp:attachment":[{"href":"https:\/\/diariodominicano.com\/index.php?rest_route=%2Fwp%2Fv2%2Fmedia&parent=563106"}],"wp:term":[{"taxonomy":"category","embeddable":true,"href":"https:\/\/diariodominicano.com\/index.php?rest_route=%2Fwp%2Fv2%2Fcategories&post=563106"},{"taxonomy":"post_tag","embeddable":true,"href":"https:\/\/diariodominicano.com\/index.php?rest_route=%2Fwp%2Fv2%2Ftags&post=563106"}],"curies":[{"name":"wp","href":"https:\/\/api.w.org\/{rel}","templated":true}]}}