{"id":563014,"date":"2024-09-30T18:17:07","date_gmt":"2024-09-30T22:17:07","guid":{"rendered":"https:\/\/diariodominicano.com\/?p=563014"},"modified":"2024-09-30T18:23:36","modified_gmt":"2024-09-30T22:23:36","slug":"espectacular-regreso-a-los-escenarios-de-chyno-y-nacho-en-la-primera-parada-de-su-gira-por-eeuu","status":"publish","type":"post","link":"https:\/\/diariodominicano.com\/?p=563014","title":{"rendered":"Espectacular regreso a los escenarios de Chyno y Nacho en la primera parada de su gira por EEUU"},"content":{"rendered":"\n<p>Los acompa\u00f1aron en el escenario invitados sorpresa como Gente de Zona, Maffio y Carmen Deleon.<\/p>\n\n\n\n<p>El ic\u00f3nico d\u00fao venezolano Chyno y Nacho regres\u00f3 a los escenarios por todo lo alto, despu\u00e9s de siete a\u00f1os de carreras por separado, con el primer concierto de su esperada gira por EEUU \u201cEternos Tour\u201d en el Hard Rock Live at Seminole Hard Rock Hotel and Casino (Florida).<\/p>\n\n\n\n<p>\u201cHacemos esto por un prop\u00f3sito mucho m\u00e1s grande que nosotros. No se trata de negocios, sino de la misi\u00f3n que Dios nos encomend\u00f3: hacerlos felices a todos y a cada uno de ustedes, mostrarles el regalo m\u00e1s bello de la vida, que es el perd\u00f3n, y la valent\u00eda de levantarnos si un d\u00eda nos caemos\u201d, afirm\u00f3 Nacho durante el espect\u00e1culo.<\/p>\n\n\n\n<figure class=\"wp-block-gallery has-nested-images columns-default is-cropped wp-block-gallery-1 is-layout-flex wp-block-gallery-is-layout-flex\">\n<figure class=\"wp-block-image size-large\"><img loading=\"lazy\" decoding=\"async\" width=\"1024\" height=\"596\" data-id=\"563021\" src=\"https:\/\/diariodominicano.com\/wp-content\/uploads\/2024\/09\/Espectacular-regreso-a-los-escenarios-Chyno-y-Nacho-en-la-primera-parada-de-su-gira-por-EEU-1024x596.jpg\" alt=\"\" class=\"wp-image-563021\" srcset=\"https:\/\/diariodominicano.com\/wp-content\/uploads\/2024\/09\/Espectacular-regreso-a-los-escenarios-Chyno-y-Nacho-en-la-primera-parada-de-su-gira-por-EEU-1024x596.jpg 1024w, https:\/\/diariodominicano.com\/wp-content\/uploads\/2024\/09\/Espectacular-regreso-a-los-escenarios-Chyno-y-Nacho-en-la-primera-parada-de-su-gira-por-EEU-300x175.jpg 300w, https:\/\/diariodominicano.com\/wp-content\/uploads\/2024\/09\/Espectacular-regreso-a-los-escenarios-Chyno-y-Nacho-en-la-primera-parada-de-su-gira-por-EEU-768x447.jpg 768w, https:\/\/diariodominicano.com\/wp-content\/uploads\/2024\/09\/Espectacular-regreso-a-los-escenarios-Chyno-y-Nacho-en-la-primera-parada-de-su-gira-por-EEU-816x475.jpg 816w, https:\/\/diariodominicano.com\/wp-content\/uploads\/2024\/09\/Espectacular-regreso-a-los-escenarios-Chyno-y-Nacho-en-la-primera-parada-de-su-gira-por-EEU.jpg 1200w\" sizes=\"auto, (max-width: 1024px) 100vw, 1024px\" \/><\/figure>\n<\/figure>\n\n\n\n<p>Desde el inicio del concierto, el ambiente estuvo cargado de energ\u00eda. El d\u00fao se present\u00f3 con una megacoreograf\u00eda animando las canciones, y los pasos de Nacho no se quedaron atr\u00e1s.<\/p>\n\n\n\n<p>Hubo varios cambios de outfits; cada conjunto reflej\u00f3 la evoluci\u00f3n y estilo del d\u00fao. A medida que interpretaron sus grandes \u00e9xitos, la nostalgia se sent\u00eda en el p\u00fablico, que cant\u00f3 al un\u00edsono y revivi\u00f3 recuerdos.<\/p>\n\n\n\n<p>\u201cNos llena de orgullo poder ofrecer al p\u00fablico esta incre\u00edble experiencia: el regreso del gran d\u00fao Chyno y Nacho. \u00a1Miami fue un \u00e9xito rotundo y esto es solo el comienzo!\u00bb, expres\u00f3 Nelson Albareda, CEO de Loud And Live, promotor de la gira \u201cEternos Tour\u201d.<\/p>\n\n\n\n<figure class=\"wp-block-gallery has-nested-images columns-default is-cropped wp-block-gallery-2 is-layout-flex wp-block-gallery-is-layout-flex\">\n<figure class=\"wp-block-image size-large\"><img loading=\"lazy\" decoding=\"async\" width=\"1024\" height=\"634\" data-id=\"563022\" src=\"https:\/\/diariodominicano.com\/wp-content\/uploads\/2024\/09\/Espectacular-regreso-a-los-escenarios-de-Chyno-y-Nacho-en-la-primera-parada-de-gira-por-EEUU-1024x634.jpg\" alt=\"\" class=\"wp-image-563022\" srcset=\"https:\/\/diariodominicano.com\/wp-content\/uploads\/2024\/09\/Espectacular-regreso-a-los-escenarios-de-Chyno-y-Nacho-en-la-primera-parada-de-gira-por-EEUU-1024x634.jpg 1024w, https:\/\/diariodominicano.com\/wp-content\/uploads\/2024\/09\/Espectacular-regreso-a-los-escenarios-de-Chyno-y-Nacho-en-la-primera-parada-de-gira-por-EEUU-300x186.jpg 300w, https:\/\/diariodominicano.com\/wp-content\/uploads\/2024\/09\/Espectacular-regreso-a-los-escenarios-de-Chyno-y-Nacho-en-la-primera-parada-de-gira-por-EEUU-768x476.jpg 768w, https:\/\/diariodominicano.com\/wp-content\/uploads\/2024\/09\/Espectacular-regreso-a-los-escenarios-de-Chyno-y-Nacho-en-la-primera-parada-de-gira-por-EEUU-816x505.jpg 816w, https:\/\/diariodominicano.com\/wp-content\/uploads\/2024\/09\/Espectacular-regreso-a-los-escenarios-de-Chyno-y-Nacho-en-la-primera-parada-de-gira-por-EEUU.jpg 1200w\" sizes=\"auto, (max-width: 1024px) 100vw, 1024px\" \/><\/figure>\n<\/figure>\n\n\n\n<p>Momentos emotivos marcaron la noche, ya que Chyno y Nacho compartieron an\u00e9cdotas y agradecimientos. Profundizaron la conexi\u00f3n con sus fans, sin olvidar el gran retorno de Chyno, a quien le hicieron porras durante el show y fue un momento muy emotivo. Fue una celebraci\u00f3n llena de alegr\u00eda y sentimiento, un regreso triunfal que reson\u00f3 en los corazones de todos los presentes.<\/p>\n\n\n\n<p>Chyno y Nacho cantaron sus cl\u00e1sicos como \u201cTu Angelito\u201d y \u201cEl Poeta\u201d, adem\u00e1s de temas m\u00e1s recientes como \u201cRaro\u201d.<\/p>\n\n\n\n<p>El p\u00fablico reaccion\u00f3 con fuerza cuando subieron al escenario los invitados sorpresa Gente de Zona y Maffio, para interpretar \u201cT\u00fa Me Quemas\u201d y \u201cAndas en Mi Cabeza\u201d.<\/p>\n\n\n\n<p>Producido por Loud And Live, empresa de entretenimiento, marketing, medios y eventos en vivo, c\u00f3mo tambi\u00e9n de la mano de su representante Leonado Herrera. La gira continuar\u00e1 por otras cuatro ciudades de Estados Unidos: Hollywood, Orlando, Houston, Nueva York y Puerto Rico.<\/p>\n\n\n\n<p>Nelson Albareda, CEO de Loud And Live, mostr\u00f3 su satisfacci\u00f3n por organizar la gira del Chyno y Nacho y por la espectacular respuesta del p\u00fablico en la primera parada.<\/p>\n\n\n\n<p>M\u00e1s fechas y ciudades:<\/p>\n\n\n\n<p>Viernes, 25 de octubre de 2024 &#8211; Coca Cola Music Hall, San Juan, Puerto Rico<\/p>\n\n\n\n<p>Domingo 17 de noviembre de 2024 &#8211; Smart Financial Centre &#8211; Houston, Texas<\/p>\n\n\n\n<p>Viernes 22 de noviembre de 2024 &#8211; The Theater at MSG &#8211; Nueva York<\/p>\n\n\n\n<p>Domingo 24 de noviembre de 2024 &#8211; KIA Center &#8211; Orlando, Florida<\/p>\n\n\n\n<p>Boletos a la venta: www.eternostour.com<\/p>\n\n\n\n<p>Jes\u00fas Alberto Miranda P\u00e9rez, m\u00e1s conocido como Chyno Miranda, es un talentoso cantante venezolano que ha dejado una huella imborrable en la industria musical latina. Con m\u00e1s de 15 a\u00f1os de trayectoria, ha ganado un Grammy Latino, tres Premios Juventud, cuatro premios Lo Nuestro, la Antorcha de Oro en Vi\u00f1a del Mar, cuatro Premios Billboard, seis Orqu\u00eddeas y otros reconocimientos internacionales.<\/p>\n\n\n\n<p>Nacho es el artista urbano venezolano actualmente m\u00e1s exitoso y l\u00edder a nivel mundial, dos veces ganador del Grammy Latino, cinco premios Billboard y discos de Platino y Diamante. Cuenta con 8 mil millones de reproducciones en todas las plataformas digitales, m\u00e1s de 3 mil millones de vistas en YouTube y m\u00e1s de 5 millones de oyentes mensuales en Spotify.<\/p>\n\n\n\n<p>@chinoynacho<\/p>\n\n\n\n<p>@chynomiranda<\/p>\n\n\n\n<p>@nacho<\/p>\n\n\n\n<p>ACERCA DE LOUD AND LIVE<\/p>\n\n\n\n<p>Loud And Live, una empresa de entretenimiento, marketing, medios y eventos en vivo, que fusiona m\u00fasica, deportes, estilo de vida y desarrollo de contenido. Con sede en Miami y presencia en los Estados Unidos, Europa y Am\u00e9rica Latina, Loud And Live est\u00e1 impulsada por su pasi\u00f3n por crear experiencias atractivas para audiencias globales.<\/p>\n\n\n\n<p>Fotos: Miguel Le\u00f3n<\/p>\n\n\n\n<p><strong>EB Public Relations<\/strong>\u00a0esther@ebmanagement.io\u00a0<\/p>\n","protected":false},"excerpt":{"rendered":"<p>Los acompa\u00f1aron en el escenario invitados sorpresa como Gente de Zona, Maffio y Carmen Deleon. El ic\u00f3nico d\u00fao venezolano Chyno y Nacho regres\u00f3 a los escenarios por todo lo alto, despu\u00e9s de siete a\u00f1os de carreras por separado, con el primer concierto de su esperada gira por EEUU \u201cEternos Tour\u201d en el Hard Rock Live [&hellip;]<\/p>\n","protected":false},"author":7,"featured_media":563020,"comment_status":"closed","ping_status":"closed","sticky":false,"template":"","format":"standard","meta":{"footnotes":""},"categories":[25],"tags":[281],"class_list":["post-563014","post","type-post","status-publish","format-standard","has-post-thumbnail","hentry","category-gente","tag-chyno-y-nacho"],"_links":{"self":[{"href":"https:\/\/diariodominicano.com\/index.php?rest_route=\/wp\/v2\/posts\/563014","targetHints":{"allow":["GET"]}}],"collection":[{"href":"https:\/\/diariodominicano.com\/index.php?rest_route=\/wp\/v2\/posts"}],"about":[{"href":"https:\/\/diariodominicano.com\/index.php?rest_route=\/wp\/v2\/types\/post"}],"author":[{"embeddable":true,"href":"https:\/\/diariodominicano.com\/index.php?rest_route=\/wp\/v2\/users\/7"}],"replies":[{"embeddable":true,"href":"https:\/\/diariodominicano.com\/index.php?rest_route=%2Fwp%2Fv2%2Fcomments&post=563014"}],"version-history":[{"count":1,"href":"https:\/\/diariodominicano.com\/index.php?rest_route=\/wp\/v2\/posts\/563014\/revisions"}],"predecessor-version":[{"id":563031,"href":"https:\/\/diariodominicano.com\/index.php?rest_route=\/wp\/v2\/posts\/563014\/revisions\/563031"}],"wp:featuredmedia":[{"embeddable":true,"href":"https:\/\/diariodominicano.com\/index.php?rest_route=\/wp\/v2\/media\/563020"}],"wp:attachment":[{"href":"https:\/\/diariodominicano.com\/index.php?rest_route=%2Fwp%2Fv2%2Fmedia&parent=563014"}],"wp:term":[{"taxonomy":"category","embeddable":true,"href":"https:\/\/diariodominicano.com\/index.php?rest_route=%2Fwp%2Fv2%2Fcategories&post=563014"},{"taxonomy":"post_tag","embeddable":true,"href":"https:\/\/diariodominicano.com\/index.php?rest_route=%2Fwp%2Fv2%2Ftags&post=563014"}],"curies":[{"name":"wp","href":"https:\/\/api.w.org\/{rel}","templated":true}]}}