{"id":562950,"date":"2024-09-30T10:38:30","date_gmt":"2024-09-30T14:38:30","guid":{"rendered":"https:\/\/diariodominicano.com\/?p=562950"},"modified":"2026-01-02T18:12:39","modified_gmt":"2026-01-02T22:12:39","slug":"ministerio-dominicano-de-educacion-asumira-mantenimiento-de-escuelas","status":"publish","type":"post","link":"https:\/\/diariodominicano.com\/?p=562950","title":{"rendered":"Ministerio dominicano de Educaci\u00f3n asumir\u00e1 mantenimiento de escuelas"},"content":{"rendered":"\n<p>diariodominicano.com<\/p>\n\n\n\n<p>Santo Domingo, 30 sep (Prensa Latina) El Ministerio dominicano de Educaci\u00f3n (Minerd) iniciar\u00e1 hoy un levantamiento a nivel nacional de los planteles escolares que se encuentran en mal estado constructivo con el fin de definir el presupuesto requerido para su mantenimiento. As\u00ed lo inform\u00f3 el director de Mantenimiento e Infraestructura Escolar, Fernando Taveras, quien explic\u00f3 que aunque durante los \u00faltimos a\u00f1os la conservaci\u00f3n de estos inmuebles se realiz\u00f3 con una parte de los recursos otorgados a las Juntas Distritales, el Minerd decidi\u00f3 asumir esa tarea en su totalidad desde la sede central.<\/p>\n\n\n\n<p>Taveras precis\u00f3 que este lunes directivos de esa cartera, junto a ingenieros y t\u00e9cnicos, se trasladar\u00e1n al municipio San Francisco de Macor\u00eds, provincia Duarte, para definir las necesidades de los centros educativos Ercilia Pep\u00edn y Am\u00e9rico Lugo, que funcionan en un mismo plantel, as\u00ed como las demandas del polit\u00e9cnico Manuel Mar\u00eda Castillo.<\/p>\n\n\n\n<p>Reconoci\u00f3 que muchos de esos espacios precisan mantenimiento y son numerosos los casos en que la comunidad educativa plantea a la Direcci\u00f3n de Infraestructura Escolar la construcci\u00f3n de nuevas facilidades, como un techo para una cancha deportiva o m\u00e1s aulas.<\/p>\n\n\n\n<p>Aclar\u00f3 que en la decisi\u00f3n de qu\u00e9 escuela se atender\u00e1 primero intervienen varios factores, entre ellos el estatus de la obra, el pago al contratista y su ritmo de trabajo.<\/p>\n\n\n\n<p>Taveras anunci\u00f3 que durante el venidero mes de octubre ser\u00e1n inaugurados 27 nuevos centros educativos en Monte Plata, Espaillat, Santiago de los Caballeros, Valverde, Santo Domingo, Duarte, Montecristi, Saman\u00e1; La Vega y La Altagracia, entre otros.<\/p>\n\n\n\n<p>En las \u00faltimas semanas varias organizaciones, docentes y comunidades de vecinos se han quejado en distintos municipios del pa\u00eds por el mal estado constructivo de planteles, obras sin entregar y la superpoblaci\u00f3n en aulas.<\/p>\n\n\n\n<p>A inicios de este mes, la Asociaci\u00f3n Dominicana de Profesores seccional Santiago de los Caballeros suspendi\u00f3 la docencia en las escuelas de esa provincia y durante una asamblea acord\u00f3 un plan de lucha.<\/p>\n\n\n\n<p>Mientras, organizaciones comunitarias de la provincia Espaillat denunciaron que 250 alumnos del centro educativo Ulpiano C\u00f3rdoba, ubicado en el distrito municipal Jos\u00e9 Contreras (Villa Trina), corren riesgo debido a las grietas que presenta el plantel.<\/p>\n\n\n\n<p>En el municipio de San Francisco de Macor\u00eds, en la provincia Duarte, profesores tambi\u00e9n protestaron este mes por el mal estado de algunos colegios, public\u00f3 El Caribe.<\/p>\n\n\n\n<p>El pasado d\u00eda 25 residentes en barrios La Ci\u00e9naga, Los Guandules y Guachupita denunciaron la falta de aulas para sus hijos y recorrieron varias calles de sus respectivos sectores hasta llegar a un solar vac\u00edo donde supuestamente debe construirse una escuela.<\/p>\n\n\n\n<p>El presidente dominicano, Luis Abinader, inst\u00f3 a un pacto por la calidad de la educaci\u00f3n con la participaci\u00f3n de todas las fuerzas de la naci\u00f3n, durante la inauguraci\u00f3n del curso escolar el 26 de agosto \u00faltimo.<\/p>\n\n\n\n<p>Si bien el Gobierno insiste en la capacitaci\u00f3n de los docentes y la incorporaci\u00f3n de las tecnolog\u00edas al proceso de aprendizaje, todo indica que el mejoramiento de las condiciones en las escuelas y la terminaci\u00f3n o ampliaci\u00f3n de otras es una asignatura pendiente.<\/p>\n\n\n\n<p>mem\/mpv<\/p>\n","protected":false},"excerpt":{"rendered":"<p>diariodominicano.com Santo Domingo, 30 sep (Prensa Latina) El Ministerio dominicano de Educaci\u00f3n (Minerd) iniciar\u00e1 hoy un levantamiento a nivel nacional de los planteles escolares que se encuentran en mal estado constructivo con el fin de definir el presupuesto requerido para su mantenimiento. As\u00ed lo inform\u00f3 el director de Mantenimiento e Infraestructura Escolar, Fernando Taveras, quien [&hellip;]<\/p>\n","protected":false},"author":5,"featured_media":563008,"comment_status":"closed","ping_status":"closed","sticky":true,"template":"","format":"standard","meta":{"footnotes":""},"categories":[20,27],"tags":[280,615],"class_list":["post-562950","post","type-post","status-publish","format-standard","has-post-thumbnail","hentry","category-dominicana-hoy","category-portada","tag-minerd","tag-ministerio-de-educacion"],"_links":{"self":[{"href":"https:\/\/diariodominicano.com\/index.php?rest_route=\/wp\/v2\/posts\/562950","targetHints":{"allow":["GET"]}}],"collection":[{"href":"https:\/\/diariodominicano.com\/index.php?rest_route=\/wp\/v2\/posts"}],"about":[{"href":"https:\/\/diariodominicano.com\/index.php?rest_route=\/wp\/v2\/types\/post"}],"author":[{"embeddable":true,"href":"https:\/\/diariodominicano.com\/index.php?rest_route=\/wp\/v2\/users\/5"}],"replies":[{"embeddable":true,"href":"https:\/\/diariodominicano.com\/index.php?rest_route=%2Fwp%2Fv2%2Fcomments&post=562950"}],"version-history":[{"count":1,"href":"https:\/\/diariodominicano.com\/index.php?rest_route=\/wp\/v2\/posts\/562950\/revisions"}],"predecessor-version":[{"id":562951,"href":"https:\/\/diariodominicano.com\/index.php?rest_route=\/wp\/v2\/posts\/562950\/revisions\/562951"}],"wp:featuredmedia":[{"embeddable":true,"href":"https:\/\/diariodominicano.com\/index.php?rest_route=\/wp\/v2\/media\/563008"}],"wp:attachment":[{"href":"https:\/\/diariodominicano.com\/index.php?rest_route=%2Fwp%2Fv2%2Fmedia&parent=562950"}],"wp:term":[{"taxonomy":"category","embeddable":true,"href":"https:\/\/diariodominicano.com\/index.php?rest_route=%2Fwp%2Fv2%2Fcategories&post=562950"},{"taxonomy":"post_tag","embeddable":true,"href":"https:\/\/diariodominicano.com\/index.php?rest_route=%2Fwp%2Fv2%2Ftags&post=562950"}],"curies":[{"name":"wp","href":"https:\/\/api.w.org\/{rel}","templated":true}]}}