{"id":562919,"date":"2024-09-30T09:25:40","date_gmt":"2024-09-30T13:25:40","guid":{"rendered":"https:\/\/diariodominicano.com\/?p=562919"},"modified":"2024-09-30T09:25:48","modified_gmt":"2024-09-30T13:25:48","slug":"tiendas-joan-fashion-en-alto-manhattan-celebran-mes-hispanidad-con-bajos-precios","status":"publish","type":"post","link":"https:\/\/diariodominicano.com\/?p=562919","title":{"rendered":"Tiendas Joan Fashion en Alto Manhattan celebran Mes Hispanidad con bajos precios"},"content":{"rendered":"\n<p><strong>Por Ram\u00f3n Mercedes<\/strong><\/p>\n\n\n\n<p><strong>NUEVA YORK.-<\/strong>&nbsp;Las prestigiosas tiendas de confecciones de chacabanas \u201cJoan Fashion\u201d, en el Alto Manhattan, propiedad del dise\u00f1ador dominicano Johan Hern\u00e1ndez (Atelier) celebra el Mes de la Herencia Hispana en Estados Unidos con precios bajos de todos sus art\u00edculos.<\/p>\n\n\n\n<p>Para vestir bien y adquirir accesorios de primera, hombres y mujeres est\u00e1n acudiendo a las exclusivas tiendas \u201cJoan Fashion\u201d, establecimientos que se destacan en la alta costura en la Gran Manzana.<\/p>\n\n\n\n<p>De sus tiendas visten artistas como Rafa Rosario, Frank Reyes; pol\u00edticos y funcionarios de NY, entre ellos el alcalde Eric Adams; actual congresista Adriano Espaillat; Jeffrey Garc\u00eda, director de la Oficina de Vida Nocturna-NYC; el ex gobernador Mario Cuomo, el exalcalde Bill de Blasio; profesionales y empresarios del pa\u00eds caribe\u00f1o.<\/p>\n\n\n\n<p>Sus tiendas, ubicadas en el 611 W de la calle 207, esquina Broadway (212- 942-0300 y 212- 567-6822) y en el 501 W de la misma calle, esquina avenida Post (347- 813-1651) mantienen las demandas de los artistas, pol\u00edticos, empresarios, profesionales y ciudadanos comunes.<\/p>\n\n\n\n<p>En ambas tiendas son especialistas en confeccionar \u201cchacabanas\u201d acompa\u00f1adas de accesorios.<\/p>\n\n\n\n<p>A Hern\u00e1ndez se le identifica como el rey de la \u201cchacabanas\u201d en la Metr\u00f3poli. Ha introducido estilos modernos y colores de vestir, casual y elegante, tanto para el hombre como la mujer para cualquier ocasi\u00f3n.<\/p>\n\n\n\n<p>Dijo que su l\u00ednea significa un sue\u00f1o hecho realidad, que trae un nuevo concepto en NYC, utilizando tejidos ex\u00f3ticos y poco convencionales como el Denim y otros elementos especiales al gusto del cliente.<\/p>\n\n\n\n<p>Confecciona a la medida en m\u00e1s de 32 colores, seleccionando tejidos desde lino, algod\u00f3n y piqu\u00e9. Tambi\u00e9n presenta un extenso cat\u00e1logo, destac\u00e1ndose la diversidad en sus creaciones.<\/p>\n\n\n\n<p>Por su profesionalidad en la costura ha recibido reconocimientos del Senado y Asamblea del estado de NY, y de varias instituciones de profesionales y comunitarias.<\/p>\n\n\n\n<p>La ocasi\u00f3n es propicia para darlo a conocer en el \u201cMes Nacional de la Herencia Hispana\u201d en USA (15 de septiembre al 15 octubre) donde se reconocen las contribuciones e influencia de los hispanos en la historia, cultura y sus logros en territorio estadounidense.<\/p>\n","protected":false},"excerpt":{"rendered":"<p>Por Ram\u00f3n Mercedes NUEVA YORK.-&nbsp;Las prestigiosas tiendas de confecciones de chacabanas \u201cJoan Fashion\u201d, en el Alto Manhattan, propiedad del dise\u00f1ador dominicano Johan Hern\u00e1ndez (Atelier) celebra el Mes de la Herencia Hispana en Estados Unidos con precios bajos de todos sus art\u00edculos. Para vestir bien y adquirir accesorios de primera, hombres y mujeres est\u00e1n acudiendo a [&hellip;]<\/p>\n","protected":false},"author":28,"featured_media":562920,"comment_status":"closed","ping_status":"closed","sticky":true,"template":"","format":"standard","meta":{"footnotes":""},"categories":[36,18,25,23],"tags":[],"class_list":["post-562919","post","type-post","status-publish","format-standard","has-post-thumbnail","hentry","category-hombresmujeresycosas","category-economia","category-gente","category-internacional"],"_links":{"self":[{"href":"https:\/\/diariodominicano.com\/index.php?rest_route=\/wp\/v2\/posts\/562919","targetHints":{"allow":["GET"]}}],"collection":[{"href":"https:\/\/diariodominicano.com\/index.php?rest_route=\/wp\/v2\/posts"}],"about":[{"href":"https:\/\/diariodominicano.com\/index.php?rest_route=\/wp\/v2\/types\/post"}],"author":[{"embeddable":true,"href":"https:\/\/diariodominicano.com\/index.php?rest_route=\/wp\/v2\/users\/28"}],"replies":[{"embeddable":true,"href":"https:\/\/diariodominicano.com\/index.php?rest_route=%2Fwp%2Fv2%2Fcomments&post=562919"}],"version-history":[{"count":1,"href":"https:\/\/diariodominicano.com\/index.php?rest_route=\/wp\/v2\/posts\/562919\/revisions"}],"predecessor-version":[{"id":562921,"href":"https:\/\/diariodominicano.com\/index.php?rest_route=\/wp\/v2\/posts\/562919\/revisions\/562921"}],"wp:featuredmedia":[{"embeddable":true,"href":"https:\/\/diariodominicano.com\/index.php?rest_route=\/wp\/v2\/media\/562920"}],"wp:attachment":[{"href":"https:\/\/diariodominicano.com\/index.php?rest_route=%2Fwp%2Fv2%2Fmedia&parent=562919"}],"wp:term":[{"taxonomy":"category","embeddable":true,"href":"https:\/\/diariodominicano.com\/index.php?rest_route=%2Fwp%2Fv2%2Fcategories&post=562919"},{"taxonomy":"post_tag","embeddable":true,"href":"https:\/\/diariodominicano.com\/index.php?rest_route=%2Fwp%2Fv2%2Ftags&post=562919"}],"curies":[{"name":"wp","href":"https:\/\/api.w.org\/{rel}","templated":true}]}}