{"id":562871,"date":"2024-09-30T01:59:43","date_gmt":"2024-09-30T05:59:43","guid":{"rendered":"https:\/\/diariodominicano.com\/?p=562871"},"modified":"2024-09-30T01:59:48","modified_gmt":"2024-09-30T05:59:48","slug":"realizan-concierto-para-celebrar-75-aniversario-de-fundacion-de-republica-popular-china","status":"publish","type":"post","link":"https:\/\/diariodominicano.com\/?p=562871","title":{"rendered":"Realizan concierto para celebrar 75\u00b0 aniversario de fundaci\u00f3n de Rep\u00fablica Popular China"},"content":{"rendered":"\n<p><em>spanish.news.cn<\/em>|<em>&nbsp;2024-09-30 00:19:45<\/em>|<\/p>\n\n\n\n<p>(Xinhua\/Ju Peng)<\/p>\n\n\n\n<p>BEIJING, 29 sep (Xinhua) &#8212; Un concierto se llev\u00f3 a cabo en el Gran Palacio del Pueblo hoy domingo por la noche para celebrar el 75\u00b0 aniversario de la fundaci\u00f3n de la Rep\u00fablica Popular China (RPCh).<\/p>\n\n\n\n<p>El presidente chino, Xi Jinping, otros l\u00edderes del Partido y del Estado, incluyendo a Li Qiang, Zhao Leji, Wang Huning, Cai Qi, Ding Xuexiang, Li Xi y Han Zheng, as\u00ed como altos l\u00edderes en retiro estuvieron entre las m\u00e1s de 3.000 personas que asistieron al concierto.<\/p>\n\n\n\n<p>El concierto estuvo compuesto por m\u00fasica orquestal, interpretaciones corales, ensambles musicales de instrumentos tradicionales, piano con una banda y otras expresiones art\u00edsticas. Termin\u00f3 cuando todos los presentes cantaron \u00abOda a la patria\u00bb.<\/p>\n\n\n\n<p>El D\u00eda Nacional de China se celebra anualmente el 1 de octubre.<\/p>\n\n\n\n<figure class=\"wp-block-image\"><img decoding=\"async\" src=\"https:\/\/spanish.news.cn\/20240930\/333a766acd5642b18b401a8504fec93e\/cOcw71Ww7lrHWdhb.jpeg\" alt=\"\"\/><\/figure>\n\n\n\n<p>(Xinhua\/Yan Yan)<\/p>\n\n\n\n<figure class=\"wp-block-image\"><img decoding=\"async\" src=\"https:\/\/spanish.news.cn\/20240930\/333a766acd5642b18b401a8504fec93e\/k2v8ilvgRMUuPL44.jpeg\" alt=\"\"\/><\/figure>\n\n\n\n<p>(Xinhua\/Shen Hong)<\/p>\n\n\n\n<p><a href=\"https:\/\/www.facebook.com\/sharer\/sharer.php?u=https:\/\/spanish.news.cn\/20240930\/333a766acd5642b18b401a8504fec93e\/c.html\" target=\"_blank\" rel=\"noreferrer noopener\"><\/a>&nbsp;<a href=\"https:\/\/twitter.com\/intent\/tweet?text=%0A%20%20%20%20%20%20%20%20%20%20%20%20%20%20%20%20%20%20%20%20Realizan%20concierto%20para%20celebrar%2075%C2%B0%20aniversario%20de%20fundaci%C3%B3n%20de%20Rep%C3%BAblica%20Popular%20China%0A%20%20%20%20%20%20%20%20%20%20%20%20%20%20%20%20&amp;url=https:\/\/spanish.news.cn\/20240930\/333a766acd5642b18b401a8504fec93e\/c.html\" target=\"_blank\" rel=\"noreferrer noopener\"><\/a>&nbsp;<a target=\"_blank\" href=\"https:\/\/service.weibo.com\/share\/share.php?title=%0A%20%20%20%20%20%20%20%20%20%20%20%20%20%20%20%20%20%20%20%20Realizan%20concierto%20para%20celebrar%2075%C2%B0%20aniversario%20de%20fundaci%C3%B3n%20de%20Rep%C3%BAblica%20Popular%20China%0A%20%20%20%20%20%20%20%20%20%20%20%20%20%20%20%20&amp;url=https:\/\/spanish.news.cn\/20240930\/333a766acd5642b18b401a8504fec93e\/c.html\" rel=\"noreferrer noopener\"><\/a>&nbsp;<a><\/a><\/p>\n\n\n\n<figure class=\"wp-block-image\"><img decoding=\"async\" src=\"https:\/\/imgs.news.cn\/res\/xhwimg\/spanish\/20170522\/img\/jc-xfa.png\" alt=\"\"\/><\/figure>\n","protected":false},"excerpt":{"rendered":"<p>spanish.news.cn|&nbsp;2024-09-30 00:19:45| (Xinhua\/Ju Peng) BEIJING, 29 sep (Xinhua) &#8212; Un concierto se llev\u00f3 a cabo en el Gran Palacio del Pueblo hoy domingo por la noche para celebrar el 75\u00b0 aniversario de la fundaci\u00f3n de la Rep\u00fablica Popular China (RPCh). El presidente chino, Xi Jinping, otros l\u00edderes del Partido y del Estado, incluyendo a Li [&hellip;]<\/p>\n","protected":false},"author":28,"featured_media":562872,"comment_status":"closed","ping_status":"closed","sticky":true,"template":"","format":"standard","meta":{"footnotes":""},"categories":[26,23],"tags":[],"class_list":["post-562871","post","type-post","status-publish","format-standard","has-post-thumbnail","hentry","category-efemerides","category-internacional"],"_links":{"self":[{"href":"https:\/\/diariodominicano.com\/index.php?rest_route=\/wp\/v2\/posts\/562871","targetHints":{"allow":["GET"]}}],"collection":[{"href":"https:\/\/diariodominicano.com\/index.php?rest_route=\/wp\/v2\/posts"}],"about":[{"href":"https:\/\/diariodominicano.com\/index.php?rest_route=\/wp\/v2\/types\/post"}],"author":[{"embeddable":true,"href":"https:\/\/diariodominicano.com\/index.php?rest_route=\/wp\/v2\/users\/28"}],"replies":[{"embeddable":true,"href":"https:\/\/diariodominicano.com\/index.php?rest_route=%2Fwp%2Fv2%2Fcomments&post=562871"}],"version-history":[{"count":1,"href":"https:\/\/diariodominicano.com\/index.php?rest_route=\/wp\/v2\/posts\/562871\/revisions"}],"predecessor-version":[{"id":562873,"href":"https:\/\/diariodominicano.com\/index.php?rest_route=\/wp\/v2\/posts\/562871\/revisions\/562873"}],"wp:featuredmedia":[{"embeddable":true,"href":"https:\/\/diariodominicano.com\/index.php?rest_route=\/wp\/v2\/media\/562872"}],"wp:attachment":[{"href":"https:\/\/diariodominicano.com\/index.php?rest_route=%2Fwp%2Fv2%2Fmedia&parent=562871"}],"wp:term":[{"taxonomy":"category","embeddable":true,"href":"https:\/\/diariodominicano.com\/index.php?rest_route=%2Fwp%2Fv2%2Fcategories&post=562871"},{"taxonomy":"post_tag","embeddable":true,"href":"https:\/\/diariodominicano.com\/index.php?rest_route=%2Fwp%2Fv2%2Ftags&post=562871"}],"curies":[{"name":"wp","href":"https:\/\/api.w.org\/{rel}","templated":true}]}}