{"id":562738,"date":"2024-09-29T19:37:24","date_gmt":"2024-09-29T23:37:24","guid":{"rendered":"https:\/\/diariodominicano.com\/?p=562738"},"modified":"2024-09-30T00:31:44","modified_gmt":"2024-09-30T04:31:44","slug":"garcia-guerrero-su-tia-rosa-maria-y-el-sim","status":"publish","type":"post","link":"https:\/\/diariodominicano.com\/?p=562738","title":{"rendered":"Garc\u00eda Guerrero, su t\u00eda Rosa Mar\u00eda y el SIM"},"content":{"rendered":"\n<p><strong>Por Juan Cruz Triffolio<\/strong><\/p>\n\n\n\n<p><strong>Soci\u00f3logo \u2013 Comunicador Dominicano<\/strong><\/p>\n\n\n\n<figure class=\"wp-block-image size-full\"><img loading=\"lazy\" decoding=\"async\" width=\"526\" height=\"720\" src=\"https:\/\/diariodominicano.com\/wp-content\/uploads\/2024\/09\/Teniente-Amado-Garcia-Guerrero.jpg\" alt=\"\" class=\"wp-image-562740\" srcset=\"https:\/\/diariodominicano.com\/wp-content\/uploads\/2024\/09\/Teniente-Amado-Garcia-Guerrero.jpg 526w, https:\/\/diariodominicano.com\/wp-content\/uploads\/2024\/09\/Teniente-Amado-Garcia-Guerrero-219x300.jpg 219w\" sizes=\"auto, (max-width: 526px) 100vw, 526px\" \/><\/figure>\n\n\n\n<p><strong>Teniente Amado Garc\u00eda Guerrero <\/strong><\/p>\n\n\n\n<p>A corta distancia al Oeste de la otrora Escuela Laboral Concepci\u00f3n Bona y el portentoso local del Palacio de Radio y Televisi\u00f3n La Voz Dominicana, en una modesta vivienda ubicada en la estrecha y congestionada avenida San Mart\u00edn, en la capital dominicana, se registra un escenario donde se produjo un doloroso hecho que, adem\u00e1s de conmover la conciencia nacional, agigant\u00f3 el temor y la intranquilidad entre los pobladores de la denominada Ciudad Primada de Am\u00e9rica.<\/p>\n\n\n\n<p>All\u00ed, en el restringido inmueble marcado con el n\u00famero 59, resid\u00eda, haciendo gala de una humildad y solidaridad humana que resaltaba entre los vecinos residentes en la zona, la se\u00f1ora Rosa Mar\u00eda Garc\u00eda Pereyra, t\u00eda del teniente Amado Garc\u00eda Guerrero, quien formara parte del grupo de conjurados en la muerte del s\u00e1trapa Rafael Le\u00f3nidas Trujillo Molina, la noche del 30 Mayo, 1961, en un tramo de la Avenida George Washington en el Distrito Nacional.<\/p>\n\n\n\n<p>Para entonces, do\u00f1a Rosa Mar\u00eda ten\u00eda 69 a\u00f1os de edad y su vida discurr\u00eda normalmente, tal como acontec\u00eda con las ciudadanas tradicionales y responsables de su \u00e9poca, sumergida, fundamentalmente, en el cumplimiento de sus quehaceres dom\u00e9sticos.<\/p>\n\n\n\n<p>Conforme al interrogatorio a que fuera sometida la apacible se\u00f1ora por parte del magistrado juez de instrucci\u00f3n de la primera circunscripci\u00f3n del distrito judicial de Santo Domingo, asistido del infrascrito secretario, Ricardo Francisco Gaspar Theven\u00edn, a consecuencia de la intervenci\u00f3n del teniente Amado Garc\u00eda Guerrero en la muerte del mandatario sancristobalense, sus respuestas resultaron muy espont\u00e1neas al tiempo de reflejar una sinceridad extraordinaria.<\/p>\n\n\n\n<p>Sobre el hecho imputado a su sobrino y otros implicados, do\u00f1a Rosa Mar\u00eda Garc\u00eda Pereyra se circunscribi\u00f3 a decir que \u201c\u2026no ten\u00eda conocimiento del atentado que quit\u00f3 la vida del general\u00edsimo Trujillo y mi participaci\u00f3n, que fue accidental, en ese hecho criminal, fue la de albergar en mi casa a mi sobrino el primer teniente Amado Garc\u00eda Guerrero, A.M.\u201d.<\/p>\n\n\n\n<p>Al solicitarle que explicara c\u00f3mo lleg\u00f3 el militar a su vivienda, la noble dama, sin titubeo ni temor, reflej\u00f3 responsabilidad y valent\u00eda al responder con precisi\u00f3n ante los representantes judiciales.<\/p>\n\n\n\n<p>\u201cSiendo aproximadamente las tres de la tarde del d\u00eda primero de junio en curso, lleg\u00f3 hasta mi casa ubicada en la avenida San Mart\u00edn 59, de esta ciudad, mi indicado sobrino y me dijo, despu\u00e9s de hablar de cosas sin importancia, que lo dejara dormir en mi casa por esa noche. Yo le dije que s\u00ed, y cuando lleg\u00f3 la hora de la cena le invit\u00e9 a cenar, s\u00f3lo tom\u00f3 un poco de caf\u00e9, tom\u00f3 el peri\u00f3dico y se puso a leerlo y cuando lo termin\u00f3 se fue a acostar\u201d.<\/p>\n\n\n\n<p>En aparente inter\u00e9s de dejar establecido como finaliz\u00f3 el drama vivido, la se\u00f1ora Garc\u00eda Pereyra prosigue exponiendo lo siguiente:<\/p>\n\n\n\n<p>\u201cDespu\u00e9s de estar acostado, no recuerdo exactamente qu\u00e9 tiempo pas\u00f3 cuando llamaron a la puerta. De inmediato mi sobrino se levant\u00f3 abri\u00f3 la puerta haciendo disparos, los cuales fueron contestados desde afuera y mi sobrino cay\u00f3 herido dentro de mi casa. En eso penetraron los agentes del Servicio de Inteligencia Militar, los cuales se llevaron a mi sobrino que se encontraba herido en el suelo, y a mi\u201d.<\/p>\n\n\n\n<p>Algunas versiones diferentes sobre el hecho reflejan otra realidad en torno al final de la vida del primer teniente Garc\u00eda Guerrero, sosteniendo que tan pronto abri\u00f3 la puerta principal de la vivienda de su t\u00eda, cubierto con una camisilla en la parte superior de su cuerpo, termin\u00f3 siendo acribillado por los miembros del SIM, muriendo de inmediato.<\/p>\n\n\n\n<p>Sobre esta tragedia hay quienes aseguran que existen fotos del conjurado que testimonian la veracidad de lo anteriormente narrado.<\/p>\n\n\n\n<p>Otros investigadores sostienen que, en unos minutos, cuando el enfrentamiento parec\u00eda haber terminado, el aguerrido Amado Garc\u00eda Guerrero vaci\u00f3 su pistola 45, la volvi\u00f3 a cargar y tuvo tiempo de hacer varios tiros m\u00e1s antes de que el raso Ciriaco de la Rosa lo matara a balazos.<\/p>\n\n\n\n<p>Al momento del ajusticiamiento del dictador Trujillo, el teniente Amado Garc\u00eda Guerrero pertenec\u00eda al Cuerpo de Ayudantes Militares de la Presidencia de la Rep\u00fablica, y en la acci\u00f3n sufri\u00f3 una herida menor en una pierna.<\/p>\n\n\n\n<p>Para tener una idea sobre la persecuci\u00f3n y violencia y situaci\u00f3n de terror desatada contra los familiares y amigos de los hombres de la gesta de Mayo de 1961, vale la pena resaltar que tres d\u00edas despu\u00e9s del salvaje crimen del teniente Garc\u00eda Guerrero, por la noche, a pocos pasos del Parque Independencia, agente del SIM asesinaron a Antonio de la Maza y a Juan Tom\u00e1s D\u00edaz quienes hasta el momento hab\u00edan escapado a su persecuci\u00f3n, escondidos en la casa del reputado m\u00e9dico Robert Reid Cabral.<\/p>\n\n\n\n<p>Ese domingo 4 de junio, 1961, hab\u00edan sido capturados Salvador Estrella Sahdal\u00e1, Luis Manuel C\u00e1ceres Michel -Tunti- y Marcelino V\u00e9lez Santana, implicados en la muerte de Trujillo.<\/p>\n\n\n\n<p>De igual modo, al cierre de estas acotaciones, perm\u00edtannos precisar, en \u00e1nimo de que no se olvide, que el teniente Amado Garc\u00eda Guerrero es un referente paradigm\u00e1tico del dominicano amante de la libertad de pensamiento y expresi\u00f3n como cimiento de la aut\u00e9ntica democracia, sin importar que para su materializaci\u00f3n sea necesario sacrificar la vida humana.<\/p>\n\n\n\n<p>Recordarlo y emular su ejemplo es un deber patrio ineludible.<\/p>\n\n\n\n<p>T\u00e9ngalo presente&#8230;&#8211;<\/p>\n\n\n\n<p><strong>Juan Cruz Triffolio<\/strong><\/p>\n\n\n\n<p><strong>Soci\u00f3logo \u2013 Comunicador Dominicano<\/strong><\/p>\n\n\n\n<p><strong><a href=\"mailto:Triffolio@gmail.com\" target=\"_blank\" rel=\"noreferrer noopener\">Triffolio@gmail.com<\/a><\/strong><br>Santo Domingo Este, R.D.<br>Visite:\u00a0<a href=\"http:\/\/www.conpuntoycoma.com\/\" target=\"_blank\" rel=\"noreferrer noopener\">www.conpuntoycoma.com<\/a><\/p>\n\n\n\n<p>T\u00e9ngalo presente&#8230;&#8211;<\/p>\n\n\n\n<p><\/p>\n","protected":false},"excerpt":{"rendered":"<p>Por Juan Cruz Triffolio Soci\u00f3logo \u2013 Comunicador Dominicano Teniente Amado Garc\u00eda Guerrero A corta distancia al Oeste de la otrora Escuela Laboral Concepci\u00f3n Bona y el portentoso local del Palacio de Radio y Televisi\u00f3n La Voz Dominicana, en una modesta vivienda ubicada en la estrecha y congestionada avenida San Mart\u00edn, en la capital dominicana, se [&hellip;]<\/p>\n","protected":false},"author":28,"featured_media":562739,"comment_status":"closed","ping_status":"closed","sticky":true,"template":"","format":"standard","meta":{"footnotes":""},"categories":[36,26,19,16],"tags":[],"class_list":["post-562738","post","type-post","status-publish","format-standard","has-post-thumbnail","hentry","category-hombresmujeresycosas","category-efemerides","category-mi-voz","category-opiniones"],"_links":{"self":[{"href":"https:\/\/diariodominicano.com\/index.php?rest_route=\/wp\/v2\/posts\/562738","targetHints":{"allow":["GET"]}}],"collection":[{"href":"https:\/\/diariodominicano.com\/index.php?rest_route=\/wp\/v2\/posts"}],"about":[{"href":"https:\/\/diariodominicano.com\/index.php?rest_route=\/wp\/v2\/types\/post"}],"author":[{"embeddable":true,"href":"https:\/\/diariodominicano.com\/index.php?rest_route=\/wp\/v2\/users\/28"}],"replies":[{"embeddable":true,"href":"https:\/\/diariodominicano.com\/index.php?rest_route=%2Fwp%2Fv2%2Fcomments&post=562738"}],"version-history":[{"count":2,"href":"https:\/\/diariodominicano.com\/index.php?rest_route=\/wp\/v2\/posts\/562738\/revisions"}],"predecessor-version":[{"id":562822,"href":"https:\/\/diariodominicano.com\/index.php?rest_route=\/wp\/v2\/posts\/562738\/revisions\/562822"}],"wp:featuredmedia":[{"embeddable":true,"href":"https:\/\/diariodominicano.com\/index.php?rest_route=\/wp\/v2\/media\/562739"}],"wp:attachment":[{"href":"https:\/\/diariodominicano.com\/index.php?rest_route=%2Fwp%2Fv2%2Fmedia&parent=562738"}],"wp:term":[{"taxonomy":"category","embeddable":true,"href":"https:\/\/diariodominicano.com\/index.php?rest_route=%2Fwp%2Fv2%2Fcategories&post=562738"},{"taxonomy":"post_tag","embeddable":true,"href":"https:\/\/diariodominicano.com\/index.php?rest_route=%2Fwp%2Fv2%2Ftags&post=562738"}],"curies":[{"name":"wp","href":"https:\/\/api.w.org\/{rel}","templated":true}]}}