{"id":562705,"date":"2024-09-29T18:17:01","date_gmt":"2024-09-29T22:17:01","guid":{"rendered":"https:\/\/diariodominicano.com\/?p=562705"},"modified":"2024-09-29T18:17:08","modified_gmt":"2024-09-29T22:17:08","slug":"rd-a-la-vanguardia-de-la-movilidad-sostenible-de-carga-pesada-y-transporte-colectivo-con-gas-natural","status":"publish","type":"post","link":"https:\/\/diariodominicano.com\/?p=562705","title":{"rendered":"RD a la vanguardia de la movilidad sostenible de carga pesada y transporte colectivo con gas natural"},"content":{"rendered":"\n<p>Edwin De los Santos <\/p>\n\n\n\n<p><strong><em>M\u00e1s de 70 de las principales empresas industriales de sectores clave como alimentos, miner\u00eda y vidrio dependen del gas natural para sus procesos cr\u00edticos, obteniendo una mayor eficiencia operativa y reduciendo sus costos energ\u00e9ticos, seg\u00fan se inform\u00f3 en el evento \u201cMoviendo el Futuro: El Poder del Gas Natural en el Transporte en Rep\u00fablica Dominicana\u201d, realizado por AES Dominicana.<\/em><\/strong><\/p>\n\n\n\n<p><strong>Santo Domingo, Rep\u00fablica Dominicana. &#8211; <\/strong>La expansi\u00f3n de la infraestructura privada para el suministro de gas natural a mayor escala coloca a la Rep\u00fablica Dominicana en una posici\u00f3n privilegiada para aumentar la competitividad de su econom\u00eda bajo un modelo de sostenibilidad que ser\u00e1 referencia en la regi\u00f3n latinoamericana.&nbsp;<\/p>\n\n\n\n<p>El reto para la Rep\u00fablica Dominicana es seguir promoviendo el uso de gas natural, no solo en el sector industrial, sino tambi\u00e9n en el transporte masivo y pesado, donde ya se han implementado casos de \u00e9xito con m\u00e1s de 50 cabezotes y unos 20 autobuses operando con este combustible limpio.<\/p>\n\n\n\n<p>Este planteamiento fue hecho durante el evento de <em>networking <\/em>\u201cMoviendo el Futuro: El Poder del Gas Natural en el Transporte en Rep\u00fablica Dominicana\u201d, encabezado por Edwin De Los Santos, presidente de AES Dominicana, y el viceministro de Industria y Comercio, Ram\u00f3n P\u00e9rez Ferm\u00edn.<\/p>\n\n\n\n<p>Edwin De los Santos, presidente de AES Dominicana, sostuvo durante el evento que \u201cla Rep\u00fablica Dominicana cuenta con la m\u00e1s confiable infraestructura de gas natural, por ser una soluci\u00f3n <em>plug and play<\/em> para el desarrollo energ\u00e9tico e industrial competitivo, es la \u00fanica soluci\u00f3n en tiempo real con que cuenta el pa\u00eds\u201d, enfatiz\u00f3 el ejecutivo del grupo energ\u00e9tico.&nbsp;<\/p>\n\n\n\n<p>De su lado, el viceministro P\u00e9rez Fermin, durante su participaci\u00f3n por instrucciones del presidente Luis Abinader, anunci\u00f3 que el Ministerio de Industria, Comercio y Mipymes, ampliar\u00e1 la base de los equipos de gas natural y&nbsp; manifest\u00f3 la entidad continuar\u00e1 apoyando la expansi\u00f3n del uso de gas natural para el sector transporte como una opci\u00f3n viable para una movilidad eficiente y menos contaminante, tal como se ha propuesto esta administraci\u00f3n de promover la sostenibilidad en todos los sectores productivos\u201d.&nbsp;&nbsp;&nbsp;<\/p>\n\n\n\n<p>Anualmente se est\u00e1n despachando 14,000 camiones de GNL y la infraestructura existente, luego de la expansi\u00f3n con el segundo tanque de almacenamiento y las nuevas dos bah\u00edas de carga de camiones, inauguradas a finales del 2023, a trav\u00e9s de la sociedad entre&nbsp; AES y Enadom, que tienen la capacidad de duplicar este consumo de la demanda combinada tanto del sector industrial como en el vehicular.&nbsp;<\/p>\n\n\n\n<p>Con este almacenamiento, se garantiza un suministro confiable de Gas Natural para las industrias y el transporte vehicular, lo que resulta en una mayor competitividad y reducci\u00f3n de costos operativos.&nbsp;<\/p>\n\n\n\n<p>Actualmente, m\u00e1s de 70 de las principales empresas industriales de sectores clave como alimentos, miner\u00eda y vidrio en el pa\u00eds, dependen del gas natural para sus procesos cr\u00edticos, obteniendo una mayor eficiencia operativa y reduciendo sus costos energ\u00e9ticos.<\/p>\n\n\n\n<p>En cuanto al sector transporte, el Gas Natural Vehicular (GNV) ya ha impactado a m\u00e1s de 17,000 veh\u00edculos, incluyendo camiones de carga y autobuses. Con el apoyo de cuatro distribuidores clave \u2014Total Energies,&nbsp; SGN, L\u00ednea Clave y Propagas\u2014, el uso de GNV sigue en expansi\u00f3n, mejorando tanto la sostenibilidad como la competitividad de las flotas de transporte pesado en el pa\u00eds.<\/p>\n\n\n\n<p>Durante el evento, tambi\u00e9n se llevaron a cabo paneles y presentaciones de casos de \u00e9xito por parte de Falcon Partners, Texaco y Total Energies, en los que se discuti\u00f3 el impacto positivo del Gas Natural en la industria y el transporte, as\u00ed como las oportunidades que ofrece para alcanzar mayores niveles de sostenibilidad econ\u00f3mica y ambiental en la regi\u00f3n.<\/p>\n\n\n\n<figure class=\"wp-block-image size-large\"><img loading=\"lazy\" decoding=\"async\" width=\"1024\" height=\"863\" src=\"https:\/\/diariodominicano.com\/wp-content\/uploads\/2024\/09\/Miguel-ArenasMiguel-Guerra-Carlos-Birbuet-Edwin-De-los-Santos-Ramon-Perez-Fermin-y-Christian-Cabral-1024x863.jpg\" alt=\"\" class=\"wp-image-562707\" srcset=\"https:\/\/diariodominicano.com\/wp-content\/uploads\/2024\/09\/Miguel-ArenasMiguel-Guerra-Carlos-Birbuet-Edwin-De-los-Santos-Ramon-Perez-Fermin-y-Christian-Cabral-1024x863.jpg 1024w, https:\/\/diariodominicano.com\/wp-content\/uploads\/2024\/09\/Miguel-ArenasMiguel-Guerra-Carlos-Birbuet-Edwin-De-los-Santos-Ramon-Perez-Fermin-y-Christian-Cabral-300x253.jpg 300w, https:\/\/diariodominicano.com\/wp-content\/uploads\/2024\/09\/Miguel-ArenasMiguel-Guerra-Carlos-Birbuet-Edwin-De-los-Santos-Ramon-Perez-Fermin-y-Christian-Cabral-768x647.jpg 768w, https:\/\/diariodominicano.com\/wp-content\/uploads\/2024\/09\/Miguel-ArenasMiguel-Guerra-Carlos-Birbuet-Edwin-De-los-Santos-Ramon-Perez-Fermin-y-Christian-Cabral-1536x1295.jpg 1536w, https:\/\/diariodominicano.com\/wp-content\/uploads\/2024\/09\/Miguel-ArenasMiguel-Guerra-Carlos-Birbuet-Edwin-De-los-Santos-Ramon-Perez-Fermin-y-Christian-Cabral-2048x1726.jpg 2048w, https:\/\/diariodominicano.com\/wp-content\/uploads\/2024\/09\/Miguel-ArenasMiguel-Guerra-Carlos-Birbuet-Edwin-De-los-Santos-Ramon-Perez-Fermin-y-Christian-Cabral-816x688.jpg 816w\" sizes=\"auto, (max-width: 1024px) 100vw, 1024px\" \/><\/figure>\n\n\n\n<p>Miguel Arenas, Miguel Guerra, Carlos Birbuet, Edwin De los Santos, Ramon P\u00e9rez Fermin y Christian Cabral.<\/p>\n\n\n\n<p>El panel estuvo moderado por Carlos Birbuet, Director de Originaci\u00f3n y Marketing de GNL, y cont\u00f3 con la participaci\u00f3n de Miguel Guerra, CEO de Soluciones en Gas Natural (SGN); Arturo Robles, Director de Gas Natural en Cummins; Krist Nu\u00f1ez, Director de Negocios de Molinos Modernos y Yhamminha Dickson, Directora Comercial de United Petroleum.\u00a0<\/p>\n\n\n\n<p>Los panelistas abordaron las soluciones actuales y las tendencias del Gas Natural en el transporte y la industria, destacando las ventajas competitivas y ambientales que este combustible ofrece para las empresas que buscan reducir costos y mejorar su sostenibilidad.<\/p>\n\n\n\n<p>L\u00eda \u00c1lvarez L\u00f3pez<\/p>\n\n\n\n<p>L\u00eda \u00c1lvarez L\u00f3pez (De tus contactos de Google)<\/p>\n\n\n\n<p><a href=\"mailto:lia@mediaticos.com.do\" target=\"_blank\" rel=\"noreferrer noopener\">lia@mediaticos.com.do<\/a><\/p>\n\n\n\n<p>#Diariodominicano.com\u2003\u2003\u2003#Reep\u00fablica Dominicana<\/p>\n","protected":false},"excerpt":{"rendered":"<p>Edwin De los Santos M\u00e1s de 70 de las principales empresas industriales de sectores clave como alimentos, miner\u00eda y vidrio dependen del gas natural para sus procesos cr\u00edticos, obteniendo una mayor eficiencia operativa y reduciendo sus costos energ\u00e9ticos, seg\u00fan se inform\u00f3 en el evento \u201cMoviendo el Futuro: El Poder del Gas Natural en el Transporte [&hellip;]<\/p>\n","protected":false},"author":28,"featured_media":562706,"comment_status":"closed","ping_status":"closed","sticky":true,"template":"","format":"standard","meta":{"footnotes":""},"categories":[18,27],"tags":[],"class_list":["post-562705","post","type-post","status-publish","format-standard","has-post-thumbnail","hentry","category-economia","category-portada"],"_links":{"self":[{"href":"https:\/\/diariodominicano.com\/index.php?rest_route=\/wp\/v2\/posts\/562705","targetHints":{"allow":["GET"]}}],"collection":[{"href":"https:\/\/diariodominicano.com\/index.php?rest_route=\/wp\/v2\/posts"}],"about":[{"href":"https:\/\/diariodominicano.com\/index.php?rest_route=\/wp\/v2\/types\/post"}],"author":[{"embeddable":true,"href":"https:\/\/diariodominicano.com\/index.php?rest_route=\/wp\/v2\/users\/28"}],"replies":[{"embeddable":true,"href":"https:\/\/diariodominicano.com\/index.php?rest_route=%2Fwp%2Fv2%2Fcomments&post=562705"}],"version-history":[{"count":1,"href":"https:\/\/diariodominicano.com\/index.php?rest_route=\/wp\/v2\/posts\/562705\/revisions"}],"predecessor-version":[{"id":562708,"href":"https:\/\/diariodominicano.com\/index.php?rest_route=\/wp\/v2\/posts\/562705\/revisions\/562708"}],"wp:featuredmedia":[{"embeddable":true,"href":"https:\/\/diariodominicano.com\/index.php?rest_route=\/wp\/v2\/media\/562706"}],"wp:attachment":[{"href":"https:\/\/diariodominicano.com\/index.php?rest_route=%2Fwp%2Fv2%2Fmedia&parent=562705"}],"wp:term":[{"taxonomy":"category","embeddable":true,"href":"https:\/\/diariodominicano.com\/index.php?rest_route=%2Fwp%2Fv2%2Fcategories&post=562705"},{"taxonomy":"post_tag","embeddable":true,"href":"https:\/\/diariodominicano.com\/index.php?rest_route=%2Fwp%2Fv2%2Ftags&post=562705"}],"curies":[{"name":"wp","href":"https:\/\/api.w.org\/{rel}","templated":true}]}}