{"id":562626,"date":"2024-09-29T00:12:14","date_gmt":"2024-09-29T04:12:14","guid":{"rendered":"https:\/\/diariodominicano.com\/?p=562626"},"modified":"2024-09-29T00:19:55","modified_gmt":"2024-09-29T04:19:55","slug":"academia-de-ciencias-y-fundemar-develizan-busto-en-honor-a-profesora-idelisa-bonnelly-de-calventi","status":"publish","type":"post","link":"https:\/\/diariodominicano.com\/?p=562626","title":{"rendered":"Academia de Ciencias y Fundemar develizan busto en honor a profesora Idelisa Bonnelly de Calventi"},"content":{"rendered":"\n<p> <\/p>\n\n\n\n<p><strong>Santo Domingo, R.D.<\/strong>&nbsp;La Academia de Ciencias de la Rep\u00fablica Dominicana(ACRD), en coordinaci\u00f3n con la Fundaci\u00f3n Dominicana de Estudios Marinos (Fundemar), develaron un busto de la profesora Idelisa Bonnelly de Calventi, considerada la madre de la conservaci\u00f3n marina en el Caribe por su dedicaci\u00f3n a la protecci\u00f3n del ecosistema y medioambiente.<\/p>\n\n\n\n<figure class=\"wp-block-image size-large\"><img loading=\"lazy\" decoding=\"async\" width=\"1024\" height=\"902\" src=\"https:\/\/diariodominicano.com\/wp-content\/uploads\/2024\/09\/foto-3-1-1024x902.jpg\" alt=\"\" class=\"wp-image-562631\" srcset=\"https:\/\/diariodominicano.com\/wp-content\/uploads\/2024\/09\/foto-3-1-1024x902.jpg 1024w, https:\/\/diariodominicano.com\/wp-content\/uploads\/2024\/09\/foto-3-1-300x264.jpg 300w, https:\/\/diariodominicano.com\/wp-content\/uploads\/2024\/09\/foto-3-1-768x677.jpg 768w, https:\/\/diariodominicano.com\/wp-content\/uploads\/2024\/09\/foto-3-1-1536x1353.jpg 1536w, https:\/\/diariodominicano.com\/wp-content\/uploads\/2024\/09\/foto-3-1-816x719.jpg 816w, https:\/\/diariodominicano.com\/wp-content\/uploads\/2024\/09\/foto-3-1.jpg 1826w\" sizes=\"auto, (max-width: 1024px) 100vw, 1024px\" \/><\/figure>\n\n\n\n<p>El acto estuvo encabezado por el presidente de la ACRD, doctor Manuel Ram\u00f3n Herrera Carbuccia, quien destac\u00f3 los logros de Bonelly de Calventi, reconocida como una de las mujeres dominicanas m\u00e1s destacadas y premiada en el \u00e1mbito de las ciencias. Este reconocimiento la posiciona entre las 10 mujeres m\u00e1s galardonadas y l\u00edderes en el campo cient\u00edfico en Am\u00e9rica.<\/p>\n\n\n\n<figure class=\"wp-block-image size-large\"><img loading=\"lazy\" decoding=\"async\" width=\"1024\" height=\"737\" src=\"https:\/\/diariodominicano.com\/wp-content\/uploads\/2024\/09\/Consejo-Directivo-de-la-ACRD-y-familiares-de-Idelisa-Bonnely-de-Calventi-1024x737.jpg\" alt=\"\" class=\"wp-image-562633\" srcset=\"https:\/\/diariodominicano.com\/wp-content\/uploads\/2024\/09\/Consejo-Directivo-de-la-ACRD-y-familiares-de-Idelisa-Bonnely-de-Calventi-1024x737.jpg 1024w, https:\/\/diariodominicano.com\/wp-content\/uploads\/2024\/09\/Consejo-Directivo-de-la-ACRD-y-familiares-de-Idelisa-Bonnely-de-Calventi-300x216.jpg 300w, https:\/\/diariodominicano.com\/wp-content\/uploads\/2024\/09\/Consejo-Directivo-de-la-ACRD-y-familiares-de-Idelisa-Bonnely-de-Calventi-768x553.jpg 768w, https:\/\/diariodominicano.com\/wp-content\/uploads\/2024\/09\/Consejo-Directivo-de-la-ACRD-y-familiares-de-Idelisa-Bonnely-de-Calventi-1536x1105.jpg 1536w, https:\/\/diariodominicano.com\/wp-content\/uploads\/2024\/09\/Consejo-Directivo-de-la-ACRD-y-familiares-de-Idelisa-Bonnely-de-Calventi-2048x1473.jpg 2048w, https:\/\/diariodominicano.com\/wp-content\/uploads\/2024\/09\/Consejo-Directivo-de-la-ACRD-y-familiares-de-Idelisa-Bonnely-de-Calventi-816x587.jpg 816w\" sizes=\"auto, (max-width: 1024px) 100vw, 1024px\" \/><\/figure>\n\n\n\n<p>Consejo Directivo de la Academia de Ciencias de la Rep\u00fablica Dominicana.<\/p>\n\n\n\n<p>\u201cLa profesora Idelisa, primera mujer exaltada por esta instituci\u00f3n acad\u00e9mica, ha dejado un legado invaluable para la comunidad cient\u00edfica, sus compa\u00f1eros de esta instituci\u00f3n y para todo aquel que pueda beneficiarse al emular su bien conocida \u00e9tica\u00bb, indic\u00f3 Herrera Carbuccia.<\/p>\n\n\n\n<p>Las palabras de Fundemar estuvieron a cargo de Andreina Valdez, gerente de Biodiversidad, en representaci\u00f3n de la directora ejecutiva Rita Sellares, quien manifest\u00f3 que desde esta instituci\u00f3n su mayor fuerza de inspiraci\u00f3n de la profesora Bonnelly y su legado hoy trasciende generaciones, pa\u00edses y nacionalidades.<\/p>\n\n\n\n<p>La familia estuvo representada por Vinicio y Gabriela Calventi, hijo y nieta de la bi\u00f3loga, quienes agradecieron a la Academia de Ciencias y Fundemar, por este acto, el cual llena de orgullo a sus familiares.<\/p>\n\n\n\n<p>La semblanza estuvo a cargo de la acad\u00e9mica Felicita Heredia, quien manifest\u00f3 su satisfacci\u00f3n de poder trabajar por varias d\u00e9cadas al lado de la reconocida profesora. Las instituciones involucradas aprovecharon la actividad para conmemorar este viernes 27 de septiembre el D\u00eda Nacional del Bi\u00f3logo y el segundo aniversario de su fallecimiento.<\/p>\n\n\n\n<p>El acto tuvo lugar en la explanada de la sede de la instituci\u00f3n cient\u00edfica, la cual cont\u00f3 con la asistencia de acad\u00e9micos, profesores, funcionarios de Fundemar y directiva de la academia, entre otros.&nbsp;&nbsp;Idelisa Bonnelly de Calventi, reconocida mundialmente por su defensa de los oc\u00e9anos y la biodiversidad marina caribe\u00f1a, fue la fundadora de la Escuela de Biolog\u00eda y del Centro de Investigaciones de Biolog\u00eda Marina Idelisa Bonnelly de Calventi (Cibima), durante el movimiento renovador de la UASD.<\/p>\n\n\n\n<p>Igualmente, fundadora de la ACRD, tambi\u00e9n se desempe\u00f1\u00f3 como profesora merit\u00edsima e investigadora de la Universidad Aut\u00f3noma de Santo Domingo (UASD), muriendo a la edad de 90 a\u00f1os.<\/p>\n\n\n\n<p>Bonnelly de Calventi, oriunda de Santiago de los Caballeros, se abander\u00f3 de la lucha por la protecci\u00f3n de las ballenas jorobadas que llegan a aguas dominicanas a reproducirse y alimentarse en la Bah\u00eda de Saman\u00e1.<\/p>\n\n\n\n<p>En 1986 se declara el Banco de la Plata como \u201cSantuario Nacional\u201d siendo este el primero de su clase en toda la regi\u00f3n Atl\u00e1ntica Norte y la m\u00e1s importante \u00e1rea protegida para las ballenas jorobadas, delfines, manat\u00edes y otras especies marinas en peligro de extinci\u00f3n.<\/p>\n\n\n\n<p>Fue reconocida con la Medalla Madame Curie, otorgada por la Unesco, con la Orden al M\u00e9rito de Duarte, S\u00e1nchez y Mella, en el grado de Comendador en el a\u00f1o 2011. Igualmente, gan\u00f3 en 1988 el Premio Nacional de Ciencias otorgado por la Academia de Ciencias de la Rep\u00fablica Dominicana y la Medalla al M\u00e9rito de la Mujer Dominicana en el sector Ciencias en el a\u00f1o 1986, otorgada por el Estado dominicano. En 2018 recibi\u00f3 el principal galard\u00f3n como investigadora de la naci\u00f3n.<\/p>\n\n\n\n<p>El Consejo Directivo de la academia estuvo representado por&nbsp;<strong>Manuel Ram\u00f3n Herrera Carbuccia, presidente,&nbsp;<\/strong>Dennis Sim\u00f3<strong>, vicepresidente,&nbsp;<\/strong>Irene P\u00e9rez Guerra, secretaria, Adolfo L\u00f3pez Berlando, Alejandro Pichardo, vocales.<\/p>\n\n\n\n<p>Tambi\u00e9n Yocasta Sixtina Valenzuela, Domenica Abramo Bruno, el expresidente de la ACRD Luis Scheker Ortiz, la maestra Adrian Bueno, directora de la Escuela de Biolog\u00eda de la UASD, entre otros.<\/p>\n\n\n\n<p>El busto y dise\u00f1o se realiz\u00f3 como una donaci\u00f3n de la empresa Marmotech.<\/p>\n\n\n\n<p>Academia de Ciencias RD<\/p>\n\n\n\n<p>Academia de Ciencias RD (De tus contactos de Google)<\/p>\n\n\n\n<p><a href=\"mailto:acrd1974@gmail.com\" target=\"_blank\" rel=\"noreferrer noopener\">acrd1974@gmail.com<\/a><\/p>\n\n\n\n<p># Idelisa Bonnelly de Calventi\u2003\u2003\u2003\u2003 #Academia de Ciencias\u2002y Fundemar <\/p>\n","protected":false},"excerpt":{"rendered":"<p>Santo Domingo, R.D.&nbsp;La Academia de Ciencias de la Rep\u00fablica Dominicana(ACRD), en coordinaci\u00f3n con la Fundaci\u00f3n Dominicana de Estudios Marinos (Fundemar), develaron un busto de la profesora Idelisa Bonnelly de Calventi, considerada la madre de la conservaci\u00f3n marina en el Caribe por su dedicaci\u00f3n a la protecci\u00f3n del ecosistema y medioambiente. El acto estuvo encabezado por [&hellip;]<\/p>\n","protected":false},"author":28,"featured_media":562629,"comment_status":"closed","ping_status":"closed","sticky":true,"template":"","format":"standard","meta":{"footnotes":""},"categories":[36,20,26],"tags":[],"class_list":["post-562626","post","type-post","status-publish","format-standard","has-post-thumbnail","hentry","category-hombresmujeresycosas","category-dominicana-hoy","category-efemerides"],"_links":{"self":[{"href":"https:\/\/diariodominicano.com\/index.php?rest_route=\/wp\/v2\/posts\/562626","targetHints":{"allow":["GET"]}}],"collection":[{"href":"https:\/\/diariodominicano.com\/index.php?rest_route=\/wp\/v2\/posts"}],"about":[{"href":"https:\/\/diariodominicano.com\/index.php?rest_route=\/wp\/v2\/types\/post"}],"author":[{"embeddable":true,"href":"https:\/\/diariodominicano.com\/index.php?rest_route=\/wp\/v2\/users\/28"}],"replies":[{"embeddable":true,"href":"https:\/\/diariodominicano.com\/index.php?rest_route=%2Fwp%2Fv2%2Fcomments&post=562626"}],"version-history":[{"count":4,"href":"https:\/\/diariodominicano.com\/index.php?rest_route=\/wp\/v2\/posts\/562626\/revisions"}],"predecessor-version":[{"id":562636,"href":"https:\/\/diariodominicano.com\/index.php?rest_route=\/wp\/v2\/posts\/562626\/revisions\/562636"}],"wp:featuredmedia":[{"embeddable":true,"href":"https:\/\/diariodominicano.com\/index.php?rest_route=\/wp\/v2\/media\/562629"}],"wp:attachment":[{"href":"https:\/\/diariodominicano.com\/index.php?rest_route=%2Fwp%2Fv2%2Fmedia&parent=562626"}],"wp:term":[{"taxonomy":"category","embeddable":true,"href":"https:\/\/diariodominicano.com\/index.php?rest_route=%2Fwp%2Fv2%2Fcategories&post=562626"},{"taxonomy":"post_tag","embeddable":true,"href":"https:\/\/diariodominicano.com\/index.php?rest_route=%2Fwp%2Fv2%2Ftags&post=562626"}],"curies":[{"name":"wp","href":"https:\/\/api.w.org\/{rel}","templated":true}]}}