{"id":562608,"date":"2024-09-28T23:35:47","date_gmt":"2024-09-29T03:35:47","guid":{"rendered":"https:\/\/diariodominicano.com\/?p=562608"},"modified":"2024-09-28T23:37:09","modified_gmt":"2024-09-29T03:37:09","slug":"celebraran-en-parque-italia-sde-primer-encuentro-de-promocion-de-terapias-para-adultos-mayores","status":"publish","type":"post","link":"https:\/\/diariodominicano.com\/?p=562608","title":{"rendered":"Celebrar\u00e1n en Parque Italia, SDE, primer encuentro de promoci\u00f3n de terapias para adultos mayores"},"content":{"rendered":"\n<p>El primer encuentro nacional de animaci\u00f3n y promoci\u00f3n de terapias para adultos mayores o personas envejecientes ser\u00e1 celebrado este domingo 29 en el parque Italia de la urbanizaci\u00f3n Italia, en Santo Domingo Este, con la asistencia de personalidades y un cierre espectacular con el cantautor Pavel N\u00fa\u00f1ez.<\/p>\n\n\n\n<p>El evento, con participaci\u00f3n gratuita, se iniciar\u00e1&nbsp; a las 7 de la ma\u00f1ana, y es organizado por la empresa&nbsp;<strong><em>FisioestheticatHome<\/em><\/strong>, entidad de servicios&nbsp; de asistencia con terapias a adultos mayores en sus hogares.<\/p>\n\n\n\n<p>La actividad contar\u00e1 con operativos m\u00e9dico, a cargo del Sistema Nacional de Salud; Oftalmol\u00f3gico (o examen de la vista) por la empresa Oftalmoimagen y servicios de&nbsp; laboratorio cl\u00ednico. En tanto, el licenciado Juan Carlos Reyes dictar\u00e1 una charla sobre tem\u00e1ticas que benefician lo concerniente a las personas adultas.<\/p>\n\n\n\n<p>El encuentro se iniciar\u00e1 con una oraci\u00f3n y luego intervendr\u00e1 con las palabras iniciales, licenciada Jacqueline \u00c1lvarez, quien explicar\u00e1 todo lo relativo al programa que se ha elaborado para animaci\u00f3n de los adultos mayores que asistir\u00e1n al evento.<\/p>\n\n\n\n<p>En ese sentido, la licenciada Rosalba Abreu dar\u00e1 las gracias a los patrocinadores, el doctor Fred Calder\u00f3n ofrecer\u00e1 una charla sobre salud audiovisual y la licenciada Gloribel de la Cruz tratar\u00e1 acerca de la enfermer\u00eda aplicada a adultos mayores.<\/p>\n\n\n\n<p>Las charlas ser\u00e1n presentadas por los licenciados Linet Garc\u00eda, ejecutivos de la&nbsp;<strong><em>FisioestheticatHome<\/em><\/strong>, organizadores de la actividad sin precedentes en Santo Domingo Este.<\/p>\n\n\n\n<p>Despu\u00e9s se presentar\u00e1 un show al estilo Michael Jackson, luego de lo cual las licenciadas Alicia Marchena y Rossi Gonz\u00e1lez deleitar\u00e1n a los envejecientes con un baile y Angelita N\u00fa\u00f1ez montar\u00e1 un karaoke en el que participar\u00e1n envejecientes con aptitudes art\u00edsticas.<\/p>\n\n\n\n<p>Al t\u00e9rmino de la actividad los adultos mayores ser\u00e1n invitados a deleitarse con las canciones rom\u00e1nticas y po\u00e9ticas del afamado cantautor dominicano, Pavel N\u00fa\u00f1ez.<\/p>\n\n\n\n<p>Emiliano Reyes<\/p>\n\n\n\n<p>Emiliano Reyes ()<\/p>\n\n\n\n<p><a target=\"_blank\" href=\"mailto:ere.prensa@gmail.com\" rel=\"noreferrer noopener\">ere.prensa@gmail.com<\/a><\/p>\n\n\n\n<p><strong>28 de septiembre de 2024.<\/strong><\/p>\n","protected":false},"excerpt":{"rendered":"<p>El primer encuentro nacional de animaci\u00f3n y promoci\u00f3n de terapias para adultos mayores o personas envejecientes ser\u00e1 celebrado este domingo 29 en el parque Italia de la urbanizaci\u00f3n Italia, en Santo Domingo Este, con la asistencia de personalidades y un cierre espectacular con el cantautor Pavel N\u00fa\u00f1ez. El evento, con participaci\u00f3n gratuita, se iniciar\u00e1&nbsp; a [&hellip;]<\/p>\n","protected":false},"author":28,"featured_media":0,"comment_status":"closed","ping_status":"closed","sticky":true,"template":"","format":"standard","meta":{"footnotes":""},"categories":[20,25],"tags":[],"class_list":["post-562608","post","type-post","status-publish","format-standard","hentry","category-dominicana-hoy","category-gente"],"_links":{"self":[{"href":"https:\/\/diariodominicano.com\/index.php?rest_route=\/wp\/v2\/posts\/562608","targetHints":{"allow":["GET"]}}],"collection":[{"href":"https:\/\/diariodominicano.com\/index.php?rest_route=\/wp\/v2\/posts"}],"about":[{"href":"https:\/\/diariodominicano.com\/index.php?rest_route=\/wp\/v2\/types\/post"}],"author":[{"embeddable":true,"href":"https:\/\/diariodominicano.com\/index.php?rest_route=\/wp\/v2\/users\/28"}],"replies":[{"embeddable":true,"href":"https:\/\/diariodominicano.com\/index.php?rest_route=%2Fwp%2Fv2%2Fcomments&post=562608"}],"version-history":[{"count":2,"href":"https:\/\/diariodominicano.com\/index.php?rest_route=\/wp\/v2\/posts\/562608\/revisions"}],"predecessor-version":[{"id":562610,"href":"https:\/\/diariodominicano.com\/index.php?rest_route=\/wp\/v2\/posts\/562608\/revisions\/562610"}],"wp:attachment":[{"href":"https:\/\/diariodominicano.com\/index.php?rest_route=%2Fwp%2Fv2%2Fmedia&parent=562608"}],"wp:term":[{"taxonomy":"category","embeddable":true,"href":"https:\/\/diariodominicano.com\/index.php?rest_route=%2Fwp%2Fv2%2Fcategories&post=562608"},{"taxonomy":"post_tag","embeddable":true,"href":"https:\/\/diariodominicano.com\/index.php?rest_route=%2Fwp%2Fv2%2Ftags&post=562608"}],"curies":[{"name":"wp","href":"https:\/\/api.w.org\/{rel}","templated":true}]}}