{"id":562530,"date":"2024-09-28T15:24:24","date_gmt":"2024-09-28T19:24:24","guid":{"rendered":"https:\/\/diariodominicano.com\/?p=562530"},"modified":"2024-09-28T15:24:26","modified_gmt":"2024-09-28T19:24:26","slug":"fiscalia-de-san-cristobal-deposita-acusacion-contra-hombres-por-muerte-de-comerciante-durante-asalto","status":"publish","type":"post","link":"https:\/\/diariodominicano.com\/?p=562530","title":{"rendered":"Fiscal\u00eda de San Crist\u00f3bal deposita acusaci\u00f3n contra hombres por muerte de comerciante durante asalto"},"content":{"rendered":"\n<p><strong>San Crist\u00f3bal (RD), s\u00e1bado, 28 de septiembre de 2024.<\/strong>&nbsp;El Ministerio P\u00fablico de esta demarcaci\u00f3n deposit\u00f3 la acusaci\u00f3n formal y solicitud de apertura a juicio en contra de dos hombres que el pasado&nbsp; 28 de marzo hirieron con armas de fuego al propietario de un negocio de venta de comida de esta provincia, quien falleci\u00f3 varios d\u00edas despu\u00e9s de que ocurri\u00f3 el hecho delictivo.&nbsp;<\/p>\n\n\n\n<p>Luego de una amplia investigaci\u00f3n realizada por la Fiscal\u00eda de San Crist\u00f3bal y la Polic\u00eda Nacional, la acusaci\u00f3n fue depositada ante el Segundo Juzgado de la Instrucci\u00f3n de este distrito judicial en contra de los nombrados Gaudy Florentino Do\u00f1\u00e9 y Yoel Gabriel Mancebo L\u00f3pez (Maceta o el Gordo).<\/p>\n\n\n\n<p>Ambos son acusados de provocarle la muerte a causa de m\u00faltiples heridas de armas de fuego al propietario del negocio Mary Saz\u00f3n, el se\u00f1or Wrner Herrera Romero, hecho en que tambi\u00e9n result\u00f3 herido Santo Hilario Heredia Valdez, empleado del establecimiento.<\/p>\n\n\n\n<p>En el escrito de acusaci\u00f3n, la fiscal investigadora Patricia Dur\u00e1n, indica que el hecho ocurri\u00f3 en fecha 28 de marzo de 2024, alrededor de las 11:38 de la noche, mientras las v\u00edctimas se dispon\u00edan a cerrar dicho local comercial, localizado en la Autopista 6 de noviembre. Herrera Romero falleci\u00f3, posteriormente, el pasado 18 de abril, a causa de las heridas de bala que recibi\u00f3.<\/p>\n\n\n\n<p>El expediente establece que los procesados, quienes se transportaban a bordo de una motocicleta, se presentaron al negocio y realizaron m\u00faltiples disparos contra Herrera Romero, siendo impactado, tambi\u00e9n, Heredia Valdez. A otra empleada del negocio, familia del occiso, identificada como Mercedes Pimentel, los asaltantes la golpearon con el arma de fuego y la despojaron de su cartera y una mochila en medio de un forcejeo.<\/p>\n\n\n\n<p>Luego de cometer la acci\u00f3n delictiva ambos emprendieron la huida, siendo arrestado poco tiempo despu\u00e9s Florentino Do\u00f1\u00e9, mientras que Mancebo L\u00f3pez fue apresado por alerta migratoria cuando intentaba salir del pa\u00eds por el Aeropuerto Internacional de Las Am\u00e9ricas con destino a Bogot\u00e1, Colombia.&nbsp;<\/p>\n\n\n\n<p>La acusaci\u00f3n, igualmente, establece que horas antes de cometer ese hecho delictivo, el mismo 28 de marzo, los acusados tambi\u00e9n intentaron atracar a otro hombre en momentos en que llegaba a su residencia en esta provincia, al cual le dispararon varias veces, solo logrando impactar las gomas delantera y trasera del lado del conductor del veh\u00edculo en que se transportaba la v\u00edctima.<\/p>\n\n\n\n<p>El Ministerio P\u00fablico, junto con el expediente, aport\u00f3 46 elementos de pruebas, documentales, periciales, audiovisuales, materiales y testimoniales, para sustentar la responsabilidad penal de los acusados, incluyendo las armas que portaban, dos pistolas de las marcas Ruger y Browning, calibre 9mm, as\u00ed como la motocicleta Loncin en la que se transportaban.<\/p>\n\n\n\n<p>El comunicado de prensa mediante el cual se ofreci\u00f3 la informaci\u00f3n, se\u00f1ala que Florentino Do\u00f1\u00e9 y Mancebo L\u00f3pez son acusados formalmente de violar las disposiciones de los art\u00edculos 2, 265, 266, 295, 304, 379, 382 y 383 del C\u00f3digo Penal Dominicano, y 66 y 67 de la Ley No. 631-2016, para el Control y Regulaci\u00f3n de Armas, Municiones y Materiales Relacionados.<\/p>\n","protected":false},"excerpt":{"rendered":"<p>San Crist\u00f3bal (RD), s\u00e1bado, 28 de septiembre de 2024.&nbsp;El Ministerio P\u00fablico de esta demarcaci\u00f3n deposit\u00f3 la acusaci\u00f3n formal y solicitud de apertura a juicio en contra de dos hombres que el pasado&nbsp; 28 de marzo hirieron con armas de fuego al propietario de un negocio de venta de comida de esta provincia, quien falleci\u00f3 varios [&hellip;]<\/p>\n","protected":false},"author":7,"featured_media":495896,"comment_status":"closed","ping_status":"closed","sticky":false,"template":"","format":"standard","meta":{"footnotes":""},"categories":[24],"tags":[],"class_list":["post-562530","post","type-post","status-publish","format-standard","has-post-thumbnail","hentry","category-justicia-y-derecho"],"_links":{"self":[{"href":"https:\/\/diariodominicano.com\/index.php?rest_route=\/wp\/v2\/posts\/562530","targetHints":{"allow":["GET"]}}],"collection":[{"href":"https:\/\/diariodominicano.com\/index.php?rest_route=\/wp\/v2\/posts"}],"about":[{"href":"https:\/\/diariodominicano.com\/index.php?rest_route=\/wp\/v2\/types\/post"}],"author":[{"embeddable":true,"href":"https:\/\/diariodominicano.com\/index.php?rest_route=\/wp\/v2\/users\/7"}],"replies":[{"embeddable":true,"href":"https:\/\/diariodominicano.com\/index.php?rest_route=%2Fwp%2Fv2%2Fcomments&post=562530"}],"version-history":[{"count":1,"href":"https:\/\/diariodominicano.com\/index.php?rest_route=\/wp\/v2\/posts\/562530\/revisions"}],"predecessor-version":[{"id":562535,"href":"https:\/\/diariodominicano.com\/index.php?rest_route=\/wp\/v2\/posts\/562530\/revisions\/562535"}],"wp:featuredmedia":[{"embeddable":true,"href":"https:\/\/diariodominicano.com\/index.php?rest_route=\/wp\/v2\/media\/495896"}],"wp:attachment":[{"href":"https:\/\/diariodominicano.com\/index.php?rest_route=%2Fwp%2Fv2%2Fmedia&parent=562530"}],"wp:term":[{"taxonomy":"category","embeddable":true,"href":"https:\/\/diariodominicano.com\/index.php?rest_route=%2Fwp%2Fv2%2Fcategories&post=562530"},{"taxonomy":"post_tag","embeddable":true,"href":"https:\/\/diariodominicano.com\/index.php?rest_route=%2Fwp%2Fv2%2Ftags&post=562530"}],"curies":[{"name":"wp","href":"https:\/\/api.w.org\/{rel}","templated":true}]}}