{"id":562529,"date":"2024-09-28T15:41:27","date_gmt":"2024-09-28T19:41:27","guid":{"rendered":"https:\/\/diariodominicano.com\/?p=562529"},"modified":"2024-09-28T15:42:55","modified_gmt":"2024-09-28T19:42:55","slug":"del-campo-a-la-mesa-festival-del-chocolate-dominicano-2024-celebra-su-edicion-mas-innovadora","status":"publish","type":"post","link":"https:\/\/diariodominicano.com\/?p=562529","title":{"rendered":"Del campo a la mesa: Festival del Chocolate Dominicano 2024 celebra su edici\u00f3n m\u00e1s innovadora"},"content":{"rendered":"\n<p><strong><em>Durante los pr\u00f3ximos d\u00edas, el p\u00fablico podr\u00e1 disfrutar de m\u00e1s de 45 actividades programadas, que incluyen catas de chocolate, maridajes con caf\u00e9, vino, frutas y otros productos, as\u00ed como cooking shows y exposiciones de chocolateros en diferentes localidades del pa\u00eds.<\/em><\/strong><\/p>\n\n\n\n<p><strong>Santo Domingo, Rep. Dom.\u2013<\/strong>&nbsp;El&nbsp;<strong>Festival del Chocolate Dominicano<\/strong>&nbsp;inici\u00f3 el pasado s\u00e1bado su&nbsp;<strong>cuarta edici\u00f3n<\/strong>, con un enfoque en promover la cultura del chocolate de origen dominicano y resaltar su calidad \u00fanica en el mundo.<\/p>\n\n\n\n<p>Desde el&nbsp;<strong>21 de septiembre hasta el su cierre el 29 de septiembre<\/strong>&nbsp;con una exposici\u00f3n en \u00c1gora Mall,&nbsp;<strong>desde hoy viernes 27 hasta el domingo 29<\/strong>, la semana chocolatera busca fortalecer la relaci\u00f3n entre productores locales y compradores internacionales, abriendo nuevas oportunidades para la exportaci\u00f3n de chocolate dominicano.<\/p>\n\n\n\n<figure class=\"wp-block-gallery has-nested-images columns-default is-cropped wp-block-gallery-1 is-layout-flex wp-block-gallery-is-layout-flex\">\n<figure class=\"wp-block-image size-large\"><img loading=\"lazy\" decoding=\"async\" width=\"1024\" height=\"684\" data-id=\"562539\" src=\"https:\/\/diariodominicano.com\/wp-content\/uploads\/2024\/09\/Embajadora-de-la-Union-Europea-en-Republica-Dominicana-Katja-Afheldt-1024x684.png\" alt=\"\" class=\"wp-image-562539\" srcset=\"https:\/\/diariodominicano.com\/wp-content\/uploads\/2024\/09\/Embajadora-de-la-Union-Europea-en-Republica-Dominicana-Katja-Afheldt-1024x684.png 1024w, https:\/\/diariodominicano.com\/wp-content\/uploads\/2024\/09\/Embajadora-de-la-Union-Europea-en-Republica-Dominicana-Katja-Afheldt-300x200.png 300w, https:\/\/diariodominicano.com\/wp-content\/uploads\/2024\/09\/Embajadora-de-la-Union-Europea-en-Republica-Dominicana-Katja-Afheldt-768x513.png 768w, https:\/\/diariodominicano.com\/wp-content\/uploads\/2024\/09\/Embajadora-de-la-Union-Europea-en-Republica-Dominicana-Katja-Afheldt-816x545.png 816w, https:\/\/diariodominicano.com\/wp-content\/uploads\/2024\/09\/Embajadora-de-la-Union-Europea-en-Republica-Dominicana-Katja-Afheldt.png 1296w\" sizes=\"auto, (max-width: 1024px) 100vw, 1024px\" \/><\/figure>\n<\/figure>\n\n\n\n<p>Por primera vez, el festival incluy\u00f3 un&nbsp;<strong>di\u00e1logo sectorial<\/strong>, en el que se reunieron diversos actores del cacao y chocolate para discutir los desaf\u00edos y oportunidades del sector y la cadena de valor.<\/p>\n\n\n\n<p>S\u00e9sar Rodr\u00edguez, director del Consorcio Ambiental Dominicano (CAD) y miembro del comit\u00e9 organizador, destac\u00f3 durante sus palabras de apertura, que la participaci\u00f3n de expertos internacionales contribuye a que los chocolateros locales adquieran herramientas para llevar su producto a nuevos mercados.<\/p>\n\n\n\n<figure class=\"wp-block-gallery has-nested-images columns-default is-cropped wp-block-gallery-2 is-layout-flex wp-block-gallery-is-layout-flex\">\n<figure class=\"wp-block-image size-large\"><img loading=\"lazy\" decoding=\"async\" width=\"1024\" height=\"684\" data-id=\"562540\" src=\"https:\/\/diariodominicano.com\/wp-content\/uploads\/2024\/09\/Sesar-Rodriguez-director-ejecutivo-del-CAD-1024x684.png\" alt=\"\" class=\"wp-image-562540\" srcset=\"https:\/\/diariodominicano.com\/wp-content\/uploads\/2024\/09\/Sesar-Rodriguez-director-ejecutivo-del-CAD-1024x684.png 1024w, https:\/\/diariodominicano.com\/wp-content\/uploads\/2024\/09\/Sesar-Rodriguez-director-ejecutivo-del-CAD-300x200.png 300w, https:\/\/diariodominicano.com\/wp-content\/uploads\/2024\/09\/Sesar-Rodriguez-director-ejecutivo-del-CAD-768x513.png 768w, https:\/\/diariodominicano.com\/wp-content\/uploads\/2024\/09\/Sesar-Rodriguez-director-ejecutivo-del-CAD-1536x1026.png 1536w, https:\/\/diariodominicano.com\/wp-content\/uploads\/2024\/09\/Sesar-Rodriguez-director-ejecutivo-del-CAD-816x545.png 816w, https:\/\/diariodominicano.com\/wp-content\/uploads\/2024\/09\/Sesar-Rodriguez-director-ejecutivo-del-CAD.png 1589w\" sizes=\"auto, (max-width: 1024px) 100vw, 1024px\" \/><\/figure>\n<\/figure>\n\n\n\n<p>Durante los pr\u00f3ximos d\u00edas, el p\u00fablico podr\u00e1 disfrutar de m\u00e1s de 45 actividades programadas, que incluyen catas de chocolate, maridajes con caf\u00e9, vino, frutas y otros productos, as\u00ed como cooking shows y exposiciones de chocolateros en diferentes localidades del pa\u00eds.<\/p>\n\n\n\n<figure class=\"wp-block-gallery has-nested-images columns-default is-cropped wp-block-gallery-3 is-layout-flex wp-block-gallery-is-layout-flex\">\n<figure class=\"wp-block-image size-large\"><img loading=\"lazy\" decoding=\"async\" width=\"1024\" height=\"683\" data-id=\"562538\" src=\"https:\/\/diariodominicano.com\/wp-content\/uploads\/2024\/09\/Del-campo-a-la-mesa-Festival-del-Chocolate-Dominicano-2024-celebra-su-edicion-mas-innovadora-1024x683.jpg\" alt=\"\" class=\"wp-image-562538\" srcset=\"https:\/\/diariodominicano.com\/wp-content\/uploads\/2024\/09\/Del-campo-a-la-mesa-Festival-del-Chocolate-Dominicano-2024-celebra-su-edicion-mas-innovadora-1024x683.jpg 1024w, https:\/\/diariodominicano.com\/wp-content\/uploads\/2024\/09\/Del-campo-a-la-mesa-Festival-del-Chocolate-Dominicano-2024-celebra-su-edicion-mas-innovadora-300x200.jpg 300w, https:\/\/diariodominicano.com\/wp-content\/uploads\/2024\/09\/Del-campo-a-la-mesa-Festival-del-Chocolate-Dominicano-2024-celebra-su-edicion-mas-innovadora-768x512.jpg 768w, https:\/\/diariodominicano.com\/wp-content\/uploads\/2024\/09\/Del-campo-a-la-mesa-Festival-del-Chocolate-Dominicano-2024-celebra-su-edicion-mas-innovadora-1536x1024.jpg 1536w, https:\/\/diariodominicano.com\/wp-content\/uploads\/2024\/09\/Del-campo-a-la-mesa-Festival-del-Chocolate-Dominicano-2024-celebra-su-edicion-mas-innovadora-2048x1365.jpg 2048w, https:\/\/diariodominicano.com\/wp-content\/uploads\/2024\/09\/Del-campo-a-la-mesa-Festival-del-Chocolate-Dominicano-2024-celebra-su-edicion-mas-innovadora-816x544.jpg 816w\" sizes=\"auto, (max-width: 1024px) 100vw, 1024px\" \/><\/figure>\n<\/figure>\n\n\n\n<p>Roc\u00edo S\u00e1nchez, directora de Mercadeo Corporativo de \u00c1gora Mall destac\u00f3 en sus palabras que el evento busca sensibilizar al p\u00fablico sobre el impacto social y econ\u00f3mico del cacao dominicano en la econom\u00eda rural y su rol en la sostenibilidad.<\/p>\n\n\n\n<p>\u201cEl cacao dominicano tiene la particularidad de que la mayor\u00eda de su producci\u00f3n es realizada por peque\u00f1os y medianos agricultores generando una derrama econ\u00f3mica importante en las comunidades. La calidad de nuestro cacao es reconocida a nivel mundial, sobre todo el cacao org\u00e1nico y sus caracter\u00edsticas como un producto fino y de aroma. De aqu\u00ed la gran importancia que tiene el Festival del Chocolate Dominicano pues el mismo constituye una gran vitrina que permite dar a conocer la diversidad, la calidad y la variedad de productos que se fabrican a partir de este rubro\u201d, enfatiz\u00f3 S\u00e1nchez.<\/p>\n\n\n\n<figure class=\"wp-block-gallery has-nested-images columns-default is-cropped wp-block-gallery-4 is-layout-flex wp-block-gallery-is-layout-flex\">\n<figure class=\"wp-block-image size-large\"><img loading=\"lazy\" decoding=\"async\" width=\"1024\" height=\"684\" data-id=\"562536\" src=\"https:\/\/diariodominicano.com\/wp-content\/uploads\/2024\/09\/4to-Festival-del-Chocolate-Dominicano-septiembre-2024-1024x684.png\" alt=\"\" class=\"wp-image-562536\" srcset=\"https:\/\/diariodominicano.com\/wp-content\/uploads\/2024\/09\/4to-Festival-del-Chocolate-Dominicano-septiembre-2024-1024x684.png 1024w, https:\/\/diariodominicano.com\/wp-content\/uploads\/2024\/09\/4to-Festival-del-Chocolate-Dominicano-septiembre-2024-300x200.png 300w, https:\/\/diariodominicano.com\/wp-content\/uploads\/2024\/09\/4to-Festival-del-Chocolate-Dominicano-septiembre-2024-768x513.png 768w, https:\/\/diariodominicano.com\/wp-content\/uploads\/2024\/09\/4to-Festival-del-Chocolate-Dominicano-septiembre-2024-816x545.png 816w, https:\/\/diariodominicano.com\/wp-content\/uploads\/2024\/09\/4to-Festival-del-Chocolate-Dominicano-septiembre-2024.png 1145w\" sizes=\"auto, (max-width: 1024px) 100vw, 1024px\" \/><\/figure>\n<\/figure>\n\n\n\n<p>Adem\u00e1s, el festival se ha extendido por primera vez a Punta Cana, con una peque\u00f1a exposici\u00f3n en el Mercadito de la Fundaci\u00f3n Punta Cana, que fue celebrada el pasado 14 de septiembre.<\/p>\n\n\n\n<p>El festival no solo es una plataforma de exhibici\u00f3n, sino tambi\u00e9n una iniciativa para&nbsp;<strong>concienciar al consumidor<\/strong>&nbsp;acerca de la importancia de apoyar la producci\u00f3n local de cacao y chocolate.<\/p>\n\n\n\n<p>El acto de apertura oficial de la exposici\u00f3n cont\u00f3 con la presencia de la embajadora de la Uni\u00f3n Europea en Rep\u00fablica Dominicana, Katja Afheldt; y el viceministro de Fomento a las Mipymes, Jorge Morales, quienes resaltaron -en nombre de sus respectivas organizaciones- el papel del cacao como un producto clave para el desarrollo econ\u00f3mico del pa\u00eds, apoyando a peque\u00f1os productores y fomentando la innovaci\u00f3n en la industria chocolatera.<\/p>\n\n\n\n<p>El festival est\u00e1 coordinado por el Consorcio Ambiental Dominicano (CAD) y cuenta con el respaldo de instituciones como el Ministerio de Agricultura, el Ministerio de Industria, Comercio y Mipymes (MICM), \u00c1gora Mall, Medi\u00e1ticos Consultores en Comunicaci\u00f3n, la Oficina Internacional del Comercio (ITC), la Comisi\u00f3n Nacional de Cacao, el Ministerio de Turismo, ADOEXPO, ADOCHEFS,&nbsp; Instituto Culinario Dominicano, Corte\u00e9s Hermanos y otros organismos de la cadena de producci\u00f3n nacional.&nbsp;<\/p>\n\n\n\n<p>Para m\u00e1s informaci\u00f3n, los interesados pueden seguir las redes sociales del evento en&nbsp;<strong>@portalchocolate.do<\/strong>&nbsp;o visitar la p\u00e1gina web&nbsp;<strong>chocolate.do<\/strong>.<\/p>\n\n\n\n<p><strong>Contactos para m\u00e1s informaci\u00f3n:<\/strong><\/p>\n\n\n\n<p><strong>Ana Tolentino | Portal del Chocolate<\/strong><\/p>\n\n\n\n<p><a href=\"mailto:Digitalfestivalchocolate@gmail.com\" target=\"_blank\" rel=\"noreferrer noopener\">Digitalfestivalchocolate@gmail.com<\/a><\/p>\n\n\n\n<p><strong>Telf<\/strong>. 809-385-0480&nbsp;&nbsp;&nbsp;&nbsp;&#8212;<\/p>\n\n\n\n<figure class=\"wp-block-image is-resized\"><a href=\"https:\/\/www.linkedin.com\/in\/nadelyn-franco-caro-92236511a\/\" target=\"_blank\" rel=\"noreferrer noopener\"><img decoding=\"async\" src=\"https:\/\/ci3.googleusercontent.com\/mail-sig\/AIorK4yq4LSmVeEpxF_Q0pdj7xoFmVcRad1e_QM8Sd62zW5Jgfk9JRBsGioKiSBM0aSapupAC1Bx71KaXprS\" alt=\"\" style=\"width:174px;height:auto\"\/><\/a><\/figure>\n\n\n\n<p><strong>4to Festival del Chocolate Dominicano: 21-29 de septiembre<\/strong> <\/p>\n\n\n\n<p><strong>Nadelyn Franco Caro<\/strong> <\/p>\n","protected":false},"excerpt":{"rendered":"<p>Durante los pr\u00f3ximos d\u00edas, el p\u00fablico podr\u00e1 disfrutar de m\u00e1s de 45 actividades programadas, que incluyen catas de chocolate, maridajes con caf\u00e9, vino, frutas y otros productos, as\u00ed como cooking shows y exposiciones de chocolateros en diferentes localidades del pa\u00eds. Santo Domingo, Rep. Dom.\u2013&nbsp;El&nbsp;Festival del Chocolate Dominicano&nbsp;inici\u00f3 el pasado s\u00e1bado su&nbsp;cuarta edici\u00f3n, con un enfoque [&hellip;]<\/p>\n","protected":false},"author":7,"featured_media":562541,"comment_status":"closed","ping_status":"closed","sticky":false,"template":"","format":"standard","meta":{"footnotes":""},"categories":[25],"tags":[265],"class_list":["post-562529","post","type-post","status-publish","format-standard","has-post-thumbnail","hentry","category-gente","tag-festival-del-chocolate-dominicano"],"_links":{"self":[{"href":"https:\/\/diariodominicano.com\/index.php?rest_route=\/wp\/v2\/posts\/562529","targetHints":{"allow":["GET"]}}],"collection":[{"href":"https:\/\/diariodominicano.com\/index.php?rest_route=\/wp\/v2\/posts"}],"about":[{"href":"https:\/\/diariodominicano.com\/index.php?rest_route=\/wp\/v2\/types\/post"}],"author":[{"embeddable":true,"href":"https:\/\/diariodominicano.com\/index.php?rest_route=\/wp\/v2\/users\/7"}],"replies":[{"embeddable":true,"href":"https:\/\/diariodominicano.com\/index.php?rest_route=%2Fwp%2Fv2%2Fcomments&post=562529"}],"version-history":[{"count":1,"href":"https:\/\/diariodominicano.com\/index.php?rest_route=\/wp\/v2\/posts\/562529\/revisions"}],"predecessor-version":[{"id":562542,"href":"https:\/\/diariodominicano.com\/index.php?rest_route=\/wp\/v2\/posts\/562529\/revisions\/562542"}],"wp:featuredmedia":[{"embeddable":true,"href":"https:\/\/diariodominicano.com\/index.php?rest_route=\/wp\/v2\/media\/562541"}],"wp:attachment":[{"href":"https:\/\/diariodominicano.com\/index.php?rest_route=%2Fwp%2Fv2%2Fmedia&parent=562529"}],"wp:term":[{"taxonomy":"category","embeddable":true,"href":"https:\/\/diariodominicano.com\/index.php?rest_route=%2Fwp%2Fv2%2Fcategories&post=562529"},{"taxonomy":"post_tag","embeddable":true,"href":"https:\/\/diariodominicano.com\/index.php?rest_route=%2Fwp%2Fv2%2Ftags&post=562529"}],"curies":[{"name":"wp","href":"https:\/\/api.w.org\/{rel}","templated":true}]}}