{"id":562523,"date":"2024-09-28T11:32:41","date_gmt":"2024-09-28T15:32:41","guid":{"rendered":"https:\/\/diariodominicano.com\/?p=562523"},"modified":"2024-09-28T11:32:49","modified_gmt":"2024-09-28T15:32:49","slug":"inicia-segunda-feria-inmobiliaria-bhd-en-el-alto-manhattan","status":"publish","type":"post","link":"https:\/\/diariodominicano.com\/?p=562523","title":{"rendered":"Inicia segunda Feria Inmobiliaria BHD en el Alto Manhattan\u00a0"},"content":{"rendered":"\n<p><strong>Video:<\/strong>&nbsp;<strong><a href=\"https:\/\/www.youtube.com\/watch?v=mxpO_M84lKI\" rel=\"noreferrer noopener\" target=\"_blank\">https:\/\/www.youtube.com\/watch?v=mxpO_M84lKI<\/a><\/strong><\/p>\n\n\n\n<p><strong>Por Ram\u00f3n Mercedes<\/strong><\/p>\n\n\n\n<p><strong>NUEVA YORK.-<\/strong>&nbsp;Con la asistencia de la embajadora dominicana en Washington DC, Sonia Guzm\u00e1n, el c\u00f3nsul en NY, Jes\u00fas -Ch\u00fa- V\u00e1squez y m\u00e1s de un centenar de dominicanos, entre ellos empresarios, profesionales, comerciantes, comunitarios, taxistas, amas de casas y ciudadanos comunes, inici\u00f3 este viernes el Banco BHD su segunda Feria Inmobiliaria en el Alto Manhattan.<\/p>\n\n\n\n<p>La misma continuar\u00e1 este s\u00e1bado y domingo en el sal\u00f3n de eventos de Radio Hotel, ubicado en el 2420 de la avenida \u00c1msterdam, esquina la calle 181, en el Alto Manhattan, desde las 10:00 a.m. hasta las 9:00 p.m.<\/p>\n\n\n\n<p>La cinta inaugural fue cortada por la embajadora Guzm\u00e1n, asistida por el presidente ejecutivo del BHD, Steven Puig; el c\u00f3nsul V\u00e1squez; el vicepresidente de Ventas Indirectas de Banca de Personas y Negocios, Freddy Sim\u00f3; Shadie Tineo, en representaci\u00f3n del Index, y Antonio Cabrera, presidente del consorcio High Class.<\/p>\n\n\n\n<p>Tambi\u00e9n con la intervenci\u00f3n de Vianela Acosta, vicepresidenta de Crisfer Inmobiliaria, en representaci\u00f3n de todas las constructoras y agencias participantes.<\/p>\n\n\n\n<p>Por su parte, Sim\u00f3 expres\u00f3 que la Feria Inmobiliaria BHD-NY es parte del compromiso que esta entidad financiera tiene con la di\u00e1spora dominicana, \u201ccon la que venimos trabajando desde hace varios a\u00f1os, y la misma es muestra de su dedicaci\u00f3n a brindar soluciones que ayuden a los dominicanos a alcanzar sus metas y mejorar su calidad de vida\u201d.<\/p>\n\n\n\n<p>A\u00f1adi\u00f3 que \u201cel BHD reitera su compromiso con la comunidad dominicana en el exterior y hoy regresamos a NY con mayor convencimiento de la importancia que tiene para las personas el adquirir una vivienda; es un sentimiento de estabilidad y seguridad a largo plazo y para Banco tambi\u00e9n es importante ayudar a las personas a lograr este sue\u00f1o\u201d.&nbsp;<\/p>\n\n\n\n<p>Mientras, el c\u00f3nsul V\u00e1squez tambi\u00e9n destac\u00f3 la importancia de la feria para la di\u00e1spora dominicana que ha demostrado un crecimiento constante y un papel crucial en el desarrollo econ\u00f3mico y social de la RD\u201d.&nbsp;<\/p>\n\n\n\n<p>\u201cEsta feria no solo representa una oportunidad de inversi\u00f3n, tambi\u00e9n es un puente que fortalece los lazos entre nuestra comunidad en el exterior y el pa\u00eds\u201d, expres\u00f3.<\/p>\n\n\n\n<p>Los ejecutivos de la entidad financiera invitaron a la comunidad quisqueyana a participar en este evento, se\u00f1alando que habr\u00e1 personal especializado para responder todas las preguntas, brindar asesor\u00eda personalizada y conocer las oportunidades que existen.<\/p>\n\n\n\n<p>Participan m\u00e1s de 20 empresas inmobiliaria con una amplia variedad de ofertas y facilidades.&nbsp;Los asistentes podr\u00e1n conocer proyectos de vivienda en plano, en construcci\u00f3n y listos para ser entregados en todo el territorio de la RD.<\/p>\n\n\n\n<p>Adem\u00e1s, recibir informaci\u00f3n general y educaci\u00f3n financiera sobre c\u00f3mo acceder a una vivienda en el pa\u00eds proporcionada por el BHD que incluye charlas, oportunidades de inversi\u00f3n y condiciones de los pr\u00e9stamos hipotecarios.<\/p>\n\n\n\n<p>Asimismo, conocer proyectos de vivienda de inter\u00e9s social, de alto valor y en zonas tur\u00edsticas del pa\u00eds.<\/p>\n","protected":false},"excerpt":{"rendered":"<p>Video:&nbsp;https:\/\/www.youtube.com\/watch?v=mxpO_M84lKI Por Ram\u00f3n Mercedes NUEVA YORK.-&nbsp;Con la asistencia de la embajadora dominicana en Washington DC, Sonia Guzm\u00e1n, el c\u00f3nsul en NY, Jes\u00fas -Ch\u00fa- V\u00e1squez y m\u00e1s de un centenar de dominicanos, entre ellos empresarios, profesionales, comerciantes, comunitarios, taxistas, amas de casas y ciudadanos comunes, inici\u00f3 este viernes el Banco BHD su segunda Feria Inmobiliaria en [&hellip;]<\/p>\n","protected":false},"author":28,"featured_media":562524,"comment_status":"closed","ping_status":"closed","sticky":true,"template":"","format":"standard","meta":{"footnotes":""},"categories":[18,27],"tags":[],"class_list":["post-562523","post","type-post","status-publish","format-standard","has-post-thumbnail","hentry","category-economia","category-portada"],"_links":{"self":[{"href":"https:\/\/diariodominicano.com\/index.php?rest_route=\/wp\/v2\/posts\/562523","targetHints":{"allow":["GET"]}}],"collection":[{"href":"https:\/\/diariodominicano.com\/index.php?rest_route=\/wp\/v2\/posts"}],"about":[{"href":"https:\/\/diariodominicano.com\/index.php?rest_route=\/wp\/v2\/types\/post"}],"author":[{"embeddable":true,"href":"https:\/\/diariodominicano.com\/index.php?rest_route=\/wp\/v2\/users\/28"}],"replies":[{"embeddable":true,"href":"https:\/\/diariodominicano.com\/index.php?rest_route=%2Fwp%2Fv2%2Fcomments&post=562523"}],"version-history":[{"count":1,"href":"https:\/\/diariodominicano.com\/index.php?rest_route=\/wp\/v2\/posts\/562523\/revisions"}],"predecessor-version":[{"id":562525,"href":"https:\/\/diariodominicano.com\/index.php?rest_route=\/wp\/v2\/posts\/562523\/revisions\/562525"}],"wp:featuredmedia":[{"embeddable":true,"href":"https:\/\/diariodominicano.com\/index.php?rest_route=\/wp\/v2\/media\/562524"}],"wp:attachment":[{"href":"https:\/\/diariodominicano.com\/index.php?rest_route=%2Fwp%2Fv2%2Fmedia&parent=562523"}],"wp:term":[{"taxonomy":"category","embeddable":true,"href":"https:\/\/diariodominicano.com\/index.php?rest_route=%2Fwp%2Fv2%2Fcategories&post=562523"},{"taxonomy":"post_tag","embeddable":true,"href":"https:\/\/diariodominicano.com\/index.php?rest_route=%2Fwp%2Fv2%2Ftags&post=562523"}],"curies":[{"name":"wp","href":"https:\/\/api.w.org\/{rel}","templated":true}]}}