{"id":562510,"date":"2024-09-28T02:52:00","date_gmt":"2024-09-28T06:52:00","guid":{"rendered":"https:\/\/diariodominicano.com\/?p=562510"},"modified":"2024-09-28T02:52:06","modified_gmt":"2024-09-28T06:52:06","slug":"ramon-carmona-recibe-premio-emmy-por-su-destacada-labor-en-noticiero-univision","status":"publish","type":"post","link":"https:\/\/diariodominicano.com\/?p=562510","title":{"rendered":"Ram\u00f3n Carmona recibe Premio Emmy por su destacada labor en Noticiero Univisi\u00f3n"},"content":{"rendered":"\n<p>Santo Domingo.- El destacado productor de televisi\u00f3n dominicano Ram\u00f3n Carmona fue galardonado con un prestigioso premio Emmy como parte del equipo de productores de Noticiero Univisi\u00f3n que fue reconocido como el mejor programa de noticias en espa\u00f1ol en los Estados Unidos.<\/p>\n\n\n\n<p><br>Durante la 45\u00aa edici\u00f3n de estos premios que cada a\u00f1o reconocen la excelencia en la industria de la televisi\u00f3n estadounidense, Noticiero Univisi\u00f3n se destac\u00f3 por su compromiso con ofrecer informaci\u00f3n veraz y relevante a la comunidad hispana. Ram\u00f3n Carmona, junto al equipo de productores, desempe\u00f1\u00f3 un papel clave en este \u00e9xito, aportando su vasta experiencia y dedicaci\u00f3n para garantizar la calidad period\u00edstica que caracteriza al noticiero.<\/p>\n\n\n\n<figure class=\"wp-block-gallery has-nested-images columns-default is-cropped wp-block-gallery-1 is-layout-flex wp-block-gallery-is-layout-flex\">\n<figure class=\"wp-block-image size-large\"><img loading=\"lazy\" decoding=\"async\" width=\"819\" height=\"1024\" data-id=\"562517\" src=\"https:\/\/diariodominicano.com\/wp-content\/uploads\/2024\/09\/Ramon-Carmona-recibe-Premio-Emmy-por-su-destacada-labor-Noticiero-Univision-819x1024.jpg\" alt=\"\" class=\"wp-image-562517\" srcset=\"https:\/\/diariodominicano.com\/wp-content\/uploads\/2024\/09\/Ramon-Carmona-recibe-Premio-Emmy-por-su-destacada-labor-Noticiero-Univision-819x1024.jpg 819w, https:\/\/diariodominicano.com\/wp-content\/uploads\/2024\/09\/Ramon-Carmona-recibe-Premio-Emmy-por-su-destacada-labor-Noticiero-Univision-240x300.jpg 240w, https:\/\/diariodominicano.com\/wp-content\/uploads\/2024\/09\/Ramon-Carmona-recibe-Premio-Emmy-por-su-destacada-labor-Noticiero-Univision-768x960.jpg 768w, https:\/\/diariodominicano.com\/wp-content\/uploads\/2024\/09\/Ramon-Carmona-recibe-Premio-Emmy-por-su-destacada-labor-Noticiero-Univision-816x1020.jpg 816w, https:\/\/diariodominicano.com\/wp-content\/uploads\/2024\/09\/Ramon-Carmona-recibe-Premio-Emmy-por-su-destacada-labor-Noticiero-Univision.jpg 1080w\" sizes=\"auto, (max-width: 819px) 100vw, 819px\" \/><\/figure>\n<\/figure>\n\n\n\n<p><br><br>Carmona, quien lleva 29 a\u00f1os formando parte de Univisi\u00f3n y cuenta con 34 a\u00f1os de experiencia como corresponsal en diversas cadenas internacionales, recibe una estatuilla junto a todo el equipo de producci\u00f3n del noticiero.<br><br>El premio fue recibido en nombre del equipo por Mar\u00eda Mart\u00ednez, vicepresidenta de noticias de Univisi\u00f3n.<br><br>De su lado, Carmona expres\u00f3 su satisfacci\u00f3n por el reconocimiento y lo que significa para el equipo: \u201cEste premio que recibo junto a mis compa\u00f1eros es una satisfacci\u00f3n del deber cumplido. Llevar las historias reales de aquellos que sufren y ser la voz de los que no son escuchados es una gran responsabilidad que tomamos muy en serio\u201d.<\/p>\n\n\n\n<figure class=\"wp-block-gallery has-nested-images columns-default is-cropped wp-block-gallery-2 is-layout-flex wp-block-gallery-is-layout-flex\">\n<figure class=\"wp-block-image size-large\"><img loading=\"lazy\" decoding=\"async\" width=\"1024\" height=\"536\" data-id=\"562518\" src=\"https:\/\/diariodominicano.com\/wp-content\/uploads\/2024\/09\/Ramon-Carmona-recibe-Premio-Emmy-por-destacada-labor-en-Noticiero-Univision-1024x536.jpg\" alt=\"\" class=\"wp-image-562518\" srcset=\"https:\/\/diariodominicano.com\/wp-content\/uploads\/2024\/09\/Ramon-Carmona-recibe-Premio-Emmy-por-destacada-labor-en-Noticiero-Univision-1024x536.jpg 1024w, https:\/\/diariodominicano.com\/wp-content\/uploads\/2024\/09\/Ramon-Carmona-recibe-Premio-Emmy-por-destacada-labor-en-Noticiero-Univision-300x157.jpg 300w, https:\/\/diariodominicano.com\/wp-content\/uploads\/2024\/09\/Ramon-Carmona-recibe-Premio-Emmy-por-destacada-labor-en-Noticiero-Univision-768x402.jpg 768w, https:\/\/diariodominicano.com\/wp-content\/uploads\/2024\/09\/Ramon-Carmona-recibe-Premio-Emmy-por-destacada-labor-en-Noticiero-Univision-1536x804.jpg 1536w, https:\/\/diariodominicano.com\/wp-content\/uploads\/2024\/09\/Ramon-Carmona-recibe-Premio-Emmy-por-destacada-labor-en-Noticiero-Univision-816x427.jpg 816w, https:\/\/diariodominicano.com\/wp-content\/uploads\/2024\/09\/Ramon-Carmona-recibe-Premio-Emmy-por-destacada-labor-en-Noticiero-Univision.jpg 1600w\" sizes=\"auto, (max-width: 1024px) 100vw, 1024px\" \/><\/figure>\n<\/figure>\n\n\n\n<p><br><br>El productor de televisi\u00f3n tambi\u00e9n aprovech\u00f3 para expresar su agradecimiento a sus compa\u00f1eros de Rep\u00fablica Dominicana: \u201cEste premio no es solo m\u00edo, tambi\u00e9n es de mis compa\u00f1eros Indhira Navarro, Andrea Ramos, Sixto Obj\u00edos y Daniel Garc\u00eda. Su dedicaci\u00f3n y esfuerzo han sido clave para alcanzar este logro. Agradezco profundamente su entrega y compromiso profesional, porque juntos trabajamos d\u00eda a d\u00eda para llevar la mejor calidad informativa a nuestra audiencia\u201d.<br><br>Carmona ha desempe\u00f1ado un papel clave en la producci\u00f3n de noticias de gran impacto, reflejando el compromiso con la excelencia period\u00edstica que caracteriza su trayectoria. Su experiencia abarca no solo la producci\u00f3n televisiva, sino tambi\u00e9n la cobertura de eventos deportivos y de noticias para diversas cadenas internacionales.<br><br>Este reconocimiento posiciona a Carmona como uno de los dominicanos m\u00e1s influyentes en la industria televisiva estadounidense, un motivo de orgullo para la comunidad dominicana y un ejemplo de la capacidad de nuestros profesionales en escenarios internacionales.<br><br>Los Premios Emmy son otorgados anualmente para reconocer la excelencia en la industria de la televisi\u00f3n en Estados Unidos, y se dividen en varias categor\u00edas, como los Emmy de Primetime, los Daytime Emmy, y los Emmy de Noticias y Documentales, entre otros. Esta distinci\u00f3n a Noticiero Univisi\u00f3n reafirma su liderazgo como uno de los programas m\u00e1s destacados en la televisi\u00f3n en espa\u00f1ol.<br><br><strong>Sobre Ram\u00f3n Carmona<\/strong><br><br>Con m\u00e1s de tres d\u00e9cadas de experiencia en el periodismo y la producci\u00f3n televisiva, Ram\u00f3n Carmona ha sido testigo y part\u00edcipe de los grandes cambios en la forma de narrar la informaci\u00f3n a audiencias globales. Desde su ingreso a Univisi\u00f3n, Carmona ha trabajado de manera incansable para llevar noticias de calidad a la audiencia hispana en los Estados Unidos.<br><br>Este premio Emmy es un tributo a su dedicaci\u00f3n y al valor que aporta como productor dentro del competitivo mundo de la televisi\u00f3n internacional. <\/p>\n\n\n\n<p><strong>alexis Roa<\/strong>\u00a0&lt;alexisrp2024@gmail.com> <\/p>\n","protected":false},"excerpt":{"rendered":"<p>Santo Domingo.- El destacado productor de televisi\u00f3n dominicano Ram\u00f3n Carmona fue galardonado con un prestigioso premio Emmy como parte del equipo de productores de Noticiero Univisi\u00f3n que fue reconocido como el mejor programa de noticias en espa\u00f1ol en los Estados Unidos. Durante la 45\u00aa edici\u00f3n de estos premios que cada a\u00f1o reconocen la excelencia en [&hellip;]<\/p>\n","protected":false},"author":7,"featured_media":562516,"comment_status":"closed","ping_status":"closed","sticky":false,"template":"","format":"standard","meta":{"footnotes":""},"categories":[25],"tags":[],"class_list":["post-562510","post","type-post","status-publish","format-standard","has-post-thumbnail","hentry","category-gente"],"_links":{"self":[{"href":"https:\/\/diariodominicano.com\/index.php?rest_route=\/wp\/v2\/posts\/562510","targetHints":{"allow":["GET"]}}],"collection":[{"href":"https:\/\/diariodominicano.com\/index.php?rest_route=\/wp\/v2\/posts"}],"about":[{"href":"https:\/\/diariodominicano.com\/index.php?rest_route=\/wp\/v2\/types\/post"}],"author":[{"embeddable":true,"href":"https:\/\/diariodominicano.com\/index.php?rest_route=\/wp\/v2\/users\/7"}],"replies":[{"embeddable":true,"href":"https:\/\/diariodominicano.com\/index.php?rest_route=%2Fwp%2Fv2%2Fcomments&post=562510"}],"version-history":[{"count":1,"href":"https:\/\/diariodominicano.com\/index.php?rest_route=\/wp\/v2\/posts\/562510\/revisions"}],"predecessor-version":[{"id":562522,"href":"https:\/\/diariodominicano.com\/index.php?rest_route=\/wp\/v2\/posts\/562510\/revisions\/562522"}],"wp:featuredmedia":[{"embeddable":true,"href":"https:\/\/diariodominicano.com\/index.php?rest_route=\/wp\/v2\/media\/562516"}],"wp:attachment":[{"href":"https:\/\/diariodominicano.com\/index.php?rest_route=%2Fwp%2Fv2%2Fmedia&parent=562510"}],"wp:term":[{"taxonomy":"category","embeddable":true,"href":"https:\/\/diariodominicano.com\/index.php?rest_route=%2Fwp%2Fv2%2Fcategories&post=562510"},{"taxonomy":"post_tag","embeddable":true,"href":"https:\/\/diariodominicano.com\/index.php?rest_route=%2Fwp%2Fv2%2Ftags&post=562510"}],"curies":[{"name":"wp","href":"https:\/\/api.w.org\/{rel}","templated":true}]}}