{"id":56246,"date":"2020-11-03T10:08:51","date_gmt":"2020-11-03T10:08:51","guid":{"rendered":"http:\/\/diariodominicano.ddns.net\/?p=56246"},"modified":"2020-11-03T10:08:51","modified_gmt":"2020-11-03T10:08:51","slug":"archivo-general-de-la-nacion-celebrara-en-modalidad-virtual-feria-del-libro-de-historia-dominicana","status":"publish","type":"post","link":"https:\/\/diariodominicano.com\/?p=56246","title":{"rendered":"Archivo General de la Naci\u00f3n celebrar\u00e1 en modalidad virtual Feria del Libro de Historia Dominicana"},"content":{"rendered":"<p><body><\/p>\n<p><img decoding=\"async\" src=\"img3\/AGN-Feria3-11-20.jpg\" \/>  <\/p>\n<p>diariodominicano.com<\/p>\n<p><span class=\"text1noticias\"> <\/span><\/p>\n<p><span class=\"text1noticias\">Santo Domingo, R. D., 3 de noviembre, 2020.-  Desde el 16 hasta el 20 de noviembre, de 9:00 a.m. a 8:00 p.m., el Archivo General de la Naci\u00f3n (AGN), celebrar\u00e1 en modalidad virtual, la S\u00e9ptima Feria del Libro de Historia Dominicana, con el objetivo de incentivar a la lectura y llevar la Historia a la sociedad dominicana.<\/span><\/p>\n<\/p>\n<p><span class=\"text1noticias\">El evento estar\u00e1 dedicado a las historiadoras Mu-Kien Adriana Sang Ben, Carmen Dur\u00e1n y Lusitania Mart\u00ednez, con el tema central \u00abLa mujer en la historia dominicana\u00bb, y se presentar\u00e1n ponencias que abordan documentalmente esta tem\u00e1tica.<\/span><\/p>\n<\/p>\n<p><span class=\"text1noticias\">Programa de la Feria<\/span><\/p>\n<p><span class=\"text1noticias\">El AGN ha preparado un amplio programa de actividades dirigido a ni\u00f1os, j\u00f3venes y adultos. Habr\u00e1 3 talleres, 12 conferencias, 3 paneles, 11 charlas, presentaciones art\u00edsticas, proyecci\u00f3n de documentales y largometrajes, entre otros. A diferencia de a\u00f1os anteriores no habr\u00e1 venta presencial de libros, sin embargo, cada librer\u00eda participante tendr\u00e1 un perfil con toda su informaci\u00f3n y oferta bibliogr\u00e1fica en la Web del AGN, as\u00ed como descuentos disponibles.<\/span><\/p>\n<\/p>\n<p><span class=\"text1noticias\">Durante los cinco d\u00edas de Feria se pondr\u00e1n a circular 10 libros, entre ellos, Cat\u00e1logo de v\u00edctimas de la dictadura de trujillo en los fondos del Archivo General de la Naci\u00f3n, movimientos y memorias, autor\u00eda de Roberto Cass\u00e1, la novela hist\u00f3rica Batey autor\u00eda de Tarquino Donastorg, entre otras obras con temas hist\u00f3ricos.<\/span><\/p>\n<p><span class=\"text1noticias\"> <\/span><\/p>\n<p><span class=\"text1noticias\">Las homenajeadas de este a\u00f1o presentar\u00e1n una conferencia cada una: Mu-Kien Sang Ben abordar\u00e1 el tema \u00abMinerva Mirabal: la mujer, la hero\u00edna\u00bb, Carmen Dur\u00e1n hablar\u00e1 sobre \u00abUn cap\u00edtulo en la historia de la mujer\u00bb y Lusitania Mart\u00ednez tratar\u00e1 el tema \u00abSufragismo dominicano, siglos XIX y XX. La dimorfia sexual\u00bb.  Este a\u00f1o el AGN presentar\u00e1 el panel internacional \u00abLos archivos en tiempos de pandemia\u00bb, con la participaci\u00f3n de los directores de los archivos generales de Puerto Rico, Colombia, Costa Rica y Rep\u00fablica Dominicana.<\/span><\/p>\n<p><span class=\"text1noticias\"> <\/span><\/p>\n<p><span class=\"text1noticias\">La Feria cuenta con el apoyo de Banreservas, El Nuevo Diario, la Oficina Presidencial de Tecnolog\u00eda de la Informaci\u00f3n y Comunicaci\u00f3n (OPTIC), El Caribe, DGCINE, El Nacional, Hoy, JJ Consulting, Acento, Cinemateca Dominicana, Diario Libre, el Ministerio de Cultura y la Universidad Aut\u00f3noma de Santo Domingo (UASD).<\/span><\/p>\n<p><span class=\"text1noticias\"> <\/span><\/p>\n<p><span class=\"text1noticias\">Todas estas actividades ser\u00e1n presentadas totalmente en l\u00ednea, abiertas al p\u00fablico y libres de costo. Para conocer m\u00e1s detalles y descargar el programa de actividades, puede acceder a www.agn.gob.do o en las redes sociales, AGN<\/span>_RD.<\/p>\n<\/p>\n<p>Fuente: Relaciones P\u00fablicas AGN<\/p>\n<h6> 2020-11-03 10:08:51 <\/h6>\n<p><!--\n<link rel=\"stylesheet\" href=\"css\/bootstrap.min.css\">\n\n\n<ul class=\"pagination\">\n\t    \n\t\n\n<li >\n\t<a href='?page_no=81'>Previous<\/a>\n\t<\/li>\n\n\n       \n    \n\n<li><a href='?page_no=1'>1<\/a><\/li>\n\n\n\n<li><a href='?page_no=2'>2<\/a><\/li>\n\n\n\n<li><a>...<\/a><\/li>\n\n\n\n<li><a href='?page_no=80'>80<\/a><\/li>\n\n\n\n<li><a href='?page_no=81'>81<\/a><\/li>\n\n\n\n<li class='active'><a>82<\/a><\/li>\n\n\n\n<li><a href='?page_no=83'>83<\/a><\/li>\n\n\n\n<li><a href='?page_no=84'>84<\/a><\/li>\n\n\n\n<li><a>...<\/a><\/li>\n\n\n\n<li><a href='?page_no=22911'>22911<\/a><\/li>\n\n\n\n<li><a href='?page_no=22912'>22912<\/a><\/li>\n\n    \n\t\n\n<li >\n\t<a href='?page_no=83'>Next<\/a>\n\t<\/li>\n\n\n    \n\n<li><a href='?page_no=22912'>Last &rsaquo;&rsaquo;<\/a><\/li>\n\n<\/ul>\n\n\n--><br \/>\n<\/body><\/p>\n","protected":false},"excerpt":{"rendered":"<p>diariodominicano.com Santo Domingo, R. D., 3 de noviembre, 2020.- Desde el 16 hasta el 20 de noviembre, de 9:00 a.m. a 8:00 p.m., el Archivo General de la Naci\u00f3n (AGN), celebrar\u00e1 en modalidad virtual, la S\u00e9ptima Feria del Libro de Historia Dominicana, con el objetivo de incentivar a la lectura y llevar la Historia a [&hellip;]<\/p>\n","protected":false},"author":3,"featured_media":0,"comment_status":"open","ping_status":"open","sticky":false,"template":"","format":"standard","meta":{"footnotes":""},"categories":[21],"tags":[],"class_list":["post-56246","post","type-post","status-publish","format-standard","hentry","category-cultura"],"_links":{"self":[{"href":"https:\/\/diariodominicano.com\/index.php?rest_route=\/wp\/v2\/posts\/56246","targetHints":{"allow":["GET"]}}],"collection":[{"href":"https:\/\/diariodominicano.com\/index.php?rest_route=\/wp\/v2\/posts"}],"about":[{"href":"https:\/\/diariodominicano.com\/index.php?rest_route=\/wp\/v2\/types\/post"}],"author":[{"embeddable":true,"href":"https:\/\/diariodominicano.com\/index.php?rest_route=\/wp\/v2\/users\/3"}],"replies":[{"embeddable":true,"href":"https:\/\/diariodominicano.com\/index.php?rest_route=%2Fwp%2Fv2%2Fcomments&post=56246"}],"version-history":[{"count":0,"href":"https:\/\/diariodominicano.com\/index.php?rest_route=\/wp\/v2\/posts\/56246\/revisions"}],"wp:attachment":[{"href":"https:\/\/diariodominicano.com\/index.php?rest_route=%2Fwp%2Fv2%2Fmedia&parent=56246"}],"wp:term":[{"taxonomy":"category","embeddable":true,"href":"https:\/\/diariodominicano.com\/index.php?rest_route=%2Fwp%2Fv2%2Fcategories&post=56246"},{"taxonomy":"post_tag","embeddable":true,"href":"https:\/\/diariodominicano.com\/index.php?rest_route=%2Fwp%2Fv2%2Ftags&post=56246"}],"curies":[{"name":"wp","href":"https:\/\/api.w.org\/{rel}","templated":true}]}}