{"id":562410,"date":"2024-09-27T23:10:24","date_gmt":"2024-09-28T03:10:24","guid":{"rendered":"https:\/\/diariodominicano.com\/?p=562410"},"modified":"2024-09-27T23:14:10","modified_gmt":"2024-09-28T03:14:10","slug":"conmemoran-centenario-del-natalicio-de-josefina-padilla-la-primera-candidata-a-la-vicepresidencia-de-rd","status":"publish","type":"post","link":"https:\/\/diariodominicano.com\/?p=562410","title":{"rendered":"Conmemoran centenario del natalicio de Josefina Padilla, la primera candidata a la vicepresidencia de RD"},"content":{"rendered":"\n<p>EL MUSEO MEMORIAL LE RINDI\u00d3 UN HOMENAJE A QUIEN TAMBIEN FUE CATEDR\u00c1TICA DE LA UASD Y DEFENSORA DE LAS LIBERTADES P\u00daBLICAS<\/p>\n\n\n\n<figure class=\"wp-block-image size-large\"><img loading=\"lazy\" decoding=\"async\" width=\"1024\" height=\"683\" src=\"https:\/\/diariodominicano.com\/wp-content\/uploads\/2024\/09\/Foto-3-1024x683.jpg\" alt=\"\" class=\"wp-image-562413\" srcset=\"https:\/\/diariodominicano.com\/wp-content\/uploads\/2024\/09\/Foto-3-1024x683.jpg 1024w, https:\/\/diariodominicano.com\/wp-content\/uploads\/2024\/09\/Foto-3-300x200.jpg 300w, https:\/\/diariodominicano.com\/wp-content\/uploads\/2024\/09\/Foto-3-768x512.jpg 768w, https:\/\/diariodominicano.com\/wp-content\/uploads\/2024\/09\/Foto-3-1536x1024.jpg 1536w, https:\/\/diariodominicano.com\/wp-content\/uploads\/2024\/09\/Foto-3-2048x1366.jpg 2048w, https:\/\/diariodominicano.com\/wp-content\/uploads\/2024\/09\/Foto-3-816x544.jpg 816w\" sizes=\"auto, (max-width: 1024px) 100vw, 1024px\" \/><\/figure>\n\n\n\n<p><em><u>Santo Domingo, DN, 27 de septiembre de 2024.-<\/u><\/em>El Museo Memorial de la Resistencia Dominicana (MMRD) conmemor\u00f3 el centenario del natalicio de Josefina Padilla, quien fuera la primera candidata a la vicepresidencia de la Rep\u00fablica Dominicana y de Am\u00e9rica en 1962 y gran defensora de las libertades p\u00fablicas.<\/p>\n\n\n\n<figure class=\"wp-block-image size-large\"><img loading=\"lazy\" decoding=\"async\" width=\"1024\" height=\"683\" src=\"https:\/\/diariodominicano.com\/wp-content\/uploads\/2024\/09\/Foto-2-1-1024x683.jpg\" alt=\"\" class=\"wp-image-562415\" srcset=\"https:\/\/diariodominicano.com\/wp-content\/uploads\/2024\/09\/Foto-2-1-1024x683.jpg 1024w, https:\/\/diariodominicano.com\/wp-content\/uploads\/2024\/09\/Foto-2-1-300x200.jpg 300w, https:\/\/diariodominicano.com\/wp-content\/uploads\/2024\/09\/Foto-2-1-768x512.jpg 768w, https:\/\/diariodominicano.com\/wp-content\/uploads\/2024\/09\/Foto-2-1-1536x1024.jpg 1536w, https:\/\/diariodominicano.com\/wp-content\/uploads\/2024\/09\/Foto-2-1-2048x1366.jpg 2048w, https:\/\/diariodominicano.com\/wp-content\/uploads\/2024\/09\/Foto-2-1-816x544.jpg 816w\" sizes=\"auto, (max-width: 1024px) 100vw, 1024px\" \/><\/figure>\n\n\n\n<p>Al acto, realizado en el lobby de la instituci\u00f3n, asistieron hijos, nietos, biznietos y otros familiares y allegados de Josefina Padilla, quienes la definieron como una mujer que dio muchos frutos y dej\u00f3 un gran legado para las presentes y futuras generaciones.<\/p>\n\n\n\n<p>Por su gran contribuci\u00f3n a la sociedad, el Museo Memorial le dedic\u00f3 la Pieza del Mes, un programa que tiene como objetivo acercar a las familias a la instituci\u00f3n y que estas la hagan parte de ellas, as\u00ed como reconocer el legado y la trayectoria de h\u00e9roes an\u00f3nimos para que los estudiantes y j\u00f3venes conozcan los que lucharon por la democracia y la libertad dominicana y les sirvan de referentes en su desarrollo.<\/p>\n\n\n\n<p>\u201cEste trabajo de la pieza del mes lo que busca es que ellos est\u00e9n m\u00e1s cerca, que entiendan que eran personas con debilidades, con familias, que se sacrificaron, con miedos, con dolores y que se sobrepusieron a todo eso y decidieron transitar el camino de la dignidad, sin importar el costo\u201d, sostuvo la directora fundadora del Museo Memorial al pronunciar las palabras centrales del acto.<\/p>\n\n\n\n<p>Agradeci\u00f3 a los hijos y familiares de Padilla por facilitar los objetos que se exhiben en el vest\u00edbulo como parte del homenaje, al indicar que sirven como enlace para mantener una conexi\u00f3n con ella. \u201cDamos las gracias a la familia por confiar en nosotros y por aceptar que Josefina sea utilizada como un ejemplo para educar a nuestros j\u00f3venes sobre qu\u00e9 es libertad, qu\u00e9 es democracia, qu\u00e9 es actuar con dignidad y qu\u00e9 es servir a la Patria\u201d, expres\u00f3 de Pe\u00f1a D\u00edaz.<\/p>\n\n\n\n<p>En nombre de la familia, hablaron en el acto sus hijos Rafael Augusto y Lizzie S\u00e1nchez, quienes la definieron como una mujer extraordinaria, desempe\u00f1ando un papel especial para cada uno de sus seres queridos.<\/p>\n\n\n\n<p><strong><em>M\u00e1s sobre Josefina Padilla<\/em><\/strong><\/p>\n\n\n\n<p>Naci\u00f3 en Santiago el 29 de octubre de 1924. En 1943 inici\u00f3 estudios universitarios en la Facultad de Medicina de la Universidad de Santo Domingo.&nbsp; En ese per\u00edodo inicia sus primeras actividades pol\u00edticas y funda junto a otros estudiantes universitarios el movimiento clandestino anti-trujillista \u201cJuventud Revolucionaria\u201d, m\u00e1s tarde \u201cJuventud Democr\u00e1tica\u201d.<\/p>\n\n\n\n<p>En 1950 contrae nupcias con el doctor Rafael Augusto S\u00e1nchez Sanlley, con quien procre\u00f3 cinco hijos, cri\u00e1ndolos junto a otros tres que su esposo hab\u00eda concebido del matrimonio anterior, formando una prol\u00edfera familia de ocho hijos.<\/p>\n\n\n\n<p>Aunque se gradu\u00f3 de medicina, la dictadura impidi\u00f3 que Josefina ejerciera su profesi\u00f3n o tuviera trabajo alguno. El 2 de junio de1961, dos d\u00edas despu\u00e9s del tiranicidio, Rafael Augusto S\u00e1nchez Sanlley fue asesinado y su cuerpo lanzado al mar por los esbirros.<\/p>\n\n\n\n<p>Tras derrocar el r\u00e9gimen, ingres\u00f3 al Partido Revolucionario Social Cristiano como parte de su dirigencia, y all\u00ed fue escogida como compa\u00f1era de boleta del doctor Alfonso Moreno Mart\u00ednez en las elecciones de 1962, con lo que se convirti\u00f3 en la primera mujer de la historia dominicana y de Am\u00e9rica en ser candidata a la vicepresidencia.<\/p>\n\n\n\n<p>En su largo recorrido por la vida profesional, social y pol\u00edtica, en 1963 Josefina form\u00f3 parte de la fundaci\u00f3n del Movimiento C\u00edvico no partidista Participaci\u00f3n Ciudadana. Falleci\u00f3 el 13 de noviembre del 2022, a los 98 a\u00f1os, rodeada de sus hijos, nietos y biznietos.\u00a0&#8212;<\/p>\n\n\n\n<p>Raisa Marte<\/p>\n\n\n\n<p><a target=\"_blank\" href=\"mailto:raisamarte1@gmail.com\" rel=\"noreferrer noopener\">raisamarte1@gmail.com<\/a><\/p>\n\n\n\n<p><strong>Santa (Raisa) Marte Javier<\/strong><\/p>\n\n\n\n<p><strong>Periodista<\/strong><\/p>\n\n\n\n<p><strong>RRPP y Comunicaci\u00f3n Corporativa<\/strong><\/p>\n","protected":false},"excerpt":{"rendered":"<p>EL MUSEO MEMORIAL LE RINDI\u00d3 UN HOMENAJE A QUIEN TAMBIEN FUE CATEDR\u00c1TICA DE LA UASD Y DEFENSORA DE LAS LIBERTADES P\u00daBLICAS Santo Domingo, DN, 27 de septiembre de 2024.-El Museo Memorial de la Resistencia Dominicana (MMRD) conmemor\u00f3 el centenario del natalicio de Josefina Padilla, quien fuera la primera candidata a la vicepresidencia de la Rep\u00fablica [&hellip;]<\/p>\n","protected":false},"author":2,"featured_media":562411,"comment_status":"closed","ping_status":"closed","sticky":true,"template":"","format":"standard","meta":{"footnotes":""},"categories":[36,26],"tags":[],"class_list":["post-562410","post","type-post","status-publish","format-standard","has-post-thumbnail","hentry","category-hombresmujeresycosas","category-efemerides"],"_links":{"self":[{"href":"https:\/\/diariodominicano.com\/index.php?rest_route=\/wp\/v2\/posts\/562410","targetHints":{"allow":["GET"]}}],"collection":[{"href":"https:\/\/diariodominicano.com\/index.php?rest_route=\/wp\/v2\/posts"}],"about":[{"href":"https:\/\/diariodominicano.com\/index.php?rest_route=\/wp\/v2\/types\/post"}],"author":[{"embeddable":true,"href":"https:\/\/diariodominicano.com\/index.php?rest_route=\/wp\/v2\/users\/2"}],"replies":[{"embeddable":true,"href":"https:\/\/diariodominicano.com\/index.php?rest_route=%2Fwp%2Fv2%2Fcomments&post=562410"}],"version-history":[{"count":3,"href":"https:\/\/diariodominicano.com\/index.php?rest_route=\/wp\/v2\/posts\/562410\/revisions"}],"predecessor-version":[{"id":562416,"href":"https:\/\/diariodominicano.com\/index.php?rest_route=\/wp\/v2\/posts\/562410\/revisions\/562416"}],"wp:featuredmedia":[{"embeddable":true,"href":"https:\/\/diariodominicano.com\/index.php?rest_route=\/wp\/v2\/media\/562411"}],"wp:attachment":[{"href":"https:\/\/diariodominicano.com\/index.php?rest_route=%2Fwp%2Fv2%2Fmedia&parent=562410"}],"wp:term":[{"taxonomy":"category","embeddable":true,"href":"https:\/\/diariodominicano.com\/index.php?rest_route=%2Fwp%2Fv2%2Fcategories&post=562410"},{"taxonomy":"post_tag","embeddable":true,"href":"https:\/\/diariodominicano.com\/index.php?rest_route=%2Fwp%2Fv2%2Ftags&post=562410"}],"curies":[{"name":"wp","href":"https:\/\/api.w.org\/{rel}","templated":true}]}}