{"id":562310,"date":"2024-09-27T11:19:08","date_gmt":"2024-09-27T15:19:08","guid":{"rendered":"https:\/\/diariodominicano.com\/?p=562310"},"modified":"2024-09-27T11:33:53","modified_gmt":"2024-09-27T15:33:53","slug":"ministerio-publico-obtiene-tres-meses-de-prision-preventiva-contra-imputado-de-violacion-sexual","status":"publish","type":"post","link":"https:\/\/diariodominicano.com\/?p=562310","title":{"rendered":"Imponen tres meses de prisi\u00f3n preventiva a un hombre imputado de violaci\u00f3n sexual"},"content":{"rendered":"\n<p>El  Ministerio P\u00fablico de Santo Domingo Oeste estuvo representado por la procurada fiscal Gilsa Puello, quien mostr\u00f3 todas las evidencias, que se\u00f1alan al imputado Pablo Adames, como responsable del hecho<\/p>\n\n\n\n<p>diariodominicano.com<\/p>\n\n\n\n<p><strong>Santo Domingo Oeste,<\/strong> <strong>R. D., 27 de septiembre, 2024.-<\/strong> &nbsp;El Ministerio P\u00fablico de Santo Domingo Oeste obtuvo tres meses de prisi\u00f3n preventiva en contra de un hombre imputado de violaci\u00f3n sexual, en perjuicio de una adolescente de 15 a\u00f1os de edad.<\/p>\n\n\n\n<p>El imputado, Pablo Adames, ha sido procesado por violar los art\u00edculos 331 del C\u00f3digo Penal Dominicano y&nbsp; los art\u00edculos 12, 18, 396, literales B y C, de la Ley 136-03, del C\u00f3digo para la Protecci\u00f3n y los Derechos Fundamentales de los Ni\u00f1os, Ni\u00f1as y Adolescentes, en perjuicio de la v\u00edctima, de quien se omite el nombre para preservar su integridad.<\/p>\n\n\n\n<p>El Ministerio P\u00fablico estuvo representado por la procurada fiscal Gilsa Puello, quien mostr\u00f3 todas las evidencias, que se\u00f1alan al imputado como responsable del hecho, ante el Juzgado de la Instrucci\u00f3n de este distrito judicial, que preside la jueza Cecilia Toribio Melo.<\/p>\n\n\n\n<p>El expediente de solicitud de medida de coerci\u00f3n detalla que el d\u00eda 25 de agosto del presente a\u00f1o, el imputado llev\u00f3 a la adolescente a su lugar de trabajo y una vez all\u00ed la oblig\u00f3 a sostener relaciones sexuales con \u00e9l.<\/p>\n\n\n\n<p>El imputado deber\u00e1 cumplir la medida cautelar consistente en prisi\u00f3n preventiva en el Centro de Correcci\u00f3n y Rehabilitaci\u00f3n Najayo Hombres.<\/p>\n\n\n\n<p>.<\/p>\n\n\n\n<p><strong>Direcci\u00f3n General de Comunicaci\u00f3n, Prensa, y RRPP<\/strong><strong><\/strong><\/p>\n\n\n\n<p>Ministerio P\u00fablico.&nbsp;R.D.<\/p>\n\n\n\n<p>Viernes, 27 de septiembre de 2024<\/p>\n\n\n\n<figure class=\"wp-block-table\"><table><tbody><tr><td><strong>COMUNICACIONES PGR<\/strong><\/td><\/tr><\/tbody><\/table><\/figure>\n","protected":false},"excerpt":{"rendered":"<p>El Ministerio P\u00fablico de Santo Domingo Oeste estuvo representado por la procurada fiscal Gilsa Puello, quien mostr\u00f3 todas las evidencias, que se\u00f1alan al imputado Pablo Adames, como responsable del hecho diariodominicano.com Santo Domingo Oeste, R. D., 27 de septiembre, 2024.- &nbsp;El Ministerio P\u00fablico de Santo Domingo Oeste obtuvo tres meses de prisi\u00f3n preventiva en contra [&hellip;]<\/p>\n","protected":false},"author":5,"featured_media":420148,"comment_status":"closed","ping_status":"closed","sticky":true,"template":"","format":"standard","meta":{"footnotes":""},"categories":[24,27],"tags":[],"class_list":["post-562310","post","type-post","status-publish","format-standard","has-post-thumbnail","hentry","category-justicia-y-derecho","category-portada"],"_links":{"self":[{"href":"https:\/\/diariodominicano.com\/index.php?rest_route=\/wp\/v2\/posts\/562310","targetHints":{"allow":["GET"]}}],"collection":[{"href":"https:\/\/diariodominicano.com\/index.php?rest_route=\/wp\/v2\/posts"}],"about":[{"href":"https:\/\/diariodominicano.com\/index.php?rest_route=\/wp\/v2\/types\/post"}],"author":[{"embeddable":true,"href":"https:\/\/diariodominicano.com\/index.php?rest_route=\/wp\/v2\/users\/5"}],"replies":[{"embeddable":true,"href":"https:\/\/diariodominicano.com\/index.php?rest_route=%2Fwp%2Fv2%2Fcomments&post=562310"}],"version-history":[{"count":4,"href":"https:\/\/diariodominicano.com\/index.php?rest_route=\/wp\/v2\/posts\/562310\/revisions"}],"predecessor-version":[{"id":562320,"href":"https:\/\/diariodominicano.com\/index.php?rest_route=\/wp\/v2\/posts\/562310\/revisions\/562320"}],"wp:featuredmedia":[{"embeddable":true,"href":"https:\/\/diariodominicano.com\/index.php?rest_route=\/wp\/v2\/media\/420148"}],"wp:attachment":[{"href":"https:\/\/diariodominicano.com\/index.php?rest_route=%2Fwp%2Fv2%2Fmedia&parent=562310"}],"wp:term":[{"taxonomy":"category","embeddable":true,"href":"https:\/\/diariodominicano.com\/index.php?rest_route=%2Fwp%2Fv2%2Fcategories&post=562310"},{"taxonomy":"post_tag","embeddable":true,"href":"https:\/\/diariodominicano.com\/index.php?rest_route=%2Fwp%2Fv2%2Ftags&post=562310"}],"curies":[{"name":"wp","href":"https:\/\/api.w.org\/{rel}","templated":true}]}}