{"id":562300,"date":"2024-09-28T00:23:28","date_gmt":"2024-09-28T04:23:28","guid":{"rendered":"https:\/\/diariodominicano.com\/?p=562300"},"modified":"2024-09-28T00:38:05","modified_gmt":"2024-09-28T04:38:05","slug":"instituto-duartiano-denuncia-intensa-campana-de-descredito-internacional-contra-la-republica-dominicana","status":"publish","type":"post","link":"https:\/\/diariodominicano.com\/?p=562300","title":{"rendered":"Instituto Duartiano denuncia intensa campa\u00f1a de descr\u00e9dito internacional contra la Rep\u00fablica Dominicana"},"content":{"rendered":"\n<p id=\"block-30b974f2-e98b-4e87-b7dc-314bfcca85c8\"><em><strong>juramentaci\u00f3n de 20 nuevos miembros de honor, la cual incluy\u00f3 una conferencia del presidente de la Academia de la Historia, Juan Daniel Balc\u00e1cer, quien arroja luz sobre la controversia de la supuesta excomuni\u00f3n de Duarte.<\/strong><\/em><\/p>\n\n\n\n<p id=\"block-afc517ee-498b-4aa0-a10a-f691b5070fad\"><strong>Santo Domingo, Rep. Dom.-<\/strong>&nbsp;Durante el acto de juramentaci\u00f3n de veinte nuevos \u201cmiembros de honor\u201d del Instituto Duartiano, su presidente, el doctor Wilson G\u00f3mez Ram\u00edrez, denunci\u00f3 lo que calific\u00f3 como \u201cla m\u00e1s intensa tanda de acoso y extorsi\u00f3n\u201d contra la Rep\u00fablica Dominicana, con el objetivo de socavar las bases de su soberan\u00eda.<\/p>\n\n\n\n<figure class=\"wp-block-image\" id=\"block-95ddc918-3fe0-4beb-8a03-02f449efd9a9\"><img decoding=\"async\" src=\"https:\/\/diariodominicano.com\/wp-content\/uploads\/2024\/09\/Los-nuevos-miembros-de-honor-juramentados-por-el-ID-1024x683.jpg\" alt=\"La imagen tiene un atributo ALT vac\u00edo; su nombre de archivo es Los-nuevos-miembros-de-honor-juramentados-por-el-ID-1024x683.jpg\"\/><figcaption class=\"wp-element-caption\">Los nuevos miembros de honor son juramentados por el Instituto Duartiano<\/figcaption><\/figure>\n\n\n\n<p id=\"block-49e324c5-e358-4c03-b87e-8e8714f3eff3\">En el acto efectuado en el auditorio del Museo y Casa de Duarte, G\u00f3mez Ram\u00edrez expres\u00f3 que el pa\u00eds enfrenta una campa\u00f1a orquestada a nivel internacional, sin precedentes en la historia, en la que participan grandes potencias, agentes internacionales, organizaciones mundiales y regionales, as\u00ed como sectores nacionales que sirven a intereses espurios.<\/p>\n\n\n\n<figure class=\"wp-block-image\" id=\"block-94983561-3da7-4a61-ae41-4dcc0b759c24\"><img decoding=\"async\" src=\"https:\/\/diariodominicano.com\/wp-content\/uploads\/2024\/09\/La-voleibolista-Milagros-Cabral-recibe-el-certificado-1024x683.jpg\" alt=\"La imagen tiene un atributo ALT vac\u00edo; su nombre de archivo es La-voleibolista-Milagros-Cabral-recibe-el-certificado-1024x683.jpg\"\/><figcaption class=\"wp-element-caption\">La voleibolista Milagros Cabral recibe la certificaci\u00f3n de miembro de honor del Instituto Duartiano, de manos de su presidente y vicepresidente, los doctores Wilson G\u00f3mez Ram\u00edrez y Julio Manuel Rodr\u00edguez Grull\u00f3n<\/figcaption><\/figure>\n\n\n\n<p id=\"block-3b30a71f-3ce1-4388-9c1b-4a218706c469\">\u201cNo transcurren muchos d\u00edas sin que se produzcan acusaciones contra los dominicanos\u201d, afirm\u00f3 y manifest\u00f3 que entre las imputaciones se\u00f1aladas est\u00e1n el racismo, la xenofobia, la discriminaci\u00f3n y la supuesta existencia de personas ap\u00e1tridas en territorio dominicano.<\/p>\n\n\n\n<figure class=\"wp-block-image\" id=\"block-3248c6a1-905e-4dea-8914-d3ec70964865\"><img decoding=\"async\" src=\"https:\/\/diariodominicano.com\/wp-content\/uploads\/2024\/09\/Entrega-del-pergamino-al-cantautor-Erasmo-Nini-Caffaro-Duran-1024x683.jpg\" alt=\"La imagen tiene un atributo ALT vac\u00edo; su nombre de archivo es Entrega-del-pergamino-al-cantautor-Erasmo-Nini-Caffaro-Duran-1024x683.jpg\"\/><figcaption class=\"wp-element-caption\">Directivos del Instituto Duartiano, entregan el pergamino de miembro de honor al cantautor Erasmo (Nin\u00ed) C\u00e1ffaro Dur\u00e1n<\/figcaption><\/figure>\n\n\n\n<p id=\"block-d26f232f-b8d9-4b1f-b089-c5ec8c19f69c\"><strong>Acusaciones infundadas y tratamiento a los haitianos<\/strong><\/p>\n\n\n\n<p id=\"block-e3f71f9b-7f78-4ad5-bcdb-da0a8336b6cb\">El presidente del Instituto Duartiano tambi\u00e9n se\u00f1al\u00f3 que, paralelamente, la Rep\u00fablica Dominicana es acusada de pr\u00e1cticas esclavistas, explotaci\u00f3n laboral de menores haitianos y trato inhumano durante deportaciones, adem\u00e1s, se alega la negaci\u00f3n de la nacionalidad a hijos de haitianos indocumentados. G\u00f3mez Ram\u00edrez refut\u00f3 todas estas afirmaciones, aseverando que ninguna de ellas corresponde a la realidad.<\/p>\n\n\n\n<figure class=\"wp-block-image size-large\" id=\"block-cfb16da9-4113-43ba-ba47-fdb0cd2c14e2\"><img loading=\"lazy\" decoding=\"async\" width=\"1024\" height=\"683\" src=\"https:\/\/diariodominicano.com\/wp-content\/uploads\/2024\/09\/La-comunicadora-Zoila-Puello-cuando-recibia-la-distincion-1024x683.jpg\" alt=\"\" class=\"wp-image-562469\" srcset=\"https:\/\/diariodominicano.com\/wp-content\/uploads\/2024\/09\/La-comunicadora-Zoila-Puello-cuando-recibia-la-distincion-1024x683.jpg 1024w, https:\/\/diariodominicano.com\/wp-content\/uploads\/2024\/09\/La-comunicadora-Zoila-Puello-cuando-recibia-la-distincion-300x200.jpg 300w, https:\/\/diariodominicano.com\/wp-content\/uploads\/2024\/09\/La-comunicadora-Zoila-Puello-cuando-recibia-la-distincion-768x512.jpg 768w, https:\/\/diariodominicano.com\/wp-content\/uploads\/2024\/09\/La-comunicadora-Zoila-Puello-cuando-recibia-la-distincion-1536x1024.jpg 1536w, https:\/\/diariodominicano.com\/wp-content\/uploads\/2024\/09\/La-comunicadora-Zoila-Puello-cuando-recibia-la-distincion-2048x1366.jpg 2048w, https:\/\/diariodominicano.com\/wp-content\/uploads\/2024\/09\/La-comunicadora-Zoila-Puello-cuando-recibia-la-distincion-816x544.jpg 816w\" sizes=\"auto, (max-width: 1024px) 100vw, 1024px\" \/><figcaption class=\"wp-element-caption\">La comunicadora Zoila Puello, fue integrante de las 20 personalidades distinguidas por el organismo patri\u00f3tico<\/figcaption><\/figure>\n\n\n\n<p id=\"block-aff102a9-c9f3-4467-8757-efebad262a83\">Seg\u00fan sus declaraciones, los haitianos en Rep\u00fablica Dominicana han recibido un trato ejemplar, independientemente de su condici\u00f3n migratoria. Asegur\u00f3 que ning\u00fan pa\u00eds ha comprometido su presupuesto nacional tanto como la Rep\u00fablica Dominicana para atender necesidades de salud, educaci\u00f3n y alimentaci\u00f3n de la poblaci\u00f3n haitiana.<\/p>\n\n\n\n<figure class=\"wp-block-image\" id=\"block-e0969d1a-4179-4089-9d01-c811810d4696\"><img decoding=\"async\" src=\"https:\/\/diariodominicano.com\/wp-content\/uploads\/2024\/09\/Reconocimiento-a-la-la-folclorista-Josefina-Minino-1024x683.jpg\" alt=\"La imagen tiene un atributo ALT vac\u00edo; su nombre de archivo es Reconocimiento-a-la-la-folclorista-Josefina-Minino-1024x683.jpg\"\/><figcaption class=\"wp-element-caption\">Reconocimiento a la la folclorista Josefina Mini\u00f1o<\/figcaption><\/figure>\n\n\n\n<p id=\"block-1245e9f2-fc52-4947-8923-c29b928d3876\">Asimismo, lament\u00f3 la \u201cindiferencia\u201d de las autoridades dominicanas frente a esta campa\u00f1a de descr\u00e9dito y exhort\u00f3 a una respuesta diplom\u00e1tica contundente. \u201cNo se ha articulado ninguna acci\u00f3n orientada a edificar al mundo internacional, a trav\u00e9s de una vigorosa y agresiva embestida diplom\u00e1tica\u201d, enfatiz\u00f3, sugiriendo la necesidad de educar a agencias internacionales, parlamentos, congresos y l\u00edderes de opini\u00f3n sobre la realidad dominicana respecto a Hait\u00ed.<\/p>\n\n\n\n<p id=\"block-46327a72-8605-49d1-8011-d16fa34c9846\"><strong>La crisis actual en Hait\u00ed y la falta de apoyo internacional<\/strong><\/p>\n\n\n\n<p id=\"block-61e303ed-663a-4f73-8f6b-25293e165488\">G\u00f3mez Ram\u00edrez tambi\u00e9n abord\u00f3 la cr\u00edtica situaci\u00f3n que atraviesa Hait\u00ed. Subray\u00f3 que el deterioro de la naci\u00f3n vecina contin\u00faa agrav\u00e1ndose, a pesar de la presencia de fuerzas multinacionales encabezadas por la polic\u00eda de Kenia. \u00abLos problemas crecen cada d\u00eda y la comunidad internacional se limita a poner \u2018pa\u00f1os tibios\u2019 a un pueblo que arde en fiebre\u201d, declar\u00f3, aludiendo a la ineficacia de los esfuerzos de ayuda internacional.<\/p>\n\n\n\n<p id=\"block-258e5372-1ee7-4662-9356-5bb924685f28\">El presidente del Instituto Duartiano acus\u00f3 a los organismos internacionales y grandes potencias de mostrar una \u201cirresponsabilidad\u201d sin precedentes, incumpliendo compromisos asumidos y dejando a Hait\u00ed con \u201clas columnas institucionales derribadas y su pueblo en medio de espantosas precariedades\u201d.<\/p>\n\n\n\n<p id=\"block-c7e38e07-60cf-401a-bea0-d4983c3f0f19\">Finalmente, inst\u00f3 a la Rep\u00fablica Dominicana a continuar reclamando por la atenci\u00f3n de la comunidad internacional hacia la crisis haitiana, pues la amenaza es \u201cseria y fundada\u201d, y sus efectos impactan directamente en el presupuesto y estabilidad del Estado dominicano.<\/p>\n\n\n\n<p id=\"block-a3da6dc0-2308-4051-80cf-ecd779d5435d\"><strong>Los nuevos miembros de honor:<\/strong><\/p>\n\n\n\n<p id=\"block-bd7269cb-0f81-4e64-8f19-4046f8ab74bb\">Adem\u00e1s de Cepeda y Cepeda, los juramentados fueron Erasmo (Nin\u00ed) C\u00e1ffaro Dur\u00e1n, Nandy Rivas, Nobel Alfonso, Zoila Puello, Ellis P\u00e9rez, Josefina Mini\u00f1o, George Rodr\u00edguez Dabas, Milagros Cabral y Hugo Ysalguez.<\/p>\n\n\n\n<p id=\"block-6356678f-c870-4830-8eae-46bb99b90120\">Asimismo, N\u00e9stor Est\u00e9vez, Secundino Palacios Carpio, Danilo P. Clime, Alfonso Torres Ulloa, Nelson Caba, Aleida Mena, Blas E. Santana Garc\u00eda, Mar\u00eda T. Paulino, Carmen Orozco y Rafael Ram\u00f3n Tejeiro Ruiz.<\/p>\n\n\n\n<p id=\"block-22c504c8-846e-4caa-b97b-133f2086c479\"><strong>La ceremonia de juramentaci\u00f3n<\/strong><\/p>\n\n\n\n<p id=\"block-c846d45e-7681-4775-bfab-40cec43572dd\">En una emotiva ceremonia celebrada en el Audit\u00f3rium Trinitario Profesor Jos\u00e9 Joaqu\u00edn P\u00e9rez Savi\u00f1\u00f3n, el Instituto Duartiano (ID) jurament\u00f3 este jueves a un grupo de personalidades de diferentes \u00e1mbitos de la sociedad dominicana como \u201cMiembros de Honor\u201d.<\/p>\n\n\n\n<p id=\"block-303337b8-1a1f-4976-aec7-2242681ec509\">El acto cont\u00f3 con las palabras del presidente del ID, Wilson G\u00f3mez Ram\u00edrez, y una conferencia magistral a cargo de Juan Daniel Balc\u00e1cer, presidente de la Academia Dominicana de la Historia, quien abord\u00f3 el controvertido tema de la supuesta excomuni\u00f3n de Juan Pablo Duarte.<\/p>\n\n\n\n<p id=\"block-4df3f2f1-4eb7-4fe8-9b03-4467528fca22\">Por su parte, Balc\u00e1cer cautiv\u00f3 a la audiencia con su conferencia \u00abExcomuni\u00f3n de Duarte: \u00bfmentira o verdad?\u00bb, en la que desgran\u00f3 minuciosamente los hechos hist\u00f3ricos, ofreciendo una perspectiva esclarecedora sobre este pol\u00e9mico episodio en la vida del Padre de la Patria.<\/p>\n\n\n\n<p id=\"block-9568b5e4-0fb6-4784-9d22-c3e7382046bd\">El presidente de la Academia de la Historia precis\u00f3 que los defensores de la supuesta excomuni\u00f3n de Duarte se apoyan en un fragmento de la primera Carta Pastoral, fechada el 24 de julio de 1844, emitida por el entonces Vicario de Santo Domingo, Tom\u00e1s de Portes Infante.<\/p>\n\n\n\n<p id=\"block-b399db9c-086d-4537-8a22-cee352d0f07e\">Se\u00f1al\u00f3 que ese fragmento, que tiene un significado muy diferente al que le han querido atribuir quienes invocan la supuesta excomuni\u00f3n, no hace alusi\u00f3n directa a Duarte, ni se cita ninguna sentencia de excomuni\u00f3n contra persona alguna en espec\u00edfico.<\/p>\n\n\n\n<p id=\"block-108a3dc3-d313-4f39-b44f-c53bbc52f217\">En su conferencia, el profesor Balc\u00e1cer invit\u00f3 a la reflexi\u00f3n y al debate sobre la historia dominicana, con el fin de fomentar un conocimiento m\u00e1s profundo y cr\u00edtico de nuestro pasado.<\/p>\n\n\n\n<p id=\"block-4b56c040-dfd0-450a-9276-16a641518062\">La noche inici\u00f3 con la entonaci\u00f3n del Himno Nacional y la cita de un pensamiento duartiano, a cargo del arquitecto Jacinto Pichardo Vicioso, secretario general del Instituto Duartiano. El doctor Julio Manuel Rodr\u00edguez Grull\u00f3n, vicepresidente, pronunci\u00f3 las palabras de bienvenida, destacando la trayectoria de los nuevos miembros y su compromiso con los valores patrios.<\/p>\n\n\n\n<p id=\"block-8f1ed334-a2f5-46cb-94c0-8d4d5bc053d5\">El momento culminante de la actividad lleg\u00f3 con la juramentaci\u00f3n de los 23 nuevos miembros de honor. Luego, el mayor general y locutor Osvaldo Cepeda y Cepeda, en representaci\u00f3n de los galardonados, expres\u00f3, con su proverbial elegancia y donaire, la gratitud al Instituto Duartiano, asegurando que continuar\u00e1n trabajando incansablemente por el fortalecimiento de los ideales duartianos y el engrandecimiento de la Naci\u00f3n dominicana.<\/p>\n\n\n\n<p id=\"block-20aa3c11-c3b3-4e3a-916f-a6705f01b068\">La ceremonia concluy\u00f3 con la entonaci\u00f3n del himno a Juan Pablo Duarte y una fotograf\u00eda oficial que inmortaliz\u00f3 el encuentro. Posteriormente, los asistentes disfrutaron de un brindis en la Plaza Patri\u00f3tica de la Libertad, donde compartieron impresiones sobre la conferencia y celebraron el compromiso de los nuevos miembros con la patria.\u2002<\/p>\n\n\n\n<figure class=\"wp-block-embed is-type-video is-provider-youtube wp-block-embed-youtube\"><div class=\"wp-block-embed__wrapper\">\n<iframe loading=\"lazy\" title=\"Instituto Duartiano denuncia intensa campa\u00f1a de descr\u00e9dito internacional contra RD\" width=\"616\" height=\"347\" src=\"https:\/\/www.youtube.com\/embed\/U0m2VQGsdOU?feature=oembed\" frameborder=\"0\" allow=\"accelerometer; autoplay; clipboard-write; encrypted-media; gyroscope; picture-in-picture; web-share\" referrerpolicy=\"strict-origin-when-cross-origin\" allowfullscreen><\/iframe>\n<\/div><\/figure>\n\n\n\n<p> Enver L\u00f3pez Milander enverolm3@gmail.com <\/p>\n","protected":false},"excerpt":{"rendered":"<p>juramentaci\u00f3n de 20 nuevos miembros de honor, la cual incluy\u00f3 una conferencia del presidente de la Academia de la Historia, Juan Daniel Balc\u00e1cer, quien arroja luz sobre la controversia de la supuesta excomuni\u00f3n de Duarte. Santo Domingo, Rep. Dom.-&nbsp;Durante el acto de juramentaci\u00f3n de veinte nuevos \u201cmiembros de honor\u201d del Instituto Duartiano, su presidente, el [&hellip;]<\/p>\n","protected":false},"author":7,"featured_media":562473,"comment_status":"closed","ping_status":"closed","sticky":false,"template":"","format":"standard","meta":{"footnotes":""},"categories":[21],"tags":[264,197],"class_list":["post-562300","post","type-post","status-publish","format-standard","has-post-thumbnail","hentry","category-cultura","tag-instituto-duartiano","tag-republica-dominicana"],"_links":{"self":[{"href":"https:\/\/diariodominicano.com\/index.php?rest_route=\/wp\/v2\/posts\/562300","targetHints":{"allow":["GET"]}}],"collection":[{"href":"https:\/\/diariodominicano.com\/index.php?rest_route=\/wp\/v2\/posts"}],"about":[{"href":"https:\/\/diariodominicano.com\/index.php?rest_route=\/wp\/v2\/types\/post"}],"author":[{"embeddable":true,"href":"https:\/\/diariodominicano.com\/index.php?rest_route=\/wp\/v2\/users\/7"}],"replies":[{"embeddable":true,"href":"https:\/\/diariodominicano.com\/index.php?rest_route=%2Fwp%2Fv2%2Fcomments&post=562300"}],"version-history":[{"count":1,"href":"https:\/\/diariodominicano.com\/index.php?rest_route=\/wp\/v2\/posts\/562300\/revisions"}],"predecessor-version":[{"id":562483,"href":"https:\/\/diariodominicano.com\/index.php?rest_route=\/wp\/v2\/posts\/562300\/revisions\/562483"}],"wp:featuredmedia":[{"embeddable":true,"href":"https:\/\/diariodominicano.com\/index.php?rest_route=\/wp\/v2\/media\/562473"}],"wp:attachment":[{"href":"https:\/\/diariodominicano.com\/index.php?rest_route=%2Fwp%2Fv2%2Fmedia&parent=562300"}],"wp:term":[{"taxonomy":"category","embeddable":true,"href":"https:\/\/diariodominicano.com\/index.php?rest_route=%2Fwp%2Fv2%2Fcategories&post=562300"},{"taxonomy":"post_tag","embeddable":true,"href":"https:\/\/diariodominicano.com\/index.php?rest_route=%2Fwp%2Fv2%2Ftags&post=562300"}],"curies":[{"name":"wp","href":"https:\/\/api.w.org\/{rel}","templated":true}]}}