{"id":562109,"date":"2024-09-26T20:22:48","date_gmt":"2024-09-27T00:22:48","guid":{"rendered":"https:\/\/diariodominicano.com\/?p=562109"},"modified":"2024-09-26T20:24:19","modified_gmt":"2024-09-27T00:24:19","slug":"miderec-santiago-entrega-torres-tableros-y-aros-para-jugar-baloncesto-al-club-proyecto-las-charcas","status":"publish","type":"post","link":"https:\/\/diariodominicano.com\/?p=562109","title":{"rendered":"\u00a0MIDEREC Santiago entrega torres, tableros y aros para jugar baloncesto al club Proyecto Las Charcas"},"content":{"rendered":"\n<p><strong><em>El director provincial de deportes MIDEREC Santiago, Tony Pe\u00f1a R, mostr\u00f3 regocijo en la entrega hecha por<\/em><\/strong><\/p>\n\n\n\n<p><strong><em>disposici\u00f3n del ministro Kelvin Cruz<\/em><\/strong><\/p>\n\n\n\n<p><strong>SANTIAGO DE LOS CABALLEROS, Santiago, Rep\u00fablica Dominicana (26-09-2024).&nbsp;<\/strong>Por disposici\u00f3n del ministro de deportes, Kelvin Cruz, el director provincial MIDEREC-Santiago, Tony Pe\u00f1a R, hizo entrega de torres, tableros y aros para jugar baloncesto, a una comisi\u00f3n de dirigentes del club Proyecto Las Charcas.<\/p>\n\n\n\n<p>\u201cIncentivando las actividades deportivas barriales y municipales, por disposici\u00f3n del ministro de deportes, Kelvin Cruz, hacemos formal entrega a esta esforzada dirigencia para la pr\u00e1ctica del baloncesto de todo el conglomerado del club Proyecto Las Charcas\u201d, dijo Pe\u00f1a R.<\/p>\n\n\n\n<p>Y agreg\u00f3, que: \u201cEl ministro no se queda ah\u00ed, nos insta a observar y ayudar a ese tipo de dirigencia organizada, por lo que, igual que a las dem\u00e1s organizaciones, ponemos a su disposici\u00f3n a nuestros entrenadores, t\u00e9cnicos y monitores\u201d.<\/p>\n\n\n\n<p>En la delegaci\u00f3n formada por deportistas de Las Charcas, municipio del sur de Santiago, se encontraba su regidor, Carlos Ra\u00fal Dom\u00ednguez, quien hizo las diligencias necesarias para conseguir lo entregado.<\/p>\n\n\n\n<p>\u00c9ste, al recibir, dijo: \u201cMuchas gracias se\u00f1or presidente Lu\u00eds Abinader, se\u00f1or ministro de deportes, Kelvin Cruz, muy agradecido y le felicitamos por tener un hombre tan diligente como Tony Pe\u00f1a R, hoy Las Charcas se llena de regocijo, nuestra juventud tiene con que entretenerse, con que alejarse de los vicios y esta juventud podr\u00e1 seguir su labor \u00a1con las manos llenas!\u201d.<\/p>\n\n\n\n<p>El director provincial de deportes, Tony Pe\u00f1a R, en la entrega, estuvo acompa\u00f1ado del subdirector de comunicaciones MIDEREC Santiago, Henry Daniel Fern\u00e1ndez.<\/p>\n\n\n\n<p>Junto al regidor Dom\u00ednguez, recibieron los dirigentes, Mois\u00e9s Reyes, Jean Franco, Raidy Liranzo, Jos\u00e9 Miguel Cuevas, Joel Bonilla, Jean Carlos Ramos y Hendey David Lantigua. <\/p>\n\n\n\n<p><strong>Oscar Polanco<\/strong> oscarpolanco.santiagord@gmail.com <\/p>\n","protected":false},"excerpt":{"rendered":"<p>El director provincial de deportes MIDEREC Santiago, Tony Pe\u00f1a R, mostr\u00f3 regocijo en la entrega hecha por disposici\u00f3n del ministro Kelvin Cruz SANTIAGO DE LOS CABALLEROS, Santiago, Rep\u00fablica Dominicana (26-09-2024).&nbsp;Por disposici\u00f3n del ministro de deportes, Kelvin Cruz, el director provincial MIDEREC-Santiago, Tony Pe\u00f1a R, hizo entrega de torres, tableros y aros para jugar baloncesto, a [&hellip;]<\/p>\n","protected":false},"author":7,"featured_media":562145,"comment_status":"closed","ping_status":"closed","sticky":false,"template":"","format":"standard","meta":{"footnotes":""},"categories":[17],"tags":[249,248],"class_list":["post-562109","post","type-post","status-publish","format-standard","has-post-thumbnail","hentry","category-deportes","tag-miderec","tag-proyecto-las-charcas"],"_links":{"self":[{"href":"https:\/\/diariodominicano.com\/index.php?rest_route=\/wp\/v2\/posts\/562109","targetHints":{"allow":["GET"]}}],"collection":[{"href":"https:\/\/diariodominicano.com\/index.php?rest_route=\/wp\/v2\/posts"}],"about":[{"href":"https:\/\/diariodominicano.com\/index.php?rest_route=\/wp\/v2\/types\/post"}],"author":[{"embeddable":true,"href":"https:\/\/diariodominicano.com\/index.php?rest_route=\/wp\/v2\/users\/7"}],"replies":[{"embeddable":true,"href":"https:\/\/diariodominicano.com\/index.php?rest_route=%2Fwp%2Fv2%2Fcomments&post=562109"}],"version-history":[{"count":1,"href":"https:\/\/diariodominicano.com\/index.php?rest_route=\/wp\/v2\/posts\/562109\/revisions"}],"predecessor-version":[{"id":562149,"href":"https:\/\/diariodominicano.com\/index.php?rest_route=\/wp\/v2\/posts\/562109\/revisions\/562149"}],"wp:featuredmedia":[{"embeddable":true,"href":"https:\/\/diariodominicano.com\/index.php?rest_route=\/wp\/v2\/media\/562145"}],"wp:attachment":[{"href":"https:\/\/diariodominicano.com\/index.php?rest_route=%2Fwp%2Fv2%2Fmedia&parent=562109"}],"wp:term":[{"taxonomy":"category","embeddable":true,"href":"https:\/\/diariodominicano.com\/index.php?rest_route=%2Fwp%2Fv2%2Fcategories&post=562109"},{"taxonomy":"post_tag","embeddable":true,"href":"https:\/\/diariodominicano.com\/index.php?rest_route=%2Fwp%2Fv2%2Ftags&post=562109"}],"curies":[{"name":"wp","href":"https:\/\/api.w.org\/{rel}","templated":true}]}}