{"id":562108,"date":"2024-09-26T20:08:10","date_gmt":"2024-09-27T00:08:10","guid":{"rendered":"https:\/\/diariodominicano.com\/?p=562108"},"modified":"2024-09-26T20:15:59","modified_gmt":"2024-09-27T00:15:59","slug":"popeyes-abre-su-tercer-local-en-el-pais-popeyes","status":"publish","type":"post","link":"https:\/\/diariodominicano.com\/?p=562108","title":{"rendered":"Popeyes\u00ae abre su tercer local en el pa\u00eds Popeyes\u00ae"},"content":{"rendered":"\n<p>Llega a la meta y abre su tercer restaurante en la Avenida Independencia.<\/p>\n\n\n\n<p>Los sabores de esta cadena originaria de Nueva Orleans contin\u00faan contagiando a los dominicanos, con una amplia oferta de experiencias y tradiciones <\/p>\n\n\n\n<p>Santo Domingo, septiembre 2024.- El jueves 26 de septiembre, Popeyes\u00ae, la ic\u00f3nica marca de pollo frito dio apertura de su tercer local en Rep\u00fablica Dominicana, ubicado en la estaci\u00f3n de combustibles Shell de la Avenida Independencia No.1803. A un a\u00f1o de haber inaugurado de forma exitosa sus primeros restaurantes en la Ave. Winston Churchill y el centro comercial Sambil, Popeyes continuar\u00e1 contagiando a los dominicanos al abrir su tercera sucursal. Durante la apertura, los clientes pudieron disfrutar de experiencias y tradiciones, tanto gastron\u00f3micas como emocionales que ofrece la marca.<\/p>\n\n\n\n<figure class=\"wp-block-image size-large\"><img loading=\"lazy\" decoding=\"async\" width=\"1024\" height=\"827\" src=\"https:\/\/diariodominicano.com\/wp-content\/uploads\/2024\/09\/Isabel-Turull-realiza-corte-de-cinta-apertura-Rest.-POPEYES-les-acompanan-Marcos-Sanche-1024x827.jpg\" alt=\"\" class=\"wp-image-562136\" srcset=\"https:\/\/diariodominicano.com\/wp-content\/uploads\/2024\/09\/Isabel-Turull-realiza-corte-de-cinta-apertura-Rest.-POPEYES-les-acompanan-Marcos-Sanche-1024x827.jpg 1024w, https:\/\/diariodominicano.com\/wp-content\/uploads\/2024\/09\/Isabel-Turull-realiza-corte-de-cinta-apertura-Rest.-POPEYES-les-acompanan-Marcos-Sanche-300x242.jpg 300w, https:\/\/diariodominicano.com\/wp-content\/uploads\/2024\/09\/Isabel-Turull-realiza-corte-de-cinta-apertura-Rest.-POPEYES-les-acompanan-Marcos-Sanche-768x621.jpg 768w, https:\/\/diariodominicano.com\/wp-content\/uploads\/2024\/09\/Isabel-Turull-realiza-corte-de-cinta-apertura-Rest.-POPEYES-les-acompanan-Marcos-Sanche-1536x1241.jpg 1536w, https:\/\/diariodominicano.com\/wp-content\/uploads\/2024\/09\/Isabel-Turull-realiza-corte-de-cinta-apertura-Rest.-POPEYES-les-acompanan-Marcos-Sanche-816x659.jpg 816w, https:\/\/diariodominicano.com\/wp-content\/uploads\/2024\/09\/Isabel-Turull-realiza-corte-de-cinta-apertura-Rest.-POPEYES-les-acompanan-Marcos-Sanche.jpg 2000w\" sizes=\"auto, (max-width: 1024px) 100vw, 1024px\" \/><figcaption class=\"wp-element-caption\">Corte de Cinta: Isabel Turull, realiza corte de cinta apertura Rest. POPEYES , les acompa\u00f1an Marcos S\u00e1nchez, Domingo Berm\u00fadez Turull , Alexandra Bodden y Mauro Noriega <\/figcaption><\/figure>\n\n\n\n<p>&nbsp;\u201cNuestras expectativas fueron superadas este primer a\u00f1o, y con mucha felicidad abrimos esta tercera sucursal. Nos sentimos muy agradecidos por la gran acogida que los dominicanos han tenido con la marca\u201d, expres\u00f3 Marcos S\u00e1nchez, gerente general de Caleya S.A.S., propietaria de la franquicia en Rep\u00fablica Dominicana.<\/p>\n\n\n\n<p>El famoso pollo de Popeyes\u00ae est\u00e1 reci\u00e9n preparado, marinado al menos 12 horas en los sabrosos condimentos caj\u00fan, tradicionales de Luisiana, rebozado y empanizado a mano, cocinado lentamente a la perfecci\u00f3n utilizando condimentos y t\u00e9cnicas patentadas para obtener un pollo jugoso y crujiente. Los dominicanos ya pueden degustar el famoso Chicken S\u00e1ndwich que rompi\u00f3 el internet, uno de los productos de fama mundial de Popeyes\u00ae.<\/p>\n\n\n\n<p>De igual forma, Isabel Turull, CEO del Grupo \u00c1gape indic\u00f3: \u201cEstamos muy satisfechos por el gran recibimiento de los clientes, as\u00ed como de todos los esfuerzos realizados por nuestro equipo. Esto nos impulsa a seguir expandiendo la franquicia por todo el pa\u00eds\u201d. Alexandra Bodden, directora de Mercadeo del Grupo \u00c1gape, explic\u00f3 que dentro de la oferta de men\u00fa podr\u00e1n degustar el s\u00e1ndwich de pollo m\u00e1s famoso del mundo, piezas de pollo en su versi\u00f3n picante y cl\u00e1sica, tenders, las famosas alitas picantes y los m\u00e1s deliciosos complementos como sus famosas papitas caj\u00fan, pur\u00e9 de papas con gravy, ensalada coleslaw, macarrones con queso y sus famosos biscuits.<\/p>\n\n\n\n<p><strong>Acerca de Popeyes\u00ae<\/strong>&nbsp;Fundada en Nueva Orleans en 1972, Popeyes\u00ae cuenta con m\u00e1s de 50 a\u00f1os de historia y tradici\u00f3n culinaria. Popeyes\u00ae se distingue con un men\u00fa \u00fanico al estilo de Nueva Orleans que incluye pollo picante, filetes de pollo, camarones fritos y otros platos regionales. La pasi\u00f3n de la cadena&nbsp; por su herencia de Luisiana y la comida aut\u00e9ntica y sabrosa ha permitido que Popeyes\u00ae se convierta en uno de los restaurantes de servicio r\u00e1pido de pollo m\u00e1s grandes del mundo con m\u00e1s de 3,800 restaurantes en los EE. UU. y en todo el mundo.<\/p>\n\n\n\n<p><strong>Acerca de Caleya S.A.S.<\/strong>&nbsp;&nbsp;Como parte de Grupo \u00c1gape, un conglomerado empresarial es una de las empresas de servicio de comida r\u00e1pida m\u00e1s grande de Rep\u00fablica Dominicana con 32 Restaurantes Burger King\u00ae, 21 Papa Johns\u00ae y 16 Krispy Kreme\u00ae. Actualmente con m\u00e1s de 1,500 empleos directos, en su mayor\u00eda j\u00f3venes, y tambi\u00e9n apoyando a los agricultores y productores locales d\u00e1ndoles una nueva oportunidad de comercializar sus bienes y servicios, desarrollando el sector agropecuario y ofreciendo adem\u00e1s nuevas marcas internacionales que den confianza a los turistas que&nbsp; visitan Republica Dominicana .<\/p>\n\n\n\n<p><strong>Rafael Reyes Bison\u00f3 <\/strong>rafaelreyesbisono@hotmail.com <\/p>\n","protected":false},"excerpt":{"rendered":"<p>Llega a la meta y abre su tercer restaurante en la Avenida Independencia. Los sabores de esta cadena originaria de Nueva Orleans contin\u00faan contagiando a los dominicanos, con una amplia oferta de experiencias y tradiciones Santo Domingo, septiembre 2024.- El jueves 26 de septiembre, Popeyes\u00ae, la ic\u00f3nica marca de pollo frito dio apertura de su [&hellip;]<\/p>\n","protected":false},"author":7,"featured_media":562134,"comment_status":"closed","ping_status":"closed","sticky":false,"template":"","format":"standard","meta":{"footnotes":""},"categories":[25],"tags":[247],"class_list":["post-562108","post","type-post","status-publish","format-standard","has-post-thumbnail","hentry","category-gente","tag-popeyes"],"_links":{"self":[{"href":"https:\/\/diariodominicano.com\/index.php?rest_route=\/wp\/v2\/posts\/562108","targetHints":{"allow":["GET"]}}],"collection":[{"href":"https:\/\/diariodominicano.com\/index.php?rest_route=\/wp\/v2\/posts"}],"about":[{"href":"https:\/\/diariodominicano.com\/index.php?rest_route=\/wp\/v2\/types\/post"}],"author":[{"embeddable":true,"href":"https:\/\/diariodominicano.com\/index.php?rest_route=\/wp\/v2\/users\/7"}],"replies":[{"embeddable":true,"href":"https:\/\/diariodominicano.com\/index.php?rest_route=%2Fwp%2Fv2%2Fcomments&post=562108"}],"version-history":[{"count":1,"href":"https:\/\/diariodominicano.com\/index.php?rest_route=\/wp\/v2\/posts\/562108\/revisions"}],"predecessor-version":[{"id":562138,"href":"https:\/\/diariodominicano.com\/index.php?rest_route=\/wp\/v2\/posts\/562108\/revisions\/562138"}],"wp:featuredmedia":[{"embeddable":true,"href":"https:\/\/diariodominicano.com\/index.php?rest_route=\/wp\/v2\/media\/562134"}],"wp:attachment":[{"href":"https:\/\/diariodominicano.com\/index.php?rest_route=%2Fwp%2Fv2%2Fmedia&parent=562108"}],"wp:term":[{"taxonomy":"category","embeddable":true,"href":"https:\/\/diariodominicano.com\/index.php?rest_route=%2Fwp%2Fv2%2Fcategories&post=562108"},{"taxonomy":"post_tag","embeddable":true,"href":"https:\/\/diariodominicano.com\/index.php?rest_route=%2Fwp%2Fv2%2Ftags&post=562108"}],"curies":[{"name":"wp","href":"https:\/\/api.w.org\/{rel}","templated":true}]}}