{"id":562086,"date":"2024-09-26T16:39:49","date_gmt":"2024-09-26T20:39:49","guid":{"rendered":"https:\/\/diariodominicano.com\/?p=562086"},"modified":"2024-09-26T16:40:00","modified_gmt":"2024-09-26T20:40:00","slug":"tribunal-impone-medida-de-coercion-a-ciudadana-haitiana-que-lanzo-agua-caliente-a-hija-adolescente","status":"publish","type":"post","link":"https:\/\/diariodominicano.com\/?p=562086","title":{"rendered":"Tribunal impone medida de coerci\u00f3n a ciudadana haitiana que lanz\u00f3 agua caliente a hija adolescente"},"content":{"rendered":"\n<p>diariodominicano.com<\/p>\n\n\n\n<p>San Francisco de Macor\u00eds, <strong>Duarte, R. D.,  26 de septiembre de 2024.<\/strong>&#8211; \u00a0Un tribunal de este distrito judicial le impuso medida de coerci\u00f3n consistente en presentaci\u00f3n peri\u00f3dica a una mujer de nacionalidad haitiana, imputada por el Ministerio P\u00fablico de lanzarle agua caliente a una hija de 16 a\u00f1os de edad, en un hecho ocurrido en el municipio Pimentel, el pasado 23 de septiembre.<\/p>\n\n\n\n<p>La jueza Josefina Noem\u00ed D\u00edaz, de la Oficina Judicial de Servicios de Atenci\u00f3n Permanente de la provincia Duarte, dispuso contra la mujer la presentaci\u00f3n peri\u00f3dica cada mes, durante un per\u00edodo de seis meses, por ante la Unidad de Atenci\u00f3n Integral a V\u00edctimas de Violencia de G\u00e9nero, Intrafamiliar y Delitos Sexuales, \u00f3rgano del Ministerio P\u00fablico a cargo de la investigaci\u00f3n. El nombre de la imputada fue omitido para proteger la identidad de la v\u00edctima.<\/p>\n\n\n\n<p>En la audiencia el Ministerio P\u00fablico solicit\u00f3 la imposici\u00f3n de tres meses de prisi\u00f3n preventiva como medida de coercion, no obstante, el tribunal dispuso la presentaci\u00f3n peri\u00f3dica, al establecer que la procesada es madre soltera y tiene otros cuatro hijos, fundamentando su decisi\u00f3n en que procura que no se vulneren los derechos de estos.<\/p>\n\n\n\n<p>El hecho ocurri\u00f3 el pasado 23 de septiembre, alrededor de las 12:05 de la tarde, en el referido municipio. La mujer, seg\u00fan se ha establecido en el proceso, golpe\u00f3 a la menor con un palo y luego puso agua a hervir y se la lanz\u00f3 encima, provoc\u00e1ndole quemaduras de primer y segundo grado en espalda alta y cuello, seg\u00fan diagn\u00f3stico m\u00e9dico.<\/p>\n\n\n\n<p>El caso recibi\u00f3 la calificaci\u00f3n jur\u00eddica provisional de violencia intrafamiliar agravada y abuso f\u00edsico y psicol\u00f3gico, en violaci\u00f3n a los art\u00edculos 309-2, 309-3, letra B, del C\u00f3digo Penal Dominicano, y el art\u00edculo 396, letras A y C, del C\u00f3digo para la Protecci\u00f3n y los Derechos Fundamentales de los Ni\u00f1os, Ni\u00f1as y Adolescentes (Ley 136-03).<\/p>\n\n\n\n<p><strong>Comunicaciones PGR<\/strong><\/p>\n","protected":false},"excerpt":{"rendered":"<p>diariodominicano.com San Francisco de Macor\u00eds, Duarte, R. D., 26 de septiembre de 2024.&#8211; \u00a0Un tribunal de este distrito judicial le impuso medida de coerci\u00f3n consistente en presentaci\u00f3n peri\u00f3dica a una mujer de nacionalidad haitiana, imputada por el Ministerio P\u00fablico de lanzarle agua caliente a una hija de 16 a\u00f1os de edad, en un hecho ocurrido [&hellip;]<\/p>\n","protected":false},"author":5,"featured_media":334043,"comment_status":"closed","ping_status":"closed","sticky":true,"template":"","format":"standard","meta":{"footnotes":""},"categories":[24,27],"tags":[],"class_list":["post-562086","post","type-post","status-publish","format-standard","has-post-thumbnail","hentry","category-justicia-y-derecho","category-portada"],"_links":{"self":[{"href":"https:\/\/diariodominicano.com\/index.php?rest_route=\/wp\/v2\/posts\/562086","targetHints":{"allow":["GET"]}}],"collection":[{"href":"https:\/\/diariodominicano.com\/index.php?rest_route=\/wp\/v2\/posts"}],"about":[{"href":"https:\/\/diariodominicano.com\/index.php?rest_route=\/wp\/v2\/types\/post"}],"author":[{"embeddable":true,"href":"https:\/\/diariodominicano.com\/index.php?rest_route=\/wp\/v2\/users\/5"}],"replies":[{"embeddable":true,"href":"https:\/\/diariodominicano.com\/index.php?rest_route=%2Fwp%2Fv2%2Fcomments&post=562086"}],"version-history":[{"count":1,"href":"https:\/\/diariodominicano.com\/index.php?rest_route=\/wp\/v2\/posts\/562086\/revisions"}],"predecessor-version":[{"id":562087,"href":"https:\/\/diariodominicano.com\/index.php?rest_route=\/wp\/v2\/posts\/562086\/revisions\/562087"}],"wp:featuredmedia":[{"embeddable":true,"href":"https:\/\/diariodominicano.com\/index.php?rest_route=\/wp\/v2\/media\/334043"}],"wp:attachment":[{"href":"https:\/\/diariodominicano.com\/index.php?rest_route=%2Fwp%2Fv2%2Fmedia&parent=562086"}],"wp:term":[{"taxonomy":"category","embeddable":true,"href":"https:\/\/diariodominicano.com\/index.php?rest_route=%2Fwp%2Fv2%2Fcategories&post=562086"},{"taxonomy":"post_tag","embeddable":true,"href":"https:\/\/diariodominicano.com\/index.php?rest_route=%2Fwp%2Fv2%2Ftags&post=562086"}],"curies":[{"name":"wp","href":"https:\/\/api.w.org\/{rel}","templated":true}]}}