{"id":562077,"date":"2024-09-26T16:11:36","date_gmt":"2024-09-26T20:11:36","guid":{"rendered":"https:\/\/diariodominicano.com\/?p=562077"},"modified":"2024-09-26T19:28:09","modified_gmt":"2024-09-26T23:28:09","slug":"procuradora-miriam-german-entrega-ambulancias-al-instituto-nacional-de-ciencias-forenses","status":"publish","type":"post","link":"https:\/\/diariodominicano.com\/?p=562077","title":{"rendered":"Procuradora Miriam Germ\u00e1n entrega ambulancias al Instituto Nacional de Ciencias Forenses"},"content":{"rendered":"\n<p>diariodominicano.com<\/p>\n\n\n\n<p><strong>Santo Domingo Este, R. D.,<\/strong>\u2002<strong>26 de septiembre, 2024.-<\/strong>&nbsp;La procuradora general de la Rep\u00fablica, Miriam Germ\u00e1n Brito, entreg\u00f3 10 nuevas y modernas ambulancias al Instituto Nacional de Ciencias Forenses (INACIF), destinadas a facilitar la labor que realiza la instituci\u00f3n en beneficio de la sociedad dominicana. Las ambulancias, fueron recibidas por la directora general de la entidad, la doctora, Sonia Lebr\u00f3n.<\/p>\n\n\n\n<p>Al realizar la entrega, Germ\u00e1n Brito destac\u00f3 la importancia de contar con estas nuevas ambulancias, que ser\u00e1n incorporadas de manera inmediata a las acciones de la instituci\u00f3n, para agilizar los procesos que realiza el INACIF y brindar dignidad, tanto a las v\u00edctimas, como a los familiares de las mismas.<\/p>\n\n\n\n<figure class=\"wp-block-gallery has-nested-images columns-default is-cropped wp-block-gallery-1 is-layout-flex wp-block-gallery-is-layout-flex\">\n<figure class=\"wp-block-image size-large\"><img loading=\"lazy\" decoding=\"async\" width=\"1024\" height=\"576\" data-id=\"562122\" src=\"https:\/\/diariodominicano.com\/wp-content\/uploads\/2024\/09\/Procuradora-Miriam-German-entrega-ambulancias-Instituto-Nacional-de-Ciencias-Forenses-1024x576.jpg\" alt=\"\" class=\"wp-image-562122\" srcset=\"https:\/\/diariodominicano.com\/wp-content\/uploads\/2024\/09\/Procuradora-Miriam-German-entrega-ambulancias-Instituto-Nacional-de-Ciencias-Forenses-1024x576.jpg 1024w, https:\/\/diariodominicano.com\/wp-content\/uploads\/2024\/09\/Procuradora-Miriam-German-entrega-ambulancias-Instituto-Nacional-de-Ciencias-Forenses-300x169.jpg 300w, https:\/\/diariodominicano.com\/wp-content\/uploads\/2024\/09\/Procuradora-Miriam-German-entrega-ambulancias-Instituto-Nacional-de-Ciencias-Forenses-768x432.jpg 768w, https:\/\/diariodominicano.com\/wp-content\/uploads\/2024\/09\/Procuradora-Miriam-German-entrega-ambulancias-Instituto-Nacional-de-Ciencias-Forenses-816x459.jpg 816w, https:\/\/diariodominicano.com\/wp-content\/uploads\/2024\/09\/Procuradora-Miriam-German-entrega-ambulancias-Instituto-Nacional-de-Ciencias-Forenses.jpg 1402w\" sizes=\"auto, (max-width: 1024px) 100vw, 1024px\" \/><\/figure>\n<\/figure>\n\n\n\n<p>\u201cEsto marca un hito hermoso que contribuye a la protecci\u00f3n de la dignidad de las personas que est\u00e1n sujetas a un proceso en el INACIF, y para mitigar la angustia de los familiares que les sobreviven y de la comunidad en general\u201d, expres\u00f3 la titular del Ministerio P\u00fablico, quien confi\u00f3 en el uso que les dar\u00e1 instituci\u00f3n en su ejecuci\u00f3n de los procesos.<\/p>\n\n\n\n<figure class=\"wp-block-gallery has-nested-images columns-default is-cropped wp-block-gallery-2 is-layout-flex wp-block-gallery-is-layout-flex\">\n<figure class=\"wp-block-image size-large\"><img loading=\"lazy\" decoding=\"async\" width=\"1024\" height=\"576\" data-id=\"562120\" src=\"https:\/\/diariodominicano.com\/wp-content\/uploads\/2024\/09\/Procuradora-Miriam-German-entrega-ambulancias-al-Instituto-Nacional-de-Ciencias-Forenses-1024x576.jpg\" alt=\"\" class=\"wp-image-562120\" srcset=\"https:\/\/diariodominicano.com\/wp-content\/uploads\/2024\/09\/Procuradora-Miriam-German-entrega-ambulancias-al-Instituto-Nacional-de-Ciencias-Forenses-1024x576.jpg 1024w, https:\/\/diariodominicano.com\/wp-content\/uploads\/2024\/09\/Procuradora-Miriam-German-entrega-ambulancias-al-Instituto-Nacional-de-Ciencias-Forenses-300x169.jpg 300w, https:\/\/diariodominicano.com\/wp-content\/uploads\/2024\/09\/Procuradora-Miriam-German-entrega-ambulancias-al-Instituto-Nacional-de-Ciencias-Forenses-768x432.jpg 768w, https:\/\/diariodominicano.com\/wp-content\/uploads\/2024\/09\/Procuradora-Miriam-German-entrega-ambulancias-al-Instituto-Nacional-de-Ciencias-Forenses-1536x865.jpg 1536w, https:\/\/diariodominicano.com\/wp-content\/uploads\/2024\/09\/Procuradora-Miriam-German-entrega-ambulancias-al-Instituto-Nacional-de-Ciencias-Forenses-816x459.jpg 816w, https:\/\/diariodominicano.com\/wp-content\/uploads\/2024\/09\/Procuradora-Miriam-German-entrega-ambulancias-al-Instituto-Nacional-de-Ciencias-Forenses.jpg 1691w\" sizes=\"auto, (max-width: 1024px) 100vw, 1024px\" \/><\/figure>\n<\/figure>\n\n\n\n<p>Sonia Lebr\u00f3n se\u00f1al\u00f3 que, con estas ambulancias, la instituci\u00f3n podr\u00e1 ampliar la cobertura en el servicio que brinda a la sociedad, el cual podr\u00e1 ofrecer de una manera m\u00e1s \u00e1gil, llegando hasta lugares a los que anteriormente no pod\u00edan.<\/p>\n\n\n\n<figure class=\"wp-block-gallery has-nested-images columns-default is-cropped wp-block-gallery-3 is-layout-flex wp-block-gallery-is-layout-flex\">\n<figure class=\"wp-block-image size-large\"><img loading=\"lazy\" decoding=\"async\" width=\"1024\" height=\"576\" data-id=\"562121\" src=\"https:\/\/diariodominicano.com\/wp-content\/uploads\/2024\/09\/Procuradora-Miriam-German-entrega-ambulancias-Instituto-Nacional-Ciencias-Forenses-1024x576.jpg\" alt=\"\" class=\"wp-image-562121\" srcset=\"https:\/\/diariodominicano.com\/wp-content\/uploads\/2024\/09\/Procuradora-Miriam-German-entrega-ambulancias-Instituto-Nacional-Ciencias-Forenses-1024x576.jpg 1024w, https:\/\/diariodominicano.com\/wp-content\/uploads\/2024\/09\/Procuradora-Miriam-German-entrega-ambulancias-Instituto-Nacional-Ciencias-Forenses-300x169.jpg 300w, https:\/\/diariodominicano.com\/wp-content\/uploads\/2024\/09\/Procuradora-Miriam-German-entrega-ambulancias-Instituto-Nacional-Ciencias-Forenses-768x432.jpg 768w, https:\/\/diariodominicano.com\/wp-content\/uploads\/2024\/09\/Procuradora-Miriam-German-entrega-ambulancias-Instituto-Nacional-Ciencias-Forenses-1536x864.jpg 1536w, https:\/\/diariodominicano.com\/wp-content\/uploads\/2024\/09\/Procuradora-Miriam-German-entrega-ambulancias-Instituto-Nacional-Ciencias-Forenses-816x459.jpg 816w, https:\/\/diariodominicano.com\/wp-content\/uploads\/2024\/09\/Procuradora-Miriam-German-entrega-ambulancias-Instituto-Nacional-Ciencias-Forenses.jpg 1692w\" sizes=\"auto, (max-width: 1024px) 100vw, 1024px\" \/><\/figure>\n<\/figure>\n\n\n\n<p>\u201cEsto significa que los servicios que brinda el INACIF van a pasar desde las regionales, donde tenemos sede, a provincias que al d\u00eda de hoy se nos ha dificultado brindarles un mejor servicio, es decir, no tendr\u00e1n que esperar que una unidad vaya desde la regional a ese espacio geogr\u00e1fico\u201d, precis\u00f3 Lebr\u00f3n.<\/p>\n\n\n\n<p>Las ambulancias est\u00e1n dotadas de GPS, centellas 360, c\u00e1maras frontales y traseras, bolsas de aire y estar\u00e1n conectadas con un sistema de radio con repetici\u00f3n.<\/p>\n\n\n\n<figure class=\"wp-block-gallery has-nested-images columns-default is-cropped wp-block-gallery-4 is-layout-flex wp-block-gallery-is-layout-flex\">\n<figure class=\"wp-block-image size-large\"><img loading=\"lazy\" decoding=\"async\" width=\"1024\" height=\"576\" data-id=\"562119\" src=\"https:\/\/diariodominicano.com\/wp-content\/uploads\/2024\/09\/Procuradora-Miriam-German-entrega-ambulancias-al-Instituto-Nacional-Ciencias-Forenses-1-1024x576.jpg\" alt=\"\" class=\"wp-image-562119\" srcset=\"https:\/\/diariodominicano.com\/wp-content\/uploads\/2024\/09\/Procuradora-Miriam-German-entrega-ambulancias-al-Instituto-Nacional-Ciencias-Forenses-1-1024x576.jpg 1024w, https:\/\/diariodominicano.com\/wp-content\/uploads\/2024\/09\/Procuradora-Miriam-German-entrega-ambulancias-al-Instituto-Nacional-Ciencias-Forenses-1-300x169.jpg 300w, https:\/\/diariodominicano.com\/wp-content\/uploads\/2024\/09\/Procuradora-Miriam-German-entrega-ambulancias-al-Instituto-Nacional-Ciencias-Forenses-1-768x432.jpg 768w, https:\/\/diariodominicano.com\/wp-content\/uploads\/2024\/09\/Procuradora-Miriam-German-entrega-ambulancias-al-Instituto-Nacional-Ciencias-Forenses-1-816x459.jpg 816w, https:\/\/diariodominicano.com\/wp-content\/uploads\/2024\/09\/Procuradora-Miriam-German-entrega-ambulancias-al-Instituto-Nacional-Ciencias-Forenses-1.jpg 1392w\" sizes=\"auto, (max-width: 1024px) 100vw, 1024px\" \/><\/figure>\n<\/figure>\n\n\n\n<p>En la entrega de estas nuevas unidades, estuvieron presentes, adem\u00e1s de la procuradora Miriam Germ\u00e1n Brito y Sonia Lebr\u00f3n, el procurador adjunto, Rodolfo Espi\u00f1eira Ceballos; la directora general Administrativa y Financiera de la PGR, Claribel Mej\u00eda; el gerente Administrativo de la instituci\u00f3n, Jorge B\u00e1ez y la directora jur\u00eddica del Ministerio P\u00fablico, Frinette Padilla Jim\u00e9nez; as\u00ed como, Edison Parra, subdirector general de f\u00edsica forense y Miguel N\u00fa\u00f1ez encargado de Tanatolog\u00eda Forense del INACIF.<\/p>\n\n\n\n<p>.<\/p>\n\n\n\n<p><strong>Direcci\u00f3n General de Comunicaci\u00f3n, Prensa, y RRPP<\/strong><strong><\/strong><\/p>\n\n\n\n<p>Ministerio P\u00fablico.\u00a0R.D. <\/p>\n\n\n\n<p><strong>COMUNICACIONES PGR<\/strong><\/p>\n","protected":false},"excerpt":{"rendered":"<p>diariodominicano.com Santo Domingo Este, R. D.,\u200226 de septiembre, 2024.-&nbsp;La procuradora general de la Rep\u00fablica, Miriam Germ\u00e1n Brito, entreg\u00f3 10 nuevas y modernas ambulancias al Instituto Nacional de Ciencias Forenses (INACIF), destinadas a facilitar la labor que realiza la instituci\u00f3n en beneficio de la sociedad dominicana. Las ambulancias, fueron recibidas por la directora general de la [&hellip;]<\/p>\n","protected":false},"author":5,"featured_media":562078,"comment_status":"closed","ping_status":"closed","sticky":true,"template":"","format":"standard","meta":{"footnotes":""},"categories":[24,27],"tags":[],"class_list":["post-562077","post","type-post","status-publish","format-standard","has-post-thumbnail","hentry","category-justicia-y-derecho","category-portada"],"_links":{"self":[{"href":"https:\/\/diariodominicano.com\/index.php?rest_route=\/wp\/v2\/posts\/562077","targetHints":{"allow":["GET"]}}],"collection":[{"href":"https:\/\/diariodominicano.com\/index.php?rest_route=\/wp\/v2\/posts"}],"about":[{"href":"https:\/\/diariodominicano.com\/index.php?rest_route=\/wp\/v2\/types\/post"}],"author":[{"embeddable":true,"href":"https:\/\/diariodominicano.com\/index.php?rest_route=\/wp\/v2\/users\/5"}],"replies":[{"embeddable":true,"href":"https:\/\/diariodominicano.com\/index.php?rest_route=%2Fwp%2Fv2%2Fcomments&post=562077"}],"version-history":[{"count":2,"href":"https:\/\/diariodominicano.com\/index.php?rest_route=\/wp\/v2\/posts\/562077\/revisions"}],"predecessor-version":[{"id":562124,"href":"https:\/\/diariodominicano.com\/index.php?rest_route=\/wp\/v2\/posts\/562077\/revisions\/562124"}],"wp:featuredmedia":[{"embeddable":true,"href":"https:\/\/diariodominicano.com\/index.php?rest_route=\/wp\/v2\/media\/562078"}],"wp:attachment":[{"href":"https:\/\/diariodominicano.com\/index.php?rest_route=%2Fwp%2Fv2%2Fmedia&parent=562077"}],"wp:term":[{"taxonomy":"category","embeddable":true,"href":"https:\/\/diariodominicano.com\/index.php?rest_route=%2Fwp%2Fv2%2Fcategories&post=562077"},{"taxonomy":"post_tag","embeddable":true,"href":"https:\/\/diariodominicano.com\/index.php?rest_route=%2Fwp%2Fv2%2Ftags&post=562077"}],"curies":[{"name":"wp","href":"https:\/\/api.w.org\/{rel}","templated":true}]}}