{"id":561974,"date":"2024-09-26T10:15:17","date_gmt":"2024-09-26T14:15:17","guid":{"rendered":"https:\/\/diariodominicano.com\/?p=561974"},"modified":"2024-09-26T10:16:30","modified_gmt":"2024-09-26T14:16:30","slug":"sheinbaum-no-invita-al-rey-de-espana-a-su-inauguracion-por-no-pedir-perdon-por-la-conquista","status":"publish","type":"post","link":"https:\/\/diariodominicano.com\/?p=561974","title":{"rendered":"Sheinbaum no invita al rey de Espa\u00f1a a su inauguraci\u00f3n por no pedir perd\u00f3n por la conquista"},"content":{"rendered":"\n<p>ARCHIVO &#8211; La futura presidenta de M\u00e9xico Claudia Sheinbaum y el mandatario saliente, Andr\u00e9s Manuel L\u00f3pez Obrador, asisten a un evento en homenaje a las v\u00edctimas de los terremotos de 1985 y 2017, en el Z\u00f3calo, en Ciudad de M\u00e9xico, el 19 de septiembre de 2024.<\/p>\n\n\n\n<p>septiembre 25, 2024<\/p>\n\n\n\n<ul class=\"wp-block-list\">\n<li><a href=\"https:\/\/www.vozdeamerica.com\/author\/associated-press\/v_kyr\">Associated Press<\/a><\/li>\n<\/ul>\n\n\n\n<p><a href=\"https:\/\/www.vozdeamerica.com\/a\/sheinbaum-no-invito-rey-espana-relevo-presidencial-no-pedir-perdon-conquista-\/7799461.html#comments\">&nbsp;Vea comentarios<\/a><\/p>\n\n\n\n<p>La presidenta electa de M\u00e9xico se\u00f1al\u00f3 que no invit\u00f3 al rey Felipe VI a su toma de posesi\u00f3n porque el monarca espa\u00f1ol no ha pedido perd\u00f3n por la conquista, tal como lo hab\u00eda solicitado en 2019 el mandatario saliente Andr\u00e9s Manuel L\u00f3pez Obrador.<\/p>\n\n\n\n<p>CIUDAD DE M\u00c9XICO \u2014&nbsp;<\/p>\n\n\n\n<p>La futura presidenta de M\u00e9xico, Claudia Sheinbaum, defendi\u00f3 el mi\u00e9rcoles las razones por las que invit\u00f3 al presidente espa\u00f1ol y no al rey Felipe VI a su toma de posesi\u00f3n y, entre ellas, mencion\u00f3 la negativa del monarca a pedir perd\u00f3n por la conquista, como Andr\u00e9s Manuel L\u00f3pez Obrador solicit\u00f3 en 2019.<\/p>\n\n\n\n<p>Seg\u00fan explic\u00f3 en un comunicado divulgado en sus redes, M\u00e9xico acaba de elevar los derechos de los pueblos ind\u00edgenas a rango constitucional y Sheinbaum apuesta por establecer una \u201crenovada perspectiva hist\u00f3rica acorde al desarrollo de nuestros pueblos y en la que el reconocimiento cabal a nuestras identidades sea el eje de una relaci\u00f3n respetuosa, s\u00f3lida y fruct\u00edfera\u00bb.<\/p>\n\n\n\n<p>En este sentido, dijo confiar en que su gobierno sea \u201cpunto de partida\u201d para que dos pa\u00edses con una \u201cs\u00f3lida\u00bb relaci\u00f3n de amistad e importantes v\u00ednculos econ\u00f3micos, sociales y culturales, encuentran \u201cv\u00edas de entendimiento\u201d.<\/p>\n\n\n\n<p>Sin embargo, no invitar a Felipe de Borb\u00f3n, quien ha estado presente en decenas de tomas de posesi\u00f3n de mandatarios latinoamericanos \u2014incluidas las de los m\u00e1s recientes expresidentes de M\u00e9xico\u2014, indign\u00f3 a Espa\u00f1a.<\/p>\n\n\n\n<p><\/p>\n\n\n\n<p>El gobierno del socialista Pedro S\u00e1nchez, en un comunicado el martes, consider\u00f3 \u201cinaceptable la exclusi\u00f3n\u201d del monarca y decidi\u00f3 no participar en dicha toma de posesi\u00f3n \u00aba ning\u00fan nivel\u201d.<\/p>\n\n\n\n<p>Sheinbaum dijo que hace \u201cun par de d\u00edas\u201d hab\u00eda conversado con S\u00e1nchez pero, a juzgar por el tono del pronunciamiento espa\u00f1ol, est\u00e1 claro que no hubo entendimiento.<\/p>\n\n\n\n<p>Los choques entre el actual mandatario mexicano y la Corona espa\u00f1ola comenzaron en 2019, cuando L\u00f3pez Obrador exigi\u00f3 al rey en una carta pedir perd\u00f3n por la conquista, igual que hizo el papa Francisco. Felipe VI no lo hizo.<\/p>\n\n\n\n<p>Sheinbaum record\u00f3 que esa petici\u00f3n \u201cno mereci\u00f3 respuesta de forma directa como hubiera correspondido a la mejor pr\u00e1ctica diplom\u00e1tica\u201d.<\/p>\n\n\n\n<p>La actitud de L\u00f3pez Obrador no solo provoc\u00f3 airadas cr\u00edticas del gobierno espa\u00f1ol sino tambi\u00e9n de la oposici\u00f3n mexicana e incluso la burla de algunos grupos ind\u00edgenas, como el movimiento zapatista.<\/p>\n\n\n\n<p>Posteriormente, en 2022, el mandatario puso \u201cen pausa\u201d las relaciones con Espa\u00f1a \u2014un t\u00e9rmino no diplom\u00e1tico que nunca estuvo claro qu\u00e9 significaba\u2014 tras acusar a las empresas energ\u00e9ticas espa\u00f1olas de tratar a M\u00e9xico como su tierra de conquista.<\/p>\n\n\n\n<p><a href=\"https:\/\/www.vozdeamerica.com\/a\/lopez-obrador-celebra-dia-independencia-mexico-promulgacion-de-reforma-judicial\/7785781.html\"><\/a><\/p>\n\n\n\n<p><a href=\"https:\/\/www.vozdeamerica.com\/a\/lopez-obrador-celebra-dia-independencia-mexico-promulgacion-de-reforma-judicial\/7785781.html\">TAMBI\u00c9N LEA<\/a><\/p>\n\n\n\n<h4 class=\"wp-block-heading\"><a href=\"https:\/\/www.vozdeamerica.com\/a\/lopez-obrador-celebra-dia-independencia-mexico-promulgacion-de-reforma-judicial\/7785781.html\">D\u00eda de la Independencia de M\u00e9xico: L\u00f3pez Obrador celebra promulgaci\u00f3n de reforma judicial<\/a><\/h4>\n\n\n\n<p>Recientemente, cuando se gener\u00f3 pol\u00e9mica por una supuesta invitaci\u00f3n de M\u00e9xico al presidente ruso Vladimir Putin para asistir al acto, la Canciller\u00eda explic\u00f3 que, seg\u00fan su protocolo, M\u00e9xico emit\u00eda notas diplom\u00e1ticas a todas las naciones del mundo con las que mantiene relaciones y luego eran los pa\u00edses en cuesti\u00f3n quienes decid\u00edan a qui\u00e9n mandaban.<\/p>\n\n\n\n<p>En el caso de Espa\u00f1a, las invitaciones a traspasos de mando van tradicionalmente dirigidas al rey.<\/p>\n\n\n\n<p>Felipe de Borb\u00f3n ha estado presente en decenas de tomas de posesi\u00f3n en Am\u00e9rica Latina y su ausencia en la de M\u00e9xico, uno de los pa\u00edses con mayores relaciones bilaterales con Espa\u00f1a, es simb\u00f3lica, m\u00e1xime cuando se trata de la primera mujer que llega al poder en el pa\u00eds norteamericano.<\/p>\n\n\n\n<p>Seg\u00fan el equipo de la todav\u00eda presidenta electa, ya han confirmado la asistencia a la ceremonia de m\u00e1s de una docena de jefes de Estado o de gobierno, la mayor\u00eda latinoamericanos y entre ellos los presidentes de Brasil, Chile, Colombia o Cuba.<\/p>\n\n\n\n<p>Adem\u00e1s, tambi\u00e9n ha confirmado su asistencia la primera dama estadounidense, Jill Biden, que encabezar\u00e1 la delegaci\u00f3n de Estados Unidos, otro pa\u00eds con el que M\u00e9xico vive momentos de cierta tensi\u00f3n bilateral.<\/p>\n","protected":false},"excerpt":{"rendered":"<p>ARCHIVO &#8211; La futura presidenta de M\u00e9xico Claudia Sheinbaum y el mandatario saliente, Andr\u00e9s Manuel L\u00f3pez Obrador, asisten a un evento en homenaje a las v\u00edctimas de los terremotos de 1985 y 2017, en el Z\u00f3calo, en Ciudad de M\u00e9xico, el 19 de septiembre de 2024. septiembre 25, 2024 &nbsp;Vea comentarios La presidenta electa de [&hellip;]<\/p>\n","protected":false},"author":2,"featured_media":561975,"comment_status":"closed","ping_status":"closed","sticky":true,"template":"","format":"standard","meta":{"footnotes":""},"categories":[36,26],"tags":[],"class_list":["post-561974","post","type-post","status-publish","format-standard","has-post-thumbnail","hentry","category-hombresmujeresycosas","category-efemerides"],"_links":{"self":[{"href":"https:\/\/diariodominicano.com\/index.php?rest_route=\/wp\/v2\/posts\/561974","targetHints":{"allow":["GET"]}}],"collection":[{"href":"https:\/\/diariodominicano.com\/index.php?rest_route=\/wp\/v2\/posts"}],"about":[{"href":"https:\/\/diariodominicano.com\/index.php?rest_route=\/wp\/v2\/types\/post"}],"author":[{"embeddable":true,"href":"https:\/\/diariodominicano.com\/index.php?rest_route=\/wp\/v2\/users\/2"}],"replies":[{"embeddable":true,"href":"https:\/\/diariodominicano.com\/index.php?rest_route=%2Fwp%2Fv2%2Fcomments&post=561974"}],"version-history":[{"count":2,"href":"https:\/\/diariodominicano.com\/index.php?rest_route=\/wp\/v2\/posts\/561974\/revisions"}],"predecessor-version":[{"id":561978,"href":"https:\/\/diariodominicano.com\/index.php?rest_route=\/wp\/v2\/posts\/561974\/revisions\/561978"}],"wp:featuredmedia":[{"embeddable":true,"href":"https:\/\/diariodominicano.com\/index.php?rest_route=\/wp\/v2\/media\/561975"}],"wp:attachment":[{"href":"https:\/\/diariodominicano.com\/index.php?rest_route=%2Fwp%2Fv2%2Fmedia&parent=561974"}],"wp:term":[{"taxonomy":"category","embeddable":true,"href":"https:\/\/diariodominicano.com\/index.php?rest_route=%2Fwp%2Fv2%2Fcategories&post=561974"},{"taxonomy":"post_tag","embeddable":true,"href":"https:\/\/diariodominicano.com\/index.php?rest_route=%2Fwp%2Fv2%2Ftags&post=561974"}],"curies":[{"name":"wp","href":"https:\/\/api.w.org\/{rel}","templated":true}]}}