{"id":561898,"date":"2024-09-25T22:44:27","date_gmt":"2024-09-26T02:44:27","guid":{"rendered":"https:\/\/diariodominicano.com\/?p=561898"},"modified":"2024-09-25T22:44:30","modified_gmt":"2024-09-26T02:44:30","slug":"cluster-turistico-de-bani-realizara-almuerzo-conversatorio-empresarial-con-david-llibre","status":"publish","type":"post","link":"https:\/\/diariodominicano.com\/?p=561898","title":{"rendered":"Cl\u00faster Tur\u00edstico de Ban\u00ed\u00a0 realizar\u00e1\u00a0Almuerzo-Conversatorio Empresarial con David Llibre"},"content":{"rendered":"\n<p>Bani. &#8211; El Cl\u00faster Tur\u00edstico Productivo de Ban\u00ed, realizar\u00e1 una charla a cargo de David Llibre, presidente de la Asociaci\u00f3n de Hoteles y Turismo de la Rep\u00fablica Dominicana (Asonahores).<\/p>\n\n\n\n<p>La actividad se realizar\u00e1 ma\u00f1ana jueves 26 de septiembre en Caney Beach Home, ubicado en Matanzas, Ban\u00ed, provincia Peravia a partir de las 11:00 AM de la ma\u00f1ana con la disertaci\u00f3n de Llibre.<\/p>\n\n\n\n<p>Las reservaciones pueden hacerse llamando a los tel\u00e9fonos (829) 256-6370 y el (809) 532-7604 para WhatsApp.<\/p>\n\n\n\n<p>La actividad celebra el D\u00eda Mundial del Turismo que se conmemora todos los 27 de septiembre, con celebraciones dirigidas por la Organizaci\u00f3n Mundial de Turismo (OMT), con el objetivo de concientizar a la comunidad internacional, sobre el valor social, cultural, pol\u00edtico y econ\u00f3mico del turismo.<br>&#8212;<\/p>\n\n\n\n<p><strong>Lisandra Bello<\/strong><\/p>\n\n\n\n<p>Relaciones P\u00fablicas&nbsp;<\/p>\n\n\n\n<p><a href=\"mailto:annay@cicom.do\" target=\"_blank\" rel=\"noreferrer noopener\">lisandra@cicom.do<\/a><\/p>\n\n\n\n<figure class=\"wp-block-image\"><img decoding=\"async\" src=\"https:\/\/ci3.googleusercontent.com\/mail-sig\/AIorK4zWACcv-Ybi62wCUn9SJNkpFnehfifYTDV4c8ZNJpIoOJDwH-_BEJviejgqxMEl9c3_Gvf6sak\" alt=\"\"\/><\/figure>\n","protected":false},"excerpt":{"rendered":"<p>Bani. &#8211; El Cl\u00faster Tur\u00edstico Productivo de Ban\u00ed, realizar\u00e1 una charla a cargo de David Llibre, presidente de la Asociaci\u00f3n de Hoteles y Turismo de la Rep\u00fablica Dominicana (Asonahores). La actividad se realizar\u00e1 ma\u00f1ana jueves 26 de septiembre en Caney Beach Home, ubicado en Matanzas, Ban\u00ed, provincia Peravia a partir de las 11:00 AM de [&hellip;]<\/p>\n","protected":false},"author":28,"featured_media":561899,"comment_status":"closed","ping_status":"closed","sticky":true,"template":"","format":"standard","meta":{"footnotes":""},"categories":[36,25],"tags":[],"class_list":["post-561898","post","type-post","status-publish","format-standard","has-post-thumbnail","hentry","category-hombresmujeresycosas","category-gente"],"_links":{"self":[{"href":"https:\/\/diariodominicano.com\/index.php?rest_route=\/wp\/v2\/posts\/561898","targetHints":{"allow":["GET"]}}],"collection":[{"href":"https:\/\/diariodominicano.com\/index.php?rest_route=\/wp\/v2\/posts"}],"about":[{"href":"https:\/\/diariodominicano.com\/index.php?rest_route=\/wp\/v2\/types\/post"}],"author":[{"embeddable":true,"href":"https:\/\/diariodominicano.com\/index.php?rest_route=\/wp\/v2\/users\/28"}],"replies":[{"embeddable":true,"href":"https:\/\/diariodominicano.com\/index.php?rest_route=%2Fwp%2Fv2%2Fcomments&post=561898"}],"version-history":[{"count":1,"href":"https:\/\/diariodominicano.com\/index.php?rest_route=\/wp\/v2\/posts\/561898\/revisions"}],"predecessor-version":[{"id":561900,"href":"https:\/\/diariodominicano.com\/index.php?rest_route=\/wp\/v2\/posts\/561898\/revisions\/561900"}],"wp:featuredmedia":[{"embeddable":true,"href":"https:\/\/diariodominicano.com\/index.php?rest_route=\/wp\/v2\/media\/561899"}],"wp:attachment":[{"href":"https:\/\/diariodominicano.com\/index.php?rest_route=%2Fwp%2Fv2%2Fmedia&parent=561898"}],"wp:term":[{"taxonomy":"category","embeddable":true,"href":"https:\/\/diariodominicano.com\/index.php?rest_route=%2Fwp%2Fv2%2Fcategories&post=561898"},{"taxonomy":"post_tag","embeddable":true,"href":"https:\/\/diariodominicano.com\/index.php?rest_route=%2Fwp%2Fv2%2Ftags&post=561898"}],"curies":[{"name":"wp","href":"https:\/\/api.w.org\/{rel}","templated":true}]}}