{"id":561893,"date":"2024-09-25T22:39:51","date_gmt":"2024-09-26T02:39:51","guid":{"rendered":"https:\/\/diariodominicano.com\/?p=561893"},"modified":"2024-09-25T22:41:41","modified_gmt":"2024-09-26T02:41:41","slug":"chichi-peralta-se-une-a-lucha-contra-el-alzheimer","status":"publish","type":"post","link":"https:\/\/diariodominicano.com\/?p=561893","title":{"rendered":"Chich\u00ed Peralta se une a lucha contra el alzheimer"},"content":{"rendered":"\n<p><strong>SANTO DOMINGO, RD.- . <\/strong>\u00a0El legendario artista dominicano, Chich\u00ed Peralta, particip\u00f3 en la tradicional caminata de la Asociaci\u00f3n Dominicana de<a>\u00a0Alzheimer<\/a>, con el objetivo de concienciar a las personas y las familias afectadas por esta enfermedad y a la vez llevar un mensaje de prevenci\u00f3n.<\/p>\n\n\n\n<p>Un familiar muy cercano de Chich\u00ed Peralta padece est\u00e1 enfermedad desde hace a\u00f1os, es por ello que al conmemorarse el 21 de septiembre el \u00abD\u00eda Mundial del Alzheimer\u00bb se uni\u00f3 al coro de voces que proclama mayor atenci\u00f3n para sus pacientes. \u201cA t\u00edtulo personal me ha tocado vivir esta triste experiencia y es incre\u00edble ver la forma en que el alzheimer de manera silente se instala dentro de cualquier tipo de familia sin importar raza, nacionalidad, preferencia pol\u00edtica o religiosa\u201d.<\/p>\n\n\n\n<p>A su entender, esta enfermedad afecta especialmente a los sectores m\u00e1s vulnerables de la sociedad, debido al alto costo que implica el cuidado de un paciente con alzheimer. &nbsp;<\/p>\n\n\n\n<p>\u201cSe necesita de tener mucha fe y amor dentro de nuestros corazones y familias porque solamente con el amor de Dios en una familia se puede llevar esto con entendimiento y paciencia porque como dice la biblia el amor todo lo puede y lo aguanta y por amor todos fuimos creados\u201d, expres\u00f3 Peralta.<\/p>\n\n\n\n<p>De igual manera, destac\u00f3 el trabajo realizado por la Asociaci\u00f3n Dominicana de Alzheimer, quien se solidariza con las personas y familias que tienen que enfrentar esta enfermedad.<\/p>\n\n\n\n<p>De acuerdo con proyecciones del Ministerio de Salud P\u00fablica, alrededor de 90 mil personas sufren de demencia en el pa\u00eds, cifra que podr\u00eda aumentar a 125 mil para el a\u00f1o 2030 y a 241 mil en 2050.<\/p>\n\n\n\n<p>Chichi Peralta tiene una brillante trayectoria art\u00edstica que lo ha llevado a ser merecedor de importantes premios y reconocimientos tanto a nivel nacional como internacional.<\/p>\n\n\n\n<p>Henry Coradin<\/p>\n\n\n\n<p>Henry Coradin (De tus contactos de Google)<\/p>\n\n\n\n<p>#chichi Peralta <\/p>\n\n\n\n<p><a href=\"mailto:henrycoradinrelacionespublicas@gmail.com\" target=\"_blank\" rel=\"noreferrer noopener\">henrycoradinrelacionespublica<\/a><\/p>\n","protected":false},"excerpt":{"rendered":"<p>SANTO DOMINGO, RD.- . \u00a0El legendario artista dominicano, Chich\u00ed Peralta, particip\u00f3 en la tradicional caminata de la Asociaci\u00f3n Dominicana de\u00a0Alzheimer, con el objetivo de concienciar a las personas y las familias afectadas por esta enfermedad y a la vez llevar un mensaje de prevenci\u00f3n. Un familiar muy cercano de Chich\u00ed Peralta padece est\u00e1 enfermedad desde [&hellip;]<\/p>\n","protected":false},"author":28,"featured_media":561896,"comment_status":"closed","ping_status":"closed","sticky":true,"template":"","format":"standard","meta":{"footnotes":""},"categories":[36,25,27],"tags":[],"class_list":["post-561893","post","type-post","status-publish","format-standard","has-post-thumbnail","hentry","category-hombresmujeresycosas","category-gente","category-portada"],"_links":{"self":[{"href":"https:\/\/diariodominicano.com\/index.php?rest_route=\/wp\/v2\/posts\/561893","targetHints":{"allow":["GET"]}}],"collection":[{"href":"https:\/\/diariodominicano.com\/index.php?rest_route=\/wp\/v2\/posts"}],"about":[{"href":"https:\/\/diariodominicano.com\/index.php?rest_route=\/wp\/v2\/types\/post"}],"author":[{"embeddable":true,"href":"https:\/\/diariodominicano.com\/index.php?rest_route=\/wp\/v2\/users\/28"}],"replies":[{"embeddable":true,"href":"https:\/\/diariodominicano.com\/index.php?rest_route=%2Fwp%2Fv2%2Fcomments&post=561893"}],"version-history":[{"count":2,"href":"https:\/\/diariodominicano.com\/index.php?rest_route=\/wp\/v2\/posts\/561893\/revisions"}],"predecessor-version":[{"id":561897,"href":"https:\/\/diariodominicano.com\/index.php?rest_route=\/wp\/v2\/posts\/561893\/revisions\/561897"}],"wp:featuredmedia":[{"embeddable":true,"href":"https:\/\/diariodominicano.com\/index.php?rest_route=\/wp\/v2\/media\/561896"}],"wp:attachment":[{"href":"https:\/\/diariodominicano.com\/index.php?rest_route=%2Fwp%2Fv2%2Fmedia&parent=561893"}],"wp:term":[{"taxonomy":"category","embeddable":true,"href":"https:\/\/diariodominicano.com\/index.php?rest_route=%2Fwp%2Fv2%2Fcategories&post=561893"},{"taxonomy":"post_tag","embeddable":true,"href":"https:\/\/diariodominicano.com\/index.php?rest_route=%2Fwp%2Fv2%2Ftags&post=561893"}],"curies":[{"name":"wp","href":"https:\/\/api.w.org\/{rel}","templated":true}]}}