{"id":561802,"date":"2024-09-25T16:45:07","date_gmt":"2024-09-25T20:45:07","guid":{"rendered":"https:\/\/diariodominicano.com\/?p=561802"},"modified":"2024-09-25T16:45:09","modified_gmt":"2024-09-25T20:45:09","slug":"ministerio-de-la-mujer-rinde-homenaje-biografico-a-la-trayectoria-de-maria-eugenia-acosta-abad","status":"publish","type":"post","link":"https:\/\/diariodominicano.com\/?p=561802","title":{"rendered":"Ministerio de la Mujer rinde homenaje biogr\u00e1fico a la trayectoria de Mar\u00eda Eugenia Acosta Abad\u00a0"},"content":{"rendered":"\n<p><strong>Acosta, gerente general de la cooperativa Vega Real, es reconocida por su liderazgo empresarial y su defensa de los derechos de las mujeres.<\/strong><\/p>\n\n\n\n<p><strong>Santo Domingo.-<\/strong> Con la presencia de destacadas personalidades, el Ministerio de la Mujer rindi\u00f3 homenaje este viernes 20&nbsp; de septiembre&nbsp; a Mar\u00eda Eugenia Acosta Abad y otras seis destacadas mujeres biografiadas bajo la pluma de la periodista Margarita Cordero.&nbsp;<\/p>\n\n\n\n<p>En el acto se pusieron en circulaci\u00f3n las biografias que relatan la vida de estas extraordinarias mujeres como Mar\u00eda Eugenia Acosta Abad galardonada en la categor\u00eda Empresarial; Mercedes Castillo Sandoval, galardonada en la categor\u00eda Periodista; y Francisca Jim\u00e9nez Paniagua, categor\u00eda Laboral.&nbsp;<\/p>\n\n\n\n<p>La ministra de la Mujer, Mayra Jim\u00e9nez, refiri\u00f3 sobre Mar\u00eda Eugenia Acosta Abad, que \u201ces un faro de inspiraci\u00f3n para todas nosotras (\u2026) Su lucha por los derechos de las mujeres y su capacidad de liderazgo la han convertido en un ejemplo de lo que significa ser una mujer influyente y comprometida con su pa\u00eds\u201d, afirm\u00f3 jimenez.&nbsp;<\/p>\n\n\n\n<p>La puesta en circulaci\u00f3n de las historias biogr\u00e1ficas incluy\u00f3 la lectura de un ep\u00edtome en voz de la ministra, donde se resaltaron los hitos de la vida profesional de Acosta, \u201csu ardua defensa de los derechos de las mujeres y su liderazgo dentro del sistema cooperativo nacional\u201d.<\/p>\n\n\n\n<p>El reconocimiento, que se otorga desde 1985 mediante el Decreto 3013-85, tiene como objetivo honrar a mujeres dominicanas o nacionalizadas que han dejado una huella significativa en el desarrollo del pa\u00eds, tanto en el \u00e1mbito social, pol\u00edtico como econ\u00f3mico.<\/p>\n\n\n\n<p>La ceremonia, que tuvo lugar en la Sala cinco de Caribbean Cinemas, Fine Arts, Novo-Centro, tambi\u00e9n incluy\u00f3 la proyecci\u00f3n de documentales sobre las galardonadas, cuyas historias ahora forman parte del acervo hist\u00f3rico del pa\u00eds.<\/p>\n\n\n\n<p>Otras muejeres exepcionales galardonadas fueron Mar\u00eda Le\u00f3nides Disla (Mam\u00e1 Leona), categor\u00eda Rural; Zenaida M\u00e9ndez Mej\u00eda, categor\u00eda Destacada en el Extranjero; Petronila Ang\u00e9lica G\u00f3mez, categor\u00eda P\u00f3stuma; y Lee Mateo Ram\u00edrez, galardonada en la categor\u00eda Militar \u2013 Policial.El Ministerio de la Mujer invita a toda la ciudadan\u00eda a conocer m\u00e1s sobre estas mujeres excepcionales a trav\u00e9s de su sitio web, donde las biograf\u00edas y documentales estar\u00e1n disponibles para consulta.<\/p>\n\n\n\n<p><strong>Pie de foto:<\/strong> <strong><em>La ministra de la Mujer, Mayra Jim\u00e9nez, entrega reconocimiento a Mar\u00eda Eugenia Acosta Abad<\/em><\/strong><\/p>\n\n\n\n<p><strong><em>Dayana Acosta&nbsp;<\/em><\/strong><\/p>\n\n\n\n<p><strong><em>Ejecutiva de cuenta&nbsp;<\/em><\/strong><\/p>\n\n\n\n<h3 class=\"wp-block-heading\"><strong><em>Prensa Brightpodium<\/em><\/strong><strong><em> <\/em><\/strong><strong><em>&lt;<\/em><\/strong><a href=\"mailto:prensa@brightpodium.com\"><strong><em>prensa@brightpodium.com<\/em><\/strong><\/a><strong><em>&gt;&nbsp;<\/em><\/strong><\/h3>\n","protected":false},"excerpt":{"rendered":"<p>Acosta, gerente general de la cooperativa Vega Real, es reconocida por su liderazgo empresarial y su defensa de los derechos de las mujeres. Santo Domingo.- Con la presencia de destacadas personalidades, el Ministerio de la Mujer rindi\u00f3 homenaje este viernes 20&nbsp; de septiembre&nbsp; a Mar\u00eda Eugenia Acosta Abad y otras seis destacadas mujeres biografiadas bajo [&hellip;]<\/p>\n","protected":false},"author":7,"featured_media":561813,"comment_status":"closed","ping_status":"closed","sticky":false,"template":"","format":"standard","meta":{"footnotes":""},"categories":[36],"tags":[234,188],"class_list":["post-561802","post","type-post","status-publish","format-standard","has-post-thumbnail","hentry","category-hombresmujeresycosas","tag-maria-eugenia-acosta-abad","tag-ministerio-de-la-mujer"],"_links":{"self":[{"href":"https:\/\/diariodominicano.com\/index.php?rest_route=\/wp\/v2\/posts\/561802","targetHints":{"allow":["GET"]}}],"collection":[{"href":"https:\/\/diariodominicano.com\/index.php?rest_route=\/wp\/v2\/posts"}],"about":[{"href":"https:\/\/diariodominicano.com\/index.php?rest_route=\/wp\/v2\/types\/post"}],"author":[{"embeddable":true,"href":"https:\/\/diariodominicano.com\/index.php?rest_route=\/wp\/v2\/users\/7"}],"replies":[{"embeddable":true,"href":"https:\/\/diariodominicano.com\/index.php?rest_route=%2Fwp%2Fv2%2Fcomments&post=561802"}],"version-history":[{"count":1,"href":"https:\/\/diariodominicano.com\/index.php?rest_route=\/wp\/v2\/posts\/561802\/revisions"}],"predecessor-version":[{"id":561814,"href":"https:\/\/diariodominicano.com\/index.php?rest_route=\/wp\/v2\/posts\/561802\/revisions\/561814"}],"wp:featuredmedia":[{"embeddable":true,"href":"https:\/\/diariodominicano.com\/index.php?rest_route=\/wp\/v2\/media\/561813"}],"wp:attachment":[{"href":"https:\/\/diariodominicano.com\/index.php?rest_route=%2Fwp%2Fv2%2Fmedia&parent=561802"}],"wp:term":[{"taxonomy":"category","embeddable":true,"href":"https:\/\/diariodominicano.com\/index.php?rest_route=%2Fwp%2Fv2%2Fcategories&post=561802"},{"taxonomy":"post_tag","embeddable":true,"href":"https:\/\/diariodominicano.com\/index.php?rest_route=%2Fwp%2Fv2%2Ftags&post=561802"}],"curies":[{"name":"wp","href":"https:\/\/api.w.org\/{rel}","templated":true}]}}