{"id":561687,"date":"2024-09-25T11:17:36","date_gmt":"2024-09-25T15:17:36","guid":{"rendered":"https:\/\/diariodominicano.com\/?p=561687"},"modified":"2024-09-25T11:17:41","modified_gmt":"2024-09-25T15:17:41","slug":"pld-recuerda-a-reinaldo-pared-perez-en-el-68-aniversario-de-su-natalicio","status":"publish","type":"post","link":"https:\/\/diariodominicano.com\/?p=561687","title":{"rendered":"PLD recuerda a Reinaldo Pared P\u00e9rez en el 68 aniversario de su natalicio"},"content":{"rendered":"\n<p>ARCHIVO: Reinaldo Pared P\u00e9rez<\/p>\n\n\n\n<p><strong><em>&nbsp; &nbsp; &nbsp;Maribel Acosta<\/em><\/strong><em>&nbsp;sobre Reinaldo: \u201cUn ser humano sensible y solidario<\/em><\/p>\n\n\n\n<p><strong>Maribel Acosta, integrante del Comit\u00e9 Pol\u00edtico del Partido de la Liberaci\u00f3n Dominicana (PLD),<\/strong>&nbsp;en el 68 aniversario del nacimiento del ex Presidente del Senado, Reinaldo Pared P\u00e9rez, resalt\u00f3 sus grandes condiciones, como profesional, intelectual; pero sobre todo, \u201cun gran ser humano sensible y solidario\u201d.<\/p>\n\n\n\n<p><br>Acosta, quien fue asistente de Pared P\u00e9rez en la Secretaria General del PLD y luego vicesecretaria general, defini\u00f3 al fenecido secretario general del PLD por su firmeza, defensa de los valores de la democracia y a sus compa\u00f1eros de Partido.<\/p>\n\n\n\n<p>\u201cLe caracteriz\u00f3 la gallard\u00eda en defensa, de compa\u00f1eros del Partido. Recuerdo las despiadadas persecuciones en contra de compa\u00f1eros en el a\u00f1o 2000, al finalizar el primer Gobierno del PLD, como sal\u00eda en su defensa\u201d, record\u00f3 Maribel Acosta, a prop\u00f3sito de que este 25 de abril se cumplir\u00edan 68 a\u00f1os del nacimiento de Reinaldo Pared P\u00e9rez, quien falleci\u00f3 el 28 de octubre de 2021.<\/p>\n\n\n\n<p>Recalc\u00f3, en un art\u00edculo publicado en Vanguardia del Pueblo, que Pared P\u00e9rez apoy\u00f3 siempre las iniciativas de crecimiento, desarrollo y fortalecimiento, tanto para el PLD como para el bienestar de tantas familias dominicanas.<\/p>\n\n\n\n<p>Maribel Acosta resalta que este 2024 es muy especial porque en honora de Reinado Pared P\u00e9rez el PLD desarrolla X Congreso Ordinario del cual dijo sentirse honrada de pertenecer a la Comisi\u00f3n que tiene la responsabilidad de llevarlo a cabo.<\/p>\n\n\n\n<p>&nbsp;&nbsp;\u201cNadie Muere de verdad si queda en el mundo quien respete su memoria\u201d, es una frase del l\u00edder hist\u00f3rico del PLD, Profesor Juan Bosch a la que recurri\u00f3 Acosta para concluir su escrito recordando el aniversario del natalicio de Reinaldo de las Mercedes Pared P\u00e9rez y la fecha de su onom\u00e1stico.<\/p>\n\n\n\n<p><strong>SECRETARIA DE COMUNICACIONES<\/strong><\/p>\n\n\n\n<p><strong>25 DE SEPTIEMBRE, 2024.-<\/strong><\/p>\n","protected":false},"excerpt":{"rendered":"<p>ARCHIVO: Reinaldo Pared P\u00e9rez &nbsp; &nbsp; &nbsp;Maribel Acosta&nbsp;sobre Reinaldo: \u201cUn ser humano sensible y solidario Maribel Acosta, integrante del Comit\u00e9 Pol\u00edtico del Partido de la Liberaci\u00f3n Dominicana (PLD),&nbsp;en el 68 aniversario del nacimiento del ex Presidente del Senado, Reinaldo Pared P\u00e9rez, resalt\u00f3 sus grandes condiciones, como profesional, intelectual; pero sobre todo, \u201cun gran ser humano [&hellip;]<\/p>\n","protected":false},"author":28,"featured_media":561688,"comment_status":"closed","ping_status":"closed","sticky":true,"template":"","format":"standard","meta":{"footnotes":""},"categories":[36,26,22],"tags":[],"class_list":["post-561687","post","type-post","status-publish","format-standard","has-post-thumbnail","hentry","category-hombresmujeresycosas","category-efemerides","category-politica"],"_links":{"self":[{"href":"https:\/\/diariodominicano.com\/index.php?rest_route=\/wp\/v2\/posts\/561687","targetHints":{"allow":["GET"]}}],"collection":[{"href":"https:\/\/diariodominicano.com\/index.php?rest_route=\/wp\/v2\/posts"}],"about":[{"href":"https:\/\/diariodominicano.com\/index.php?rest_route=\/wp\/v2\/types\/post"}],"author":[{"embeddable":true,"href":"https:\/\/diariodominicano.com\/index.php?rest_route=\/wp\/v2\/users\/28"}],"replies":[{"embeddable":true,"href":"https:\/\/diariodominicano.com\/index.php?rest_route=%2Fwp%2Fv2%2Fcomments&post=561687"}],"version-history":[{"count":1,"href":"https:\/\/diariodominicano.com\/index.php?rest_route=\/wp\/v2\/posts\/561687\/revisions"}],"predecessor-version":[{"id":561689,"href":"https:\/\/diariodominicano.com\/index.php?rest_route=\/wp\/v2\/posts\/561687\/revisions\/561689"}],"wp:featuredmedia":[{"embeddable":true,"href":"https:\/\/diariodominicano.com\/index.php?rest_route=\/wp\/v2\/media\/561688"}],"wp:attachment":[{"href":"https:\/\/diariodominicano.com\/index.php?rest_route=%2Fwp%2Fv2%2Fmedia&parent=561687"}],"wp:term":[{"taxonomy":"category","embeddable":true,"href":"https:\/\/diariodominicano.com\/index.php?rest_route=%2Fwp%2Fv2%2Fcategories&post=561687"},{"taxonomy":"post_tag","embeddable":true,"href":"https:\/\/diariodominicano.com\/index.php?rest_route=%2Fwp%2Fv2%2Ftags&post=561687"}],"curies":[{"name":"wp","href":"https:\/\/api.w.org\/{rel}","templated":true}]}}