{"id":561675,"date":"2024-09-25T10:46:20","date_gmt":"2024-09-25T14:46:20","guid":{"rendered":"https:\/\/diariodominicano.com\/?p=561675"},"modified":"2024-09-25T10:46:28","modified_gmt":"2024-09-25T14:46:28","slug":"golpe-de-estado-no-debe-quedar-en-el-olvido-pld","status":"publish","type":"post","link":"https:\/\/diariodominicano.com\/?p=561675","title":{"rendered":"Golpe de Estado no debe quedar en el olvido: PLD"},"content":{"rendered":"\n<p>El golpe de Estado en la prensa dominicana.<\/p>\n\n\n\n<p>\u00a0\u00a0Alejandrina German: \u201cGolpe de Estado a Bosch cambi\u00f3 el curso de la historia en Rep\u00fablica Dominicana\u201d<\/p>\n\n\n\n<figure class=\"wp-block-image size-full\"><img loading=\"lazy\" decoding=\"async\" width=\"693\" height=\"370\" src=\"https:\/\/diariodominicano.com\/wp-content\/uploads\/2024\/09\/Presidente-Juan-Bosch.jpg\" alt=\"\" class=\"wp-image-561677\" srcset=\"https:\/\/diariodominicano.com\/wp-content\/uploads\/2024\/09\/Presidente-Juan-Bosch.jpg 693w, https:\/\/diariodominicano.com\/wp-content\/uploads\/2024\/09\/Presidente-Juan-Bosch-300x160.jpg 300w\" sizes=\"auto, (max-width: 693px) 100vw, 693px\" \/><\/figure>\n\n\n\n<p><strong>El presidente Juan Bosch<\/strong><\/p>\n\n\n\n<p>Al conmemorarse este d\u00eda el 61\u00a0\u00a0aniversario del golpe de Estado contra el gobierno constitucional del profesor Juan Bosch (1963), la titular de la Secretar\u00eda\u00a0\u00a0de Formaci\u00f3n Pol\u00edtica del Partido de la Liberaci\u00f3n Dominicana (PLD), Alejandrina Germ\u00e1n,\u00a0\u00a0reiter\u00f3, en un llamado al pueblo dominicano,\u00a0\u00a0que esa fecha no debe quedar en el olvido, en raz\u00f3n de que ese hecho cambi\u00f3 el curso de la historia en Rep\u00fablica Dominicana.<\/p>\n\n\n\n<p>\u201cEl apego a la institucionalidad y la defensa de la soberan\u00eda nacional asumido por el presidente Juan Bosch, resultaron demasiado para los actores pol\u00edticos locales comprometidos con las posibilidades de recomposici\u00f3n del trujillismo, pero tambi\u00e9n con los dise\u00f1adores de una pol\u00edtica exterior dependiente de fuerzas for\u00e1neas\u201d, coment\u00f3.<\/p>\n\n\n\n<p>&nbsp;Germ\u00e1n en un aparte que hiciera mientras coordina los trabajos de una de las subcomisiones del X Congreso Ordinario Reinaldo Pared P\u00e9rez, que revisa los documentos que se presentar\u00e1n en la Plenaria Tem\u00e1tica convocada para los d\u00edas 28,29 y 30 del cursante septiembre.<\/p>\n\n\n\n<p>&nbsp;En sus palabras&nbsp;&nbsp;la educadora&nbsp;&nbsp;e integrante del Comit\u00e9 Pol\u00edtico del PLD&nbsp;&nbsp;&nbsp;ponder\u00f3 la figura hist\u00f3rica de Juan Bosch como educador, organizador y visionario, plasmado diez a\u00f1os despu\u00e9s del golpe con la fundaci\u00f3n del Partido de la Liberaci\u00f3n Dominicana.<\/p>\n\n\n\n<p>En el segmento de Efem\u00e9rides de Vanguardia del Pueblo, \u00f3rgano del PLD, se recuerda la fecha&nbsp;&nbsp;precisando que en&nbsp;&nbsp;madrugada del 25 de septiembre de 1963 Bosch fue derrocado por un complot militar apoyado por fuerzas conservadoras&nbsp;&nbsp;internas, quienes contaron&nbsp;&nbsp;con respaldo externo.<\/p>\n\n\n\n<p>Al rememorar aquel d\u00eda, el PLD mediante un despacho&nbsp;&nbsp;de prensa, precisa que en los siete meses del gobierno de Bosch se restablecieron las libertades p\u00fablicas, los derechos humanos, econ\u00f3micos y sociales, rescatando la dignidad del pueblo dominicano subyugada en una cruenta tiran\u00eda de 31 largos a\u00f1os que encabez\u00f3 Rafael Le\u00f3nidas Trujillo.<\/p>\n\n\n\n<p><strong>SECRETARIA COMUNICACIONES<\/strong><\/p>\n\n\n\n<p><strong>25 SEPTIEMBRE 2024<\/strong><\/p>\n","protected":false},"excerpt":{"rendered":"<p>El golpe de Estado en la prensa dominicana. \u00a0\u00a0Alejandrina German: \u201cGolpe de Estado a Bosch cambi\u00f3 el curso de la historia en Rep\u00fablica Dominicana\u201d El presidente Juan Bosch Al conmemorarse este d\u00eda el 61\u00a0\u00a0aniversario del golpe de Estado contra el gobierno constitucional del profesor Juan Bosch (1963), la titular de la Secretar\u00eda\u00a0\u00a0de Formaci\u00f3n Pol\u00edtica del [&hellip;]<\/p>\n","protected":false},"author":28,"featured_media":561676,"comment_status":"closed","ping_status":"closed","sticky":true,"template":"","format":"standard","meta":{"footnotes":""},"categories":[26,22,27],"tags":[],"class_list":["post-561675","post","type-post","status-publish","format-standard","has-post-thumbnail","hentry","category-efemerides","category-politica","category-portada"],"_links":{"self":[{"href":"https:\/\/diariodominicano.com\/index.php?rest_route=\/wp\/v2\/posts\/561675","targetHints":{"allow":["GET"]}}],"collection":[{"href":"https:\/\/diariodominicano.com\/index.php?rest_route=\/wp\/v2\/posts"}],"about":[{"href":"https:\/\/diariodominicano.com\/index.php?rest_route=\/wp\/v2\/types\/post"}],"author":[{"embeddable":true,"href":"https:\/\/diariodominicano.com\/index.php?rest_route=\/wp\/v2\/users\/28"}],"replies":[{"embeddable":true,"href":"https:\/\/diariodominicano.com\/index.php?rest_route=%2Fwp%2Fv2%2Fcomments&post=561675"}],"version-history":[{"count":1,"href":"https:\/\/diariodominicano.com\/index.php?rest_route=\/wp\/v2\/posts\/561675\/revisions"}],"predecessor-version":[{"id":561678,"href":"https:\/\/diariodominicano.com\/index.php?rest_route=\/wp\/v2\/posts\/561675\/revisions\/561678"}],"wp:featuredmedia":[{"embeddable":true,"href":"https:\/\/diariodominicano.com\/index.php?rest_route=\/wp\/v2\/media\/561676"}],"wp:attachment":[{"href":"https:\/\/diariodominicano.com\/index.php?rest_route=%2Fwp%2Fv2%2Fmedia&parent=561675"}],"wp:term":[{"taxonomy":"category","embeddable":true,"href":"https:\/\/diariodominicano.com\/index.php?rest_route=%2Fwp%2Fv2%2Fcategories&post=561675"},{"taxonomy":"post_tag","embeddable":true,"href":"https:\/\/diariodominicano.com\/index.php?rest_route=%2Fwp%2Fv2%2Ftags&post=561675"}],"curies":[{"name":"wp","href":"https:\/\/api.w.org\/{rel}","templated":true}]}}