{"id":561629,"date":"2024-09-25T00:55:26","date_gmt":"2024-09-25T04:55:26","guid":{"rendered":"https:\/\/diariodominicano.com\/?p=561629"},"modified":"2024-09-25T01:16:30","modified_gmt":"2024-09-25T05:16:30","slug":"25-de-septiembre-de-1963-interrumpen-el-gobierno-constitucional-del-presidente-juan-bosch","status":"publish","type":"post","link":"https:\/\/diariodominicano.com\/?p=561629","title":{"rendered":"25 de septiembre de 1963: Interrumpen el Gobierno constitucional del presidente Juan Bosch"},"content":{"rendered":"\n<p>ARCHIVO: Juan Bosch<\/p>\n\n\n\n<p>H\u00e9ctor\u2002Tineo Nolasco<\/p>\n\n\n\n<p>Diariodominicano.com<\/p>\n\n\n\n<p><\/p>\n\n\n\n<p>SANTO DOMINGO, el 25 de septiembre de 1963, una alianza de sectores conservadores de la sociedad dominicana con el apoyo del Gobierno de Estados Unidos del presidente Jhon F Kennedy, interrumpi\u00f3 el Gobierno Constitucional del presidente Juan Bosch. El golpe frustr\u00f3 el proyecto del primer Gobierno fruto de las primeras elecciones democr\u00e1ticas en Rep\u00fablica Dominicana tras la eliminaci\u00f3n f\u00edsica del dictador Rafael Le\u00f3nidas Trujillo Molina<\/p>\n\n\n\n<p>&nbsp;&nbsp;&nbsp; Los aliados para consumar el golpe de Estado antes hicieron m\u00faltiples esfuerzos para impedir que Juan Bosch y su compa\u00f1ero de boleta, el m\u00e9dico Segundo Armando Gonz\u00e1lez Tamayo, candidatos del Partido Revolucionario Dominicano (PRD), ganaran las elecciones del 20 de diciembre de 1962, las primeras democr\u00e1ticas tras la ca\u00edda de la Dictadura de m\u00e1s de 30 a\u00f1os que encabez\u00f3 Rafael Le\u00f3nidas Trujillo Molina. Los &nbsp;adversarios de los candidatos del PRD, formaron el partido Acci\u00f3n Dominicana Independiente (ADI), que luego se unir\u00eda a la Uni\u00f3n&nbsp; C\u00edvica Nacional,&nbsp; para tratar de impedir que&nbsp; Bosch llegara a la Presidencia de la Rep\u00fablica.<\/p>\n\n\n\n<p>&nbsp;&nbsp; Las elecciones generales, las primeras democr\u00e1ticas que celebr\u00f3 el pueblo dominicano tras la ca\u00edda de la dictadura de Rafael Le\u00f3nidas Trujillo Molina, se llevaron a cabo el 20 de diciembre de 1962.<\/p>\n\n\n\n<p>&nbsp;&nbsp;&nbsp; El Partido Revolucionario Dominicano (PRD) derrot\u00f3 de manera aplastante a su principal adversario, la Uni\u00f3n C\u00edvica Nacional y aliados, que llev\u00f3 como candidato presidencial a su l\u00edder, el doctor Viriato Fiallo.<\/p>\n\n\n\n<figure class=\"wp-block-image size-full\"><img loading=\"lazy\" decoding=\"async\" width=\"639\" height=\"409\" src=\"https:\/\/diariodominicano.com\/wp-content\/uploads\/2024\/08\/Juan-Bosch-y-John-F.-Kennedy-en-la-Casa-Blanca-1.jpg\" alt=\"\" class=\"wp-image-549620\" srcset=\"https:\/\/diariodominicano.com\/wp-content\/uploads\/2024\/08\/Juan-Bosch-y-John-F.-Kennedy-en-la-Casa-Blanca-1.jpg 639w, https:\/\/diariodominicano.com\/wp-content\/uploads\/2024\/08\/Juan-Bosch-y-John-F.-Kennedy-en-la-Casa-Blanca-1-300x192.jpg 300w\" sizes=\"auto, (max-width: 639px) 100vw, 639px\" \/><\/figure>\n\n\n\n<p><strong>\u00a0\u00a0\u00a0 Juan-Bosch y John F. Kennedy en la Casa Blanca<\/strong><\/p>\n\n\n\n<p><strong>Los comicios\u00a0 organizados por el Consejo de Estado, presidido por el licenciado Rafael F. Bonelly, terminaron con los siguientes resultados:<\/strong><\/p>\n\n\n\n<p>Alianza Social Dem\u00f3crata, candidaturas nacionales, 17 mil 898 votos y para congresuales&nbsp; y municipales, 18 mil 726 votos.<\/p>\n\n\n\n<p>Partido Nacional, aliado de&nbsp; Juan Bosch y&nbsp; Segundo Armando&nbsp; Gonz\u00e1lez Tamayo, mil 667 votos para las candidaturas nacionales y 4 mil 161, para las congresuales&nbsp; y municipales.<\/p>\n\n\n\n<p>Partido Nacional Revolucionario Democr\u00e1tico, candidaturas nacionales, 35 mil 764&nbsp; y para las candidaturas congresuales y municipales 36 mil 972.<\/p>\n\n\n\n<p>Partido Revolucionario Dominicano, 619 mil 491,&nbsp; para las candidaturas de Bosch y Gonz\u00e1lez Tamayo y para los candidatos congresuales&nbsp; y municipales, 592 mil 88.<\/p>\n\n\n\n<p>PRD Aut\u00e9ntico,&nbsp; mil 273 para las candidaturas nacionales&nbsp; y 5 mil 306 para las congresuales&nbsp; y municipales.<\/p>\n\n\n\n<p>Partido Revolucionario Social Cristiano, para las candidaturas nacionales 54 mil 638&nbsp; y para las congresuales&nbsp; y municipales 56 mil 794.<\/p>\n\n\n\n<p>Uni\u00f3n C\u00edvica Nacional, 317 mil 327 para las candidaturas nacionales y para las congresuales,&nbsp; y para las&nbsp; municipales 315 mil 371.<\/p>\n\n\n\n<p>Vanguardia Revolucionaria Dominicana,&nbsp; que apoy\u00f3 a Bosch y a Gonz\u00e1lez Tamayo, para las candidaturas nacionales, obtuvo 6 mil 886 votos y para las congresuales&nbsp; y municipales 18 mil 586.<\/p>\n\n\n\n<p>&nbsp;&nbsp;&nbsp; El total de votos emitidos para las candidaturas nacionales de las distintas fuerzas pol\u00edticas que participaron en las elecciones del 20 de diciembre de 1962, fue de un mill\u00f3n 54 mil 944 votos y para las congresuales un mill\u00f3n 48 mil cuatro.<\/p>\n\n\n\n<p>&nbsp;&nbsp;&nbsp;&nbsp; El Partido Revolucionario Dominicano, adem\u00e1s de ganar la Presidencia de la Rep\u00fablica, logr\u00f3 una mayor\u00eda determinante en el Congreso Nacional y los municipios.<\/p>\n\n\n\n<p>&nbsp;&nbsp;&nbsp;&nbsp; En el a\u00f1o 1962, la Rep\u00fablica Dominicana ten\u00eda el Distrito Nacional y 26 provincias, que formaban 78 municipios.<\/p>\n\n\n\n<p>&nbsp;&nbsp;&nbsp; El PRD obtuvo 22 senadores, 49 diputados y 63 s\u00edndicos.&nbsp; La Uni\u00f3n C\u00edvica Nacional gan\u00f3 cuatro senadores, 20 diputados&nbsp; y 11 s\u00edndicos.<\/p>\n\n\n\n<p>&nbsp;&nbsp;&nbsp; El Partido Nacional Revolucionario Democr\u00e1tico, obtuvo un senador, cuatro diputados y cuatro s\u00edndicos.<\/p>\n\n\n\n<p>&nbsp;&nbsp;&nbsp; El Partido Revolucionario Social Cristiano, obtuvo un diputado.<\/p>\n\n\n\n<p><strong>Triunf\u00f3 Juan Bosch con el 59.53% de los votos<\/strong><\/p>\n\n\n\n<p>&nbsp; Bosch y&nbsp;&nbsp;&nbsp; Gonz\u00e1lez&nbsp; Tamayo, ganaron con el 59.53 por ciento de los votos echados en las urnas, el porcentaje m\u00e1s alto que ha logrado un binomio presidencial&nbsp; en la historia electoral de la Rep\u00fablica Dominicana.<\/p>\n\n\n\n<p>&nbsp;&nbsp; La alta votaci\u00f3n no fue \u00f3bice para que los enemigos de la democracia y Juan Bosch desencadenaran un plan conspirativo para frustrar la expresi\u00f3n de la voluntad popular.<\/p>\n\n\n\n<figure class=\"wp-block-image size-large\"><img loading=\"lazy\" decoding=\"async\" width=\"1024\" height=\"768\" src=\"https:\/\/diariodominicano.com\/wp-content\/uploads\/2023\/04\/El-presidente-del-Senado-Juan-Casasnovas-Garrido-toma-el-juramento-al-profesor-Bosch-en-1963-1024x768.jpg\" alt=\"\" class=\"wp-image-428820\" srcset=\"https:\/\/diariodominicano.com\/wp-content\/uploads\/2023\/04\/El-presidente-del-Senado-Juan-Casasnovas-Garrido-toma-el-juramento-al-profesor-Bosch-en-1963-1024x768.jpg 1024w, https:\/\/diariodominicano.com\/wp-content\/uploads\/2023\/04\/El-presidente-del-Senado-Juan-Casasnovas-Garrido-toma-el-juramento-al-profesor-Bosch-en-1963-300x225.jpg 300w, https:\/\/diariodominicano.com\/wp-content\/uploads\/2023\/04\/El-presidente-del-Senado-Juan-Casasnovas-Garrido-toma-el-juramento-al-profesor-Bosch-en-1963-768x576.jpg 768w, https:\/\/diariodominicano.com\/wp-content\/uploads\/2023\/04\/El-presidente-del-Senado-Juan-Casasnovas-Garrido-toma-el-juramento-al-profesor-Bosch-en-1963-1536x1152.jpg 1536w, https:\/\/diariodominicano.com\/wp-content\/uploads\/2023\/04\/El-presidente-del-Senado-Juan-Casasnovas-Garrido-toma-el-juramento-al-profesor-Bosch-en-1963-2048x1536.jpg 2048w, https:\/\/diariodominicano.com\/wp-content\/uploads\/2023\/04\/El-presidente-del-Senado-Juan-Casasnovas-Garrido-toma-el-juramento-al-profesor-Bosch-en-1963-816x612.jpg 816w\" sizes=\"auto, (max-width: 1024px) 100vw, 1024px\" \/><\/figure>\n\n\n\n<p>\u00a0\u00a0\u00a0El presidente del Senado Juan Casasnovas Garrido toma el juramento al profesor Bosch en 1963.<\/p>\n\n\n\n<p> Lo que no lograron en las primeras elecciones democr\u00e1ticas, se propusieron alcanzarlo por la v\u00eda de la interrupci\u00f3n del naciente Gobierno democr\u00e1tico.<\/p>\n\n\n\n<figure class=\"wp-block-image size-large\"><img loading=\"lazy\" decoding=\"async\" width=\"1024\" height=\"749\" src=\"https:\/\/diariodominicano.com\/wp-content\/uploads\/2023\/04\/El-profesor-Juan-Bosch-lee-su-discurso-de-toma-de-posesion-como-Presidente-de-la-Republica-en-1963.-A-su-lado-el-presidente-del-Senado-Dr.-Juan-Casasnovas-Garrido-1-1024x749.jpg\" alt=\"\" class=\"wp-image-428832\" srcset=\"https:\/\/diariodominicano.com\/wp-content\/uploads\/2023\/04\/El-profesor-Juan-Bosch-lee-su-discurso-de-toma-de-posesion-como-Presidente-de-la-Republica-en-1963.-A-su-lado-el-presidente-del-Senado-Dr.-Juan-Casasnovas-Garrido-1-1024x749.jpg 1024w, https:\/\/diariodominicano.com\/wp-content\/uploads\/2023\/04\/El-profesor-Juan-Bosch-lee-su-discurso-de-toma-de-posesion-como-Presidente-de-la-Republica-en-1963.-A-su-lado-el-presidente-del-Senado-Dr.-Juan-Casasnovas-Garrido-1-300x220.jpg 300w, https:\/\/diariodominicano.com\/wp-content\/uploads\/2023\/04\/El-profesor-Juan-Bosch-lee-su-discurso-de-toma-de-posesion-como-Presidente-de-la-Republica-en-1963.-A-su-lado-el-presidente-del-Senado-Dr.-Juan-Casasnovas-Garrido-1-768x562.jpg 768w, https:\/\/diariodominicano.com\/wp-content\/uploads\/2023\/04\/El-profesor-Juan-Bosch-lee-su-discurso-de-toma-de-posesion-como-Presidente-de-la-Republica-en-1963.-A-su-lado-el-presidente-del-Senado-Dr.-Juan-Casasnovas-Garrido-1-1536x1124.jpg 1536w, https:\/\/diariodominicano.com\/wp-content\/uploads\/2023\/04\/El-profesor-Juan-Bosch-lee-su-discurso-de-toma-de-posesion-como-Presidente-de-la-Republica-en-1963.-A-su-lado-el-presidente-del-Senado-Dr.-Juan-Casasnovas-Garrido-1-2048x1499.jpg 2048w, https:\/\/diariodominicano.com\/wp-content\/uploads\/2023\/04\/El-profesor-Juan-Bosch-lee-su-discurso-de-toma-de-posesion-como-Presidente-de-la-Republica-en-1963.-A-su-lado-el-presidente-del-Senado-Dr.-Juan-Casasnovas-Garrido-1-816x597.jpg 816w\" sizes=\"auto, (max-width: 1024px) 100vw, 1024px\" \/><\/figure>\n\n\n\n<p><strong>\u00a0\u00a0\u00a0\u00a0\u00a0\u00a0 \u00a0\u00a0\u00a0\u00a0\u00a0\u00a0\u00a0\u00a0\u00a0\u00a0<\/strong><\/p>\n\n\n\n<p>ARCHIVO: El profesor Juan Bosch lee su discurso de toma de posesi\u00f3n\u2002Presidente-de la Republica Dominicana\u2002el 27 de\u2002febrero de 1963. A su lado el presidente del Senado Dr. Juan Casasnovas  Garrido.<\/p>\n\n\n\n<p><strong>\u00a0\u00a0\u00a0Se impusieron m\u00faltiples obst\u00e1culos<\/strong><\/p>\n\n\n\n<p>&nbsp;&nbsp;&nbsp;&nbsp; Los candidatos del PRD se impusieron a los obst\u00e1culos. En su libro <strong>\u00abCrisis de la Democracia de Am\u00e9rica en la Rep\u00fablica Dominicana\u00bb,<\/strong> el profesor Juan Bosch se\u00f1ala:<\/p>\n\n\n\n<p>&nbsp;&nbsp; \u00abA medida que avanzaba el mes de noviembre y se sent\u00eda f\u00edsicamente el crecimiento del PRD, comenzaron a aparecer los trucos que hab\u00edan sido elaborados por los c\u00edvicos a trav\u00e9s de su \u00f3rgano de Gobierno, que era el Consejo de Estado. La Junta Central Electoral dijo que no habr\u00eda votos de colores, y cuando los abogados perrede\u00edstas revisaron la Ley Electoral se hallaron con el art\u00edculo m\u00e1s curioso que jam\u00e1s hab\u00eda habido en ley alguna, un p\u00e1rrafo que dec\u00eda m\u00e1s o menos lo siguiente: &#8216;los votos ser\u00e1n de colores, un color para cada partido, pero la Junta Central Electoral puede disponer que sean todos de un mismo color&#8217;.&nbsp; Mandar algo y autorizar lo contrario en un mismo art\u00edculo, es un aut\u00e9ntico &#8216;cr\u00e9alo o no lo crea&#8217; en la historia de la legislaci\u00f3n universal\u00bb.<\/p>\n\n\n\n<p>&nbsp; Anot\u00f3 que la situaci\u00f3n hizo crisis porque el alto mando militar le advirti\u00f3 al Consejo de Estado que si no hab\u00eda elecciones, tomar\u00edan el poder el 27 de febrero de 1963, tal como lo dice la Constituci\u00f3n.<\/p>\n\n\n\n<p><strong>&nbsp;&nbsp;&nbsp; Bosch cuenta que el Presidente de la Junta Central Electoral fue llamado al Palacio Nacional y al d\u00eda siguiente se dio la noticia de que habr\u00eda votos de colores, aunque cuatro partidos tendr\u00edan el voto blanco, lo que, en opini\u00f3n del candidato presidencial del PRD, ten\u00eda el prop\u00f3sito de afectarlo.<\/strong><strong><\/strong><\/p>\n\n\n\n<p>&nbsp;&nbsp; &nbsp;Desde antes de la toma de posesi\u00f3n, los adversarios&nbsp;&nbsp; Bosch y el PRD&nbsp; comenzaron a agruparse&nbsp; hasta lograr un frente que uni\u00f3 a pol\u00edticos, empresarios, militares, terratenientes y el benepl\u00e1cito del Gobierno de Estados Unidos del presidente Kennedy.&nbsp; Bosch era acusado de comunista.<\/p>\n\n\n\n<figure class=\"wp-block-image size-large\"><img loading=\"lazy\" decoding=\"async\" width=\"939\" height=\"1024\" src=\"https:\/\/diariodominicano.com\/wp-content\/uploads\/2022\/04\/FOTO-DE-BELISARIO-PEGUERO-JUNTO-A-JUAN-BOSCH-Y-GENERAL-ANTONIO-IMBERT-BARRERA-939x1024.jpg\" alt=\"\" class=\"wp-image-346673\" srcset=\"https:\/\/diariodominicano.com\/wp-content\/uploads\/2022\/04\/FOTO-DE-BELISARIO-PEGUERO-JUNTO-A-JUAN-BOSCH-Y-GENERAL-ANTONIO-IMBERT-BARRERA-939x1024.jpg 939w, https:\/\/diariodominicano.com\/wp-content\/uploads\/2022\/04\/FOTO-DE-BELISARIO-PEGUERO-JUNTO-A-JUAN-BOSCH-Y-GENERAL-ANTONIO-IMBERT-BARRERA-275x300.jpg 275w, https:\/\/diariodominicano.com\/wp-content\/uploads\/2022\/04\/FOTO-DE-BELISARIO-PEGUERO-JUNTO-A-JUAN-BOSCH-Y-GENERAL-ANTONIO-IMBERT-BARRERA-768x838.jpg 768w, https:\/\/diariodominicano.com\/wp-content\/uploads\/2022\/04\/FOTO-DE-BELISARIO-PEGUERO-JUNTO-A-JUAN-BOSCH-Y-GENERAL-ANTONIO-IMBERT-BARRERA-816x890.jpg 816w, https:\/\/diariodominicano.com\/wp-content\/uploads\/2022\/04\/FOTO-DE-BELISARIO-PEGUERO-JUNTO-A-JUAN-BOSCH-Y-GENERAL-ANTONIO-IMBERT-BARRERA.jpg 999w\" sizes=\"auto, (max-width: 939px) 100vw, 939px\" \/><\/figure>\n\n\n\n<p>ARCHIVO: \u00a0<strong>El general Belisario Peguero ,\u2002el presidente Juan Bosch y el general Antonio Imbert Barrera.<\/strong><\/p>\n\n\n\n<p><strong>Golpistas se organizaron para derrocar el Gobierno de Bosch<\/strong><\/p>\n\n\n\n<p>&nbsp;&nbsp;&nbsp; Hombres de negocios formaron el Consejo Nacional de Hombres de Empresa, con el objetivo de contribuir a derrocar el Gobierno del profesor Bosch. Su primer presidente <strong>Jos\u00e9 Ernesto Garc\u00eda Aybar, en una entrevista que concedi\u00f3 al historiador Frank Moya Pons, cuyos detalles revela en su obra Empresarios en Conflictos, le confes\u00f3 que la organizaci\u00f3n fue creada para \u00abtumbar\u00bb el Gobierno de Juan Bosch.<\/strong><strong><\/strong><\/p>\n\n\n\n<p>&nbsp;&nbsp; &nbsp;&nbsp;El Presidente Bosch y el Vicepresidente Gonz\u00e1lez Tamayo, tomaron posesi\u00f3n el 27 de febrero de 1963.<\/p>\n\n\n\n<p>&nbsp;&nbsp;&nbsp; El acto reuni\u00f3 a personalidades del mundo democr\u00e1tico, entre los que se encontraron el Presidente de Venezuela, R\u00f3mulo Betancourt, el vicepresidente de Estados Unidos, Lindon B. Johnson y el Presidente del Estado Libre Asociado de Puerto Rico, Luis Mu\u00f1oz Mar\u00edn.<\/p>\n\n\n\n<p>&nbsp;&nbsp;&nbsp;&nbsp;&nbsp; Juan Bosch, un hombre marcado por el pensamiento hostosiano,&nbsp; en una ocasi\u00f3n dijo:<\/p>\n\n\n\n<p><strong><em>\u00abSi mi vida llegara a ser tan importante, que se justificara alg\u00fan&nbsp;&nbsp;&nbsp;&nbsp;&nbsp;&nbsp;&nbsp;&nbsp;&nbsp;&nbsp;&nbsp;&nbsp;&nbsp;&nbsp;&nbsp;&nbsp;&nbsp;&nbsp;&nbsp;&nbsp;&nbsp;&nbsp;&nbsp;&nbsp;&nbsp;&nbsp;&nbsp;&nbsp;&nbsp;&nbsp;&nbsp;&nbsp;&nbsp;&nbsp;&nbsp;&nbsp;&nbsp;&nbsp;&nbsp;&nbsp;&nbsp;&nbsp;&nbsp;&nbsp;&nbsp;&nbsp;&nbsp;&nbsp;&nbsp;&nbsp;&nbsp;&nbsp;&nbsp;&nbsp;&nbsp;&nbsp;&nbsp;&nbsp;&nbsp;&nbsp;&nbsp;&nbsp;&nbsp;&nbsp;&nbsp;&nbsp;&nbsp;&nbsp;&nbsp;&nbsp;&nbsp;&nbsp;&nbsp;<\/em><\/strong><\/p>\n\n\n\n<p><strong><em>d\u00eda escribir sobre ella, habr\u00eda que empezar diciendo:&nbsp;&nbsp;&nbsp;&nbsp;&nbsp;&nbsp;&nbsp;&nbsp;&nbsp;&nbsp;&nbsp;&nbsp;&nbsp;&nbsp;&nbsp;&nbsp;&nbsp;&nbsp;&nbsp;&nbsp;&nbsp;&nbsp;&nbsp;&nbsp;&nbsp;&nbsp;&nbsp;&nbsp;&nbsp;&nbsp;&nbsp;&nbsp;&nbsp;&nbsp;&nbsp;&nbsp;&nbsp;&nbsp;&nbsp;&nbsp;&nbsp;&nbsp;&nbsp;&nbsp;&nbsp;&nbsp;&nbsp;&nbsp;&nbsp;&nbsp;&nbsp;&nbsp;&nbsp;&nbsp;&nbsp;&nbsp;&nbsp;&nbsp;&nbsp;&nbsp;&nbsp;&nbsp;&nbsp;&nbsp;&nbsp;&nbsp;&nbsp;&nbsp;&nbsp;&nbsp;&nbsp;&nbsp;&nbsp;&nbsp;&nbsp;&nbsp;&nbsp;&nbsp;&nbsp;&nbsp;&nbsp;&nbsp;&nbsp;&nbsp;&nbsp;&nbsp;&nbsp;&nbsp;&nbsp;&nbsp;&nbsp;&nbsp;&nbsp;&nbsp;&nbsp;&nbsp;&nbsp;&nbsp;&nbsp;&nbsp;<\/em><\/strong><\/p>\n\n\n\n<p><em>Naci\u00f3 en&nbsp; La Vega, Rep\u00fablica&nbsp;&nbsp;&nbsp;&nbsp;&nbsp;&nbsp;&nbsp;&nbsp;&nbsp;&nbsp;&nbsp;&nbsp;&nbsp;&nbsp;&nbsp;&nbsp;&nbsp;&nbsp;&nbsp;&nbsp;&nbsp;&nbsp;&nbsp;&nbsp;&nbsp;&nbsp;&nbsp;&nbsp;&nbsp;&nbsp;&nbsp;&nbsp;&nbsp;&nbsp;&nbsp;&nbsp;&nbsp;&nbsp;&nbsp;&nbsp;&nbsp;&nbsp;&nbsp;&nbsp;&nbsp;&nbsp;&nbsp;&nbsp;&nbsp;&nbsp;&nbsp;&nbsp;&nbsp;&nbsp;&nbsp;&nbsp;&nbsp;&nbsp;&nbsp;&nbsp;&nbsp;&nbsp; Dominicana, el 30 de junio de 1909,&nbsp; y&nbsp;&nbsp;&nbsp;&nbsp;&nbsp;&nbsp; volvi\u00f3 a nacer en San Juan de Puerto&nbsp;&nbsp;&nbsp;&nbsp;&nbsp;&nbsp;&nbsp;&nbsp;&nbsp;&nbsp;&nbsp;&nbsp;&nbsp;&nbsp;&nbsp;&nbsp;&nbsp;&nbsp;&nbsp;&nbsp;&nbsp;&nbsp;&nbsp;&nbsp;&nbsp;&nbsp;&nbsp;&nbsp;&nbsp;&nbsp;&nbsp;&nbsp;&nbsp;&nbsp;&nbsp;&nbsp;&nbsp;&nbsp;&nbsp;&nbsp;&nbsp;&nbsp;&nbsp;&nbsp;&nbsp;&nbsp;&nbsp;&nbsp;&nbsp;&nbsp;&nbsp;&nbsp;&nbsp;&nbsp;&nbsp;&nbsp;&nbsp;&nbsp;&nbsp;&nbsp;&nbsp;&nbsp;&nbsp;&nbsp;&nbsp;&nbsp;&nbsp;&nbsp;&nbsp;&nbsp;&nbsp;&nbsp;&nbsp;&nbsp;&nbsp;&nbsp;&nbsp;&nbsp;&nbsp;&nbsp;&nbsp;&nbsp;&nbsp;&nbsp;&nbsp;&nbsp;&nbsp;&nbsp;&nbsp;&nbsp;&nbsp;&nbsp;&nbsp;&nbsp; &nbsp;&nbsp;&nbsp;&nbsp;&nbsp;&nbsp;&nbsp;&nbsp;&nbsp;&nbsp;&nbsp;&nbsp;&nbsp;&nbsp;Rico a principios de 1938, cuando la&nbsp;&nbsp;&nbsp; lectura de los originales de Eugenio&nbsp;&nbsp;&nbsp;&nbsp;&nbsp;&nbsp;&nbsp;&nbsp;&nbsp;&nbsp;&nbsp;&nbsp;&nbsp;&nbsp;&nbsp;&nbsp;&nbsp;&nbsp;&nbsp;&nbsp;&nbsp;&nbsp;&nbsp;&nbsp;&nbsp;&nbsp;&nbsp;&nbsp;&nbsp;&nbsp;&nbsp;&nbsp;&nbsp;&nbsp;&nbsp;&nbsp;&nbsp;&nbsp;&nbsp;&nbsp;&nbsp;&nbsp;&nbsp;&nbsp;&nbsp;&nbsp;&nbsp;&nbsp;&nbsp;&nbsp;&nbsp;&nbsp;&nbsp;&nbsp;&nbsp;&nbsp;&nbsp;&nbsp;&nbsp;&nbsp;&nbsp;&nbsp;&nbsp;&nbsp;&nbsp;&nbsp;&nbsp;&nbsp;&nbsp;&nbsp;&nbsp;&nbsp;&nbsp;&nbsp;&nbsp;&nbsp;&nbsp;&nbsp;&nbsp;&nbsp;&nbsp;&nbsp;&nbsp;&nbsp;&nbsp;&nbsp;&nbsp;&nbsp;&nbsp;&nbsp;&nbsp;&nbsp;&nbsp;&nbsp;&nbsp;&nbsp;&nbsp;&nbsp;&nbsp;&nbsp;&nbsp;&nbsp;&nbsp;&nbsp;&nbsp;&nbsp; Mar\u00eda de Hostos le permiti\u00f3 conocer&nbsp;&nbsp;&nbsp;&nbsp;&nbsp;&nbsp;&nbsp;&nbsp;&nbsp;&nbsp;&nbsp;&nbsp;&nbsp;&nbsp;&nbsp;&nbsp;&nbsp;&nbsp;&nbsp;&nbsp;&nbsp;&nbsp;&nbsp; &nbsp;&nbsp;&nbsp;&nbsp;&nbsp;&nbsp;&nbsp;&nbsp;&nbsp;&nbsp;&nbsp;&nbsp;&nbsp;&nbsp;&nbsp;&nbsp;&nbsp;&nbsp;&nbsp;&nbsp;&nbsp;&nbsp;&nbsp;&nbsp;&nbsp;&nbsp;&nbsp;&nbsp;&nbsp;&nbsp;&nbsp;&nbsp;&nbsp;&nbsp;&nbsp;&nbsp;qu\u00e9 fuerzas mueven, y como las&nbsp;&nbsp;&nbsp;&nbsp;&nbsp;&nbsp;&nbsp;&nbsp;&nbsp;&nbsp;&nbsp;&nbsp;&nbsp;&nbsp;&nbsp;&nbsp;&nbsp;&nbsp;&nbsp;&nbsp;&nbsp;&nbsp;&nbsp;&nbsp;&nbsp;&nbsp;&nbsp;&nbsp;&nbsp;&nbsp;&nbsp;&nbsp;&nbsp;&nbsp;&nbsp;&nbsp;&nbsp;&nbsp;&nbsp;&nbsp;&nbsp;&nbsp;&nbsp;&nbsp;&nbsp;&nbsp;&nbsp;&nbsp;&nbsp;&nbsp;&nbsp;&nbsp;&nbsp;&nbsp;&nbsp;&nbsp; mueven, el alma de un hombre&nbsp;&nbsp;&nbsp;&nbsp;&nbsp;&nbsp;&nbsp;&nbsp;&nbsp;&nbsp;&nbsp;&nbsp;&nbsp;&nbsp;&nbsp;&nbsp;&nbsp;&nbsp;&nbsp;&nbsp;&nbsp;&nbsp;&nbsp;&nbsp;&nbsp;&nbsp;&nbsp;&nbsp;&nbsp;&nbsp;&nbsp;&nbsp;&nbsp;&nbsp;&nbsp;&nbsp;&nbsp;&nbsp;&nbsp;&nbsp;&nbsp;&nbsp;&nbsp;&nbsp;&nbsp;&nbsp;&nbsp;&nbsp;&nbsp;&nbsp;&nbsp;&nbsp;&nbsp;&nbsp;&nbsp;&nbsp;&nbsp;&nbsp;&nbsp;&nbsp;&nbsp;&nbsp;&nbsp;&nbsp;&nbsp;&nbsp;&nbsp;&nbsp;&nbsp; consagrado al servicio de los dem\u00e1s\u00bb.<\/em><\/p>\n\n\n\n<p><strong><em>&nbsp;&nbsp; <\/em><\/strong>En el discurso que pronunci\u00f3 tras recibir la banda presidencial, el profesor Juan Bosch expres\u00f3 su pensamiento democr\u00e1tico y su meta de alcanzar un Estado de justicia social en la Rep\u00fablica Dominicana.<\/p>\n\n\n\n<p>&nbsp;&nbsp;&nbsp; Llam\u00f3 la atenci\u00f3n de los nuevos miembros del Congreso Nacional y les advirti\u00f3 que de ellos el pueblo dominicano espera que contribuyan a que el pa\u00eds logre un espacio en el conjunto de naciones democr\u00e1ticas avanzadas.<\/p>\n\n\n\n<p>&nbsp;&nbsp;&nbsp; En su discurso de toma de posesi\u00f3n el 27 de febrero de 1963,&nbsp; dijo que los dominicanos debemos hacer un uso inteligente de los recursos pol\u00edticos e invit\u00f3 a emular a los fundadores de la Rep\u00fablica.<\/p>\n\n\n\n<p>Contrario al plan de sus adversarios, Juan Bosch deseaba la paz pol\u00edtica en la Rep\u00fablica Dominicana.<\/p>\n\n\n\n<p><strong>&nbsp; Bosch: &nbsp;Lleg\u00f3 la hora de olvidar los odios<\/strong><strong><\/strong><\/p>\n\n\n\n<p>&nbsp;&nbsp;&nbsp; En opini\u00f3n de Juan Bosch, un gobernante democr\u00e1tico tiene que tener el o\u00eddo atento para escuchar la verdad. Cifr\u00f3 la confianza en el porvenir y consider\u00f3 que los dominicanos debemos unirnos a los que trabajan y piensan en el porvenir.<\/p>\n\n\n\n<p>El discurso del Presidente Bosch en lugar de motivar la reflexi\u00f3n de sus adversarios, permiti\u00f3 ver que continuaron su campa\u00f1a contra el Gobierno y a acusarlo de comunista.<\/p>\n\n\n\n<p>&nbsp;&nbsp;&nbsp; <strong>La acusaci\u00f3n de comunista se reforzar\u00eda cuando el Presidente Bosch se neg\u00f3 a aceptar las presiones para que deportara del pa\u00eds a un grupo de dominicanos que eran acusados de comunistas.<\/strong><strong><\/strong><\/p>\n\n\n\n<p>&nbsp;&nbsp;&nbsp; En ese momento la acusaci\u00f3n era grave porque la \u00abGuerra Fr\u00eda\u00bb estaba al rojo vivo, en raz\u00f3n de que Estados Unidos tem\u00eda que surgiera otra Cuba en el Caribe.<\/p>\n\n\n\n<p><strong>&nbsp;&nbsp;&nbsp; En \u00abCrisis de la Democracia de Am\u00e9rica en la Rep\u00fablica Dominicana<\/strong>\u00ab,&nbsp; el profesor Juan Bosch afirma: \u00abLos tutumpotes c\u00edvicos hab\u00edan perdido la batalla de los trucos legales; entonces se dedicaron con toda el alma a echar las bases pol\u00edticas del golpe de Estado que lograron dar, al fin, el 25 de septiembre de 1963\u00bb.<\/p>\n\n\n\n<p>&nbsp;&nbsp;&nbsp; De inmediato, los golpistas escogieron un triunvirato encabezado por el licenciado Emilio de los Santos, quien renunci\u00f3 en noviembre de 1963, al enterarse de que los guerrilleros liderados por el doctor Manuel Aurelio -Manolo- Tavarez Justo, fueron fusilados por miembros del Ej\u00e9rcito Nacional.<\/p>\n\n\n\n<p>&nbsp;&nbsp; Emilio de los Santos fue reemplazado por el doctor Donald Reid Cabral, quien encabez\u00f3 el Gobierno de facto hasta el 24 de abril de 1965, cuando fue derrocado por los constitucionalistas.<\/p>\n\n\n\n<p>&nbsp;&nbsp;&nbsp;&nbsp; <strong>Bosch al comentar el papel de los militares apunta:<\/strong><\/p>\n\n\n\n<p>\u00abEn noviembre de 1962, los jefes militares quer\u00edan seguridad, y la pod\u00edan obtener haci\u00e9ndose pasar por defensores de la Constituci\u00f3n; en septiembre de 1963, quer\u00edan ventajas que un Gobierno constitucional no pod\u00eda darles, y en ese caso la Constituci\u00f3n era un estorbo.<\/p>\n\n\n\n<p>&nbsp;&nbsp;&nbsp; <strong>Respecto al rol de la Iglesia, Bosch anota:<\/strong><\/p>\n\n\n\n<p>El padre Lautico Garc\u00eda admiti\u00f3 que yo no era comunista, pero los sacerdotes que hab\u00edan tomado la vanguardia en la ofensiva contra el PRD no cejaron un paso\u00bb. Siguieron sus posiciones hasta despu\u00e9s de la ca\u00edda del Gobierno.<\/p>\n\n\n\n<p>&nbsp;&nbsp;&nbsp; <strong>El golpe de Estado fue antecedido por una huelga general que organizaron los empresarios durante los d\u00edas 20 y 21 de septiembre de 1963. Y por un deterioro de las relaciones dom\u00ednico-haitianas.<\/strong><strong><\/strong><\/p>\n\n\n\n<p>&nbsp;&nbsp;&nbsp; Todo comenz\u00f3 cuando el Presidente Juan Bosch recibi\u00f3 la informaci\u00f3n de que en Rep\u00fablica Dominicana exist\u00eda un campo de entrenamiento de enemigos del dictador Francois&nbsp; Duvaliere, sin el conocimiento del Presidente dominicano, porque el Gobierno estadounidense deseaba derrocar al dictador haitiano porque pensaba&nbsp; era comunista.<\/p>\n\n\n\n<p>&nbsp;&nbsp; Bosch dijo en una entrevista el 21 de abril de 1977, que el Gobierno de John F. Kennedy pensaba que Francois Duvaliere, se hab\u00eda convertido en un comunista porque recibi\u00f3 en Puerto Pr\u00edncipe a un funcionario del Gobierno polaco.<\/p>\n\n\n\n<p>&nbsp;&nbsp; Por ello, traz\u00f3 un plan contra Duvalier, llamado Pap\u00e1 Doc, el cual ser\u00eda dirigido por un enemigo suyo el ex general Le\u00f3n Cantave, quien hab\u00eda huido de Hait\u00ed.<\/p>\n\n\n\n<p>&nbsp;&nbsp;&nbsp; No obstante, Bosch se enter\u00f3 por una informaci\u00f3n que public\u00f3 el diario El Caribe, de que Cantave visitaba el territorio nacional y que sus hombres se entrenar\u00edan en alg\u00fan lugar de Rep\u00fablica Dominicana.<\/p>\n\n\n\n<p>&nbsp;&nbsp;&nbsp; En opini\u00f3n de Bosch,&nbsp; ese hecho y la investigaci\u00f3n que orden\u00f3, llevaron al Gobierno de Estados Unidos, a apoyar el golpe de Estado contra su Gobierno el 25 de septiembre de 1963.<\/p>\n\n\n\n<p>&nbsp;&nbsp;&nbsp; Los golpistas formaron un triunvirato presidido por el licenciado Emilio de los Santos, quien renunci\u00f3 al conocer la noticia del fusilamiento del doctor Manuel Aurelio Tavarez Justo y sus compa\u00f1eros de la guerrilla del Movimiento Revolucionario 14 de junio, en noviembre de 1963.<\/p>\n\n\n\n<p>&nbsp;&nbsp; A partir de ese acontecimiento en el pa\u00eds se recrudeci\u00f3 la intolerancia pol\u00edtica y muchos dominicanos fueron perseguidos por sus ideas pol\u00edticas y otros deportados.<\/p>\n\n\n\n<p>&nbsp;&nbsp; En aquellos d\u00edas la acusaci\u00f3n contra los que no apoyaban el Gobierno de facto era&nbsp; la de agente del comunismo.<\/p>\n\n\n\n<p>&nbsp;&nbsp; El Golpe de Estado tuvo como consecuencia la guerrilla de 1963, liderada por Manolo Tavarez Justo, quien fue fusilado junto a sus compa\u00f1eros en Las Manaclas; y la Guerra de Abril de 1965, en la que murieron miles de dominicanos y provoc\u00f3 la segunda intervenci\u00f3n militar de Estados Unidos en este siglo XX contra la Rep\u00fablica Dominicana.<\/p>\n\n\n\n<p>&nbsp;&nbsp;&nbsp;&nbsp; La&nbsp; \u00abGuerra de Abril de 1965&#8243; termin\u00f3 el 3 de septiembre de&nbsp; 1965\u00bb, con la juramentaci\u00f3n del Presidente Provisional&nbsp; H\u00e9ctor Garc\u00eda-Godoy.<\/p>\n\n\n\n<p>&nbsp;&nbsp;&nbsp; De esa manera termin\u00f3 el per\u00edodo de los dos gobiernos que surgieron en Mayo de ese a\u00f1o, y tom\u00f3 posesi\u00f3n como Presidente Provisional, el doctor H\u00e9ctor Garc\u00eda-Godoy C\u00e1ceres.&nbsp;&nbsp;&nbsp;<\/p>\n\n\n\n<p>&nbsp;&nbsp;&nbsp; La selecci\u00f3n de H\u00e9ctor Garc\u00eda-Godoy C\u00e1ceres, un diplom\u00e1tico de carrera nativo de Estancia Nueva, Moca,&nbsp; fue el fruto de intensas negociaciones entre las partes en conflicto con la participaci\u00f3n de la representaci\u00f3n de Estados Unidos, ante la Organizaci\u00f3n de los Estados Americanos (OEA).<\/p>\n\n\n\n<p>&nbsp;&nbsp;&nbsp;&nbsp; Durante el per\u00edodo Mayo-Septiembre el pa\u00eds tuvo dos gobiernos: El Gobierno \u00abConstitucionalista\u00bb, presidido por el Coronel Francisco Alberto Caama\u00f1o De\u00f1\u00f3, l\u00edder de las fuerzas que luchaban por el retorno a la Constitucionalidad, la cual fue interrumpida por el golpe de Estado contra el Presidente Juan Bosch; y el \u00abGobierno de Reconstrucci\u00f3n Nacional\u00bb, presidido por el general Antonio Imbert Barreras, quien lideraba a los sectores militares y civiles que se unieron para derrocar el Gobierno constitucional.<\/p>\n\n\n\n<p>&nbsp;&nbsp;&nbsp; El \u00abGobierno Constitucionalista\u00bb luchaba por el retorno de Bosch al poder sin elecciones, ya que su Gobierno fue derrocado a los siete meses.<\/p>\n\n\n\n<p>&nbsp;&nbsp;&nbsp; En cambio,&nbsp; el r\u00e9gimen encabezado por Imbert Barreras, quien es un sobreviviente de la trama que termin\u00f3 con la vida del dictador Trujillo, se destacaba por \u201csu lucha\u201d contra el comunismo.<\/p>\n\n\n\n<p>&nbsp;&nbsp;&nbsp; En 1963 el Presidente Juan Bosch fue acusado de ser un comunista. Con ese pretexto fue derrocado el 25 de septiembre de ese a\u00f1o.<\/p>\n\n\n\n<p>&nbsp;&nbsp;&nbsp; Para dar paso al Presidente provisional H\u00e9ctor Garc\u00eda-Godoy, los presidentes Caama\u00f1o e Imbert Barreras, presentaron renuncia.<\/p>\n\n\n\n<p>&nbsp;&nbsp;&nbsp;&nbsp; Garc\u00eda-Godoy fue juramentado para que ejecutara el acuerdo convenido por las partes en conflicto, seg\u00fan el cual deb\u00eda celebrar elecciones generales el d\u00eda 1 de junio de 1966.<\/p>\n\n\n\n<p>&nbsp;&nbsp;&nbsp; En las negociaciones los constitucionalistas lograron con la OEA la redacci\u00f3n de un \u00abActo Institucional\u00bb basado en la Constituci\u00f3n de 1963 y suscribieron el&nbsp; \u00abActa de Reconciliaci\u00f3n\u00bb.<\/p>\n\n\n\n<p>&nbsp;&nbsp;&nbsp; El \u00abActa de Reconciliaci\u00f3n\u00bb dispone que los militares que combatieron en la Guerra de Abril deb\u00edan, reintegrarse a los cuarteles y sus superiores que lo desearen, podr\u00edan salir del pa\u00eds con la ayuda del Gobierno Provisional.<\/p>\n\n\n\n<p>&nbsp;&nbsp;&nbsp; A su vez, las fuerzas de ocupaci\u00f3n permanecer\u00edan en el pa\u00eds hasta la celebraci\u00f3n de las elecciones generales para escoger el pr\u00f3ximo&nbsp; Gobierno constitucional&nbsp; y su Juramentaci\u00f3n.<\/p>\n\n\n\n<p>&nbsp;&nbsp;&nbsp;&nbsp; Durante ese per\u00edodo Estados Unidos logr\u00f3 influir en la formaci\u00f3n de los militares dominicanos, lo que se reflejar\u00eda en sus actuaciones.<\/p>\n\n\n\n<p>&nbsp;&nbsp;&nbsp; El Presidente H\u00e9ctor Garc\u00eda-Godoy logr\u00f3 organizar las primeras elecciones despu\u00e9s de la Guerra de Abril. &nbsp;En la consulta Joaqu\u00edn Balaguer, candidato del Partido Reformista, fue declarado ganador de&nbsp; los comicios al candidato presidencial del Partido Revolucionario Dominicano.<\/p>\n\n\n\n<p>&nbsp;&nbsp; <strong>Balaguer y Bosch regresaron del exilio.<\/strong><strong><\/strong><\/p>\n\n\n\n<p>&nbsp;&nbsp;&nbsp; Durante la campa\u00f1a electoral Balaguer pudo celebrar sus actividades proselitistas en distintos puntos del pa\u00eds, pero Bosch s\u00f3lo&nbsp; us\u00f3 la radio, porque no pod\u00eda salir de su casa, ya que estaba amenazado por los jefes militares de la \u00e9poca, quienes daban la impresi\u00f3n de que atentar\u00edan contra la vida del ex presidente y candidato del PRD. Los perrede\u00edstas fueron reprimidos en m\u00faltiples ocasiones.<\/p>\n\n\n\n<p>&nbsp;&nbsp;&nbsp; Los comicios se celebraron el d\u00eda 1 de junio de 1966 y fue declarado ganador el binomio Joaqu\u00edn Balaguer-Francisco Augusto Lora. Luego de perder el PRD las elecciones, el profesor Juan Bosch viaj\u00f3 a Espa\u00f1a, donde vivi\u00f3 tres a\u00f1os.<\/p>\n\n\n\n<p>Con informaci\u00f3n de Notas de la Historia Dominicana de H\u00e9ctor Tineo Nolasco<\/p>\n\n\n\n<p>#Interrumpen Gobierno constitucional de Juan Bosch&nbsp;&nbsp; &nbsp;#Gonzalez Tamayo<\/p>\n\n\n\n<p>#Golpe de Estado<\/p>\n","protected":false},"excerpt":{"rendered":"<p>ARCHIVO: Juan Bosch H\u00e9ctor\u2002Tineo Nolasco Diariodominicano.com SANTO DOMINGO, el 25 de septiembre de 1963, una alianza de sectores conservadores de la sociedad dominicana con el apoyo del Gobierno de Estados Unidos del presidente Jhon F Kennedy, interrumpi\u00f3 el Gobierno Constitucional del presidente Juan Bosch. El golpe frustr\u00f3 el proyecto del primer Gobierno fruto de las [&hellip;]<\/p>\n","protected":false},"author":28,"featured_media":272274,"comment_status":"closed","ping_status":"closed","sticky":true,"template":"","format":"standard","meta":{"footnotes":""},"categories":[21,36,26,27],"tags":[],"class_list":["post-561629","post","type-post","status-publish","format-standard","has-post-thumbnail","hentry","category-cultura","category-hombresmujeresycosas","category-efemerides","category-portada"],"_links":{"self":[{"href":"https:\/\/diariodominicano.com\/index.php?rest_route=\/wp\/v2\/posts\/561629","targetHints":{"allow":["GET"]}}],"collection":[{"href":"https:\/\/diariodominicano.com\/index.php?rest_route=\/wp\/v2\/posts"}],"about":[{"href":"https:\/\/diariodominicano.com\/index.php?rest_route=\/wp\/v2\/types\/post"}],"author":[{"embeddable":true,"href":"https:\/\/diariodominicano.com\/index.php?rest_route=\/wp\/v2\/users\/28"}],"replies":[{"embeddable":true,"href":"https:\/\/diariodominicano.com\/index.php?rest_route=%2Fwp%2Fv2%2Fcomments&post=561629"}],"version-history":[{"count":6,"href":"https:\/\/diariodominicano.com\/index.php?rest_route=\/wp\/v2\/posts\/561629\/revisions"}],"predecessor-version":[{"id":561645,"href":"https:\/\/diariodominicano.com\/index.php?rest_route=\/wp\/v2\/posts\/561629\/revisions\/561645"}],"wp:featuredmedia":[{"embeddable":true,"href":"https:\/\/diariodominicano.com\/index.php?rest_route=\/wp\/v2\/media\/272274"}],"wp:attachment":[{"href":"https:\/\/diariodominicano.com\/index.php?rest_route=%2Fwp%2Fv2%2Fmedia&parent=561629"}],"wp:term":[{"taxonomy":"category","embeddable":true,"href":"https:\/\/diariodominicano.com\/index.php?rest_route=%2Fwp%2Fv2%2Fcategories&post=561629"},{"taxonomy":"post_tag","embeddable":true,"href":"https:\/\/diariodominicano.com\/index.php?rest_route=%2Fwp%2Fv2%2Ftags&post=561629"}],"curies":[{"name":"wp","href":"https:\/\/api.w.org\/{rel}","templated":true}]}}