{"id":561579,"date":"2024-09-24T23:31:47","date_gmt":"2024-09-25T03:31:47","guid":{"rendered":"https:\/\/diariodominicano.com\/?p=561579"},"modified":"2024-09-25T00:33:11","modified_gmt":"2024-09-25T04:33:11","slug":"ministerio-de-energia-y-minas-y-la-camara-minera-y-petrolera-impulsan-acciones-para-fortalecer-el-sector","status":"publish","type":"post","link":"https:\/\/diariodominicano.com\/?p=561579","title":{"rendered":"Ministerio de Energ\u00eda y Minas y la C\u00e1mara Minera  y Petrolera impulsan acciones para fortalecer el sector"},"content":{"rendered":"\n<p>El ministro de Energ\u00eda y Minas, Joel Santos y el presidente de la C\u00e1mara Minera y Petrolera de la Rep\u00fablica Dominicana (Camipe), Pedro Esteva, sostuvieron un encuentro con el fin de socializar las acciones en conjunto para fortalecer la actividad minera en el pa\u00eds.<\/p>\n\n\n\n<p>Reafirmaron&nbsp; su compromiso con el desarrollo del sector minero y acordaron mantener una colaboraci\u00f3n estrecha y activa para desarrollar pol\u00edticas p\u00fablicas que beneficien a toda la comunidad.<\/p>\n\n\n\n<p><\/p>\n\n\n\n<p>Durante la reuni\u00f3n, representantes del Ministerio y de la C\u00e1mara debatieron diversas iniciativas orientadas a fortalecer el sector minero y promover su sostenibilidad. Ambos organismos coincidieron en la importancia de mantener un di\u00e1logo abierto y continuo para identificar y abordar los desaf\u00edos que enfrenta la industria. El objetivo es asegurar que las pol\u00edticas y regulaciones sean efectivas, equitativas y beneficiosas para todos los actores involucrados.<\/p>\n\n\n\n<p>Santos expres\u00f3 el inter\u00e9s de crear una agenda de trabajo conjunta con Camipe, destacando la disposici\u00f3n de estimular la aprobaci\u00f3n de la ley minera para expandir el sector.<\/p>\n\n\n\n<p><\/p>\n\n\n\n<p>Este esp\u00edritu de colaboraci\u00f3n va en consonancia con las acciones de Camipe, resaltando siempre la importancia de trabajar juntos para construir un sector minero que no solo impulse el crecimiento econ\u00f3mico, sino que tambi\u00e9n genere bienestar general.<\/p>\n\n\n\n<figure class=\"wp-block-image size-large\"><img loading=\"lazy\" decoding=\"async\" width=\"1024\" height=\"683\" src=\"https:\/\/diariodominicano.com\/wp-content\/uploads\/2024\/09\/DIRECTIVOS-CAMIPE-1024x683.jpeg\" alt=\"\" class=\"wp-image-561584\" srcset=\"https:\/\/diariodominicano.com\/wp-content\/uploads\/2024\/09\/DIRECTIVOS-CAMIPE-1024x683.jpeg 1024w, https:\/\/diariodominicano.com\/wp-content\/uploads\/2024\/09\/DIRECTIVOS-CAMIPE-300x200.jpeg 300w, https:\/\/diariodominicano.com\/wp-content\/uploads\/2024\/09\/DIRECTIVOS-CAMIPE-768x512.jpeg 768w, https:\/\/diariodominicano.com\/wp-content\/uploads\/2024\/09\/DIRECTIVOS-CAMIPE-1536x1025.jpeg 1536w, https:\/\/diariodominicano.com\/wp-content\/uploads\/2024\/09\/DIRECTIVOS-CAMIPE-2048x1367.jpeg 2048w, https:\/\/diariodominicano.com\/wp-content\/uploads\/2024\/09\/DIRECTIVOS-CAMIPE-816x545.jpeg 816w\" sizes=\"auto, (max-width: 1024px) 100vw, 1024px\" \/><\/figure>\n\n\n\n<p>Ambas partes se comprometieron a seguir estrechando su colaboraci\u00f3n y a continuar evaluando y ajustando las pol\u00edticas p\u00fablicas para asegurar que respondan adecuadamente a las necesidades y expectativas del sector y de la sociedad en su conjunto.<\/p>\n\n\n\n<p>Camipe aprovech\u00f3 la ocasi\u00f3n para felicitar al Gobierno por las iniciativas recientes en favor de la miner\u00eda,&nbsp; entre ellas la creaci\u00f3n de Empresa Minera Dominicana, S.A. (Emidom), la cual garantizar\u00e1 no solo la diversificaci\u00f3n del sector, sino que la actividad se realice con las debidas pr\u00e1cticas de sostenibilidad ambiental y apoyo de las localidades donde se desarrollen las operaciones.<\/p>\n\n\n\n<p>\u00abCelebramos toda iniciativa p\u00fablica o privada orientada a fortalecer al sector, que es fortalecer la econom\u00eda del pa\u00eds, por lo que nos entusiasma que el Estado reconozca el potencial del sector y est\u00e9 tomando acciones para desarrollarlo\u00bb, afirm\u00f3 Pedro Esteva, presidente de Camipe.<\/p>\n\n\n\n<p>Agreg\u00f3 que, como C\u00e1mara Minera y Petrolera, est\u00e1n decididos a trabajar en conjunto para maximizar sus beneficios y garantizar un desarrollo robusto y armonioso en toda la industria.<\/p>\n\n\n\n<p>Como parte de la agenda de trabajo conjunta, estar\u00e1n impulsando programas educativos de concientizaci\u00f3n para fomentar en las comunidades la cultura de responsabilidad colectiva hacia el uso adecuado de los recursos naturales, estos incluyen la gesti\u00f3n adecuada de residuos, conservaci\u00f3n de la biodiversidad y el fomento al uso de las energ\u00edas limpias.<\/p>\n\n\n\n<p>Mart\u00edn Valerio, director ejecutivo de Camipe, destac\u00f3 que los miembros de la entidad desarrollan m\u00faltiples iniciativas orientadas a la educaci\u00f3n ciudadana para la promoci\u00f3n de buenas pr\u00e1cticas medioambientales. Adem\u00e1s, se\u00f1al\u00f3 que la entidad tiene el compromiso de garantizar que cada uno de sus miembros realice sus operaciones con los m\u00e1s altos est\u00e1ndares de calidad, para garantizar la sostenibilidad en las comunidades locales.<\/p>\n\n\n\n<p>La reuni\u00f3n entre ambas organizaciones se realiz\u00f3 en la sede del Ministerio de Energ\u00eda y Minas. Adem\u00e1s de los titulares de ambas entidades, participaron: Mart\u00edn Valerio, director ejecutivo de Camipe y Miguel D\u00edaz, viceministro de Minas.<\/p>\n\n\n\n<p><em><u>Sobre Camipe<\/u><\/em><\/p>\n\n\n\n<p>C\u00e1mara Minera-Petrolera de la Rep\u00fablica Dominicana, se cre\u00f3 el 18 de abril del a\u00f1o 1997. Es una entidad privada sin fines de lucro, amparada bajo la Ley 520 sobre asociaciones que no tengan por objeto beneficio pecuniario.<\/p>\n\n\n\n<p>Su misi\u00f3n es el desarrollo, dinamismo y crecimiento del Sector Minero-Petrolero, con fines de promover el desarrollo de la actividad minera y petrolera, promocionando a la Rep\u00fablica Dominicana como destino de inversi\u00f3n privada nacional y extranjera, mediante la transferencia y la utilizaci\u00f3n de tecnolog\u00edas adecuadas y el fomento de los recursos humanos aplicando criterios sostenibles en la protecci\u00f3n del medio ambiente<\/p>\n\n\n\n<p>CAMIPE <\/p>\n\n\n\n<p><a href=\"mailto:prensacamipe@gmail.com\" target=\"_blank\" rel=\"noreferrer noopener\">prensacamipe@gmail.com<\/a> <\/p>\n\n\n\n<p>#Energ\u00eda y Mina\u2003\u2003\u2003#Minera y Petrolera\u2003\u2003\u2002<\/p>\n\n\n\n<p>#mina <\/p>\n","protected":false},"excerpt":{"rendered":"<p>El ministro de Energ\u00eda y Minas, Joel Santos y el presidente de la C\u00e1mara Minera y Petrolera de la Rep\u00fablica Dominicana (Camipe), Pedro Esteva, sostuvieron un encuentro con el fin de socializar las acciones en conjunto para fortalecer la actividad minera en el pa\u00eds. Reafirmaron&nbsp; su compromiso con el desarrollo del sector minero y acordaron [&hellip;]<\/p>\n","protected":false},"author":28,"featured_media":561582,"comment_status":"closed","ping_status":"closed","sticky":true,"template":"","format":"standard","meta":{"footnotes":""},"categories":[18,27],"tags":[],"class_list":["post-561579","post","type-post","status-publish","format-standard","has-post-thumbnail","hentry","category-economia","category-portada"],"_links":{"self":[{"href":"https:\/\/diariodominicano.com\/index.php?rest_route=\/wp\/v2\/posts\/561579","targetHints":{"allow":["GET"]}}],"collection":[{"href":"https:\/\/diariodominicano.com\/index.php?rest_route=\/wp\/v2\/posts"}],"about":[{"href":"https:\/\/diariodominicano.com\/index.php?rest_route=\/wp\/v2\/types\/post"}],"author":[{"embeddable":true,"href":"https:\/\/diariodominicano.com\/index.php?rest_route=\/wp\/v2\/users\/28"}],"replies":[{"embeddable":true,"href":"https:\/\/diariodominicano.com\/index.php?rest_route=%2Fwp%2Fv2%2Fcomments&post=561579"}],"version-history":[{"count":4,"href":"https:\/\/diariodominicano.com\/index.php?rest_route=\/wp\/v2\/posts\/561579\/revisions"}],"predecessor-version":[{"id":561623,"href":"https:\/\/diariodominicano.com\/index.php?rest_route=\/wp\/v2\/posts\/561579\/revisions\/561623"}],"wp:featuredmedia":[{"embeddable":true,"href":"https:\/\/diariodominicano.com\/index.php?rest_route=\/wp\/v2\/media\/561582"}],"wp:attachment":[{"href":"https:\/\/diariodominicano.com\/index.php?rest_route=%2Fwp%2Fv2%2Fmedia&parent=561579"}],"wp:term":[{"taxonomy":"category","embeddable":true,"href":"https:\/\/diariodominicano.com\/index.php?rest_route=%2Fwp%2Fv2%2Fcategories&post=561579"},{"taxonomy":"post_tag","embeddable":true,"href":"https:\/\/diariodominicano.com\/index.php?rest_route=%2Fwp%2Fv2%2Ftags&post=561579"}],"curies":[{"name":"wp","href":"https:\/\/api.w.org\/{rel}","templated":true}]}}