{"id":561577,"date":"2024-09-24T23:21:22","date_gmt":"2024-09-25T03:21:22","guid":{"rendered":"https:\/\/diariodominicano.com\/?p=561577"},"modified":"2024-09-25T02:39:35","modified_gmt":"2024-09-25T06:39:35","slug":"abogado-de-angel-rondon-afirma-miriam-german-brito-deberia-ver-la-%c2%a8falencia%c2%a8-del-recurso-de-revision-constitucional","status":"publish","type":"post","link":"https:\/\/diariodominicano.com\/?p=561577","title":{"rendered":"Abogado de \u00c1ngel Rond\u00f3n afirma Miriam Germ\u00e1n Brito deber\u00eda ver la \u00a8falencia\u00a8 del recurso de revisi\u00f3n constitucional"},"content":{"rendered":"\n<p><strong>Santo Domingo, RD. \u2013<\/strong>&nbsp;El abogado Jos\u00e9 Miguel Miniel, representante del empresario \u00c1ngel Rond\u00f3n, afirm\u00f3 que la procuradora general de la Rep\u00fablica, Miriam Germ\u00e1n Brito, deber\u00eda ver la \u00a8falencia\u00a8 del recurso de revisi\u00f3n ante el Tribunal Constitucional en contra de la sentencia que dispuso la absoluci\u00f3n del caso Odebrecht.<\/p>\n\n\n\n<p>\u00a8Deber\u00eda desistir del mismo porque es una verg\u00fcenza para el Ministerio P\u00fablico poner en entredicho todo un sistema cuando le declaren inadmisible\u00a8, expres\u00f3 Miniel, tras asegurar, que ese \u00f3rgano tiene \u00a8bocinas\u00a8 que defienden toda actuaci\u00f3n arbitraria e ilegal.<\/p>\n\n\n\n<p>El abogado destac\u00f3 que en el 2017 Rond\u00f3n dijo a la prensa que todo el dinero que hab\u00eda recibido de Odebrecht hab\u00eda sido del pago de honorarios de su comisi\u00f3n de los contratos de representaci\u00f3n, que eso se demostr\u00f3 ante el juez de la instrucci\u00f3n en la etapa intermedia y que orden\u00f3 auto de apertura a juicio.<\/p>\n\n\n\n<p>Precis\u00f3 que se demostr\u00f3 con los testigos a cargo del Ministerio P\u00fablico que Rond\u00f3n no recibi\u00f3 dinero para sobornar a ning\u00fan funcionario y que el Tribunal de Primera Instancia del Distrito Nacional descarg\u00f3 a los imputados que estaban acusados de recibir soborno y conden\u00f3 a su defendido por soborno, sin existir el elemento material.<\/p>\n\n\n\n<p>Entrevistado en el programa Toque Final con Julio Mart\u00ednez Pozo que se transmite por Antena 7, el jurista calific\u00f3 de \u00a8irresponsable\u00a8 al Ministerio P\u00fablico y a los que defienden dicho recurso de revisi\u00f3n constitucional, porque en esas 53 p\u00e1ginas el nombre de Rond\u00f3n s\u00f3lo aparece en la primera y en la 13, por lo cual entiende, que el mismo es contra V\u00edctor D\u00edaz R\u00faa.<\/p>\n\n\n\n<p>Dijo que tal expediente lo hicieron en base a enriquecimiento il\u00edcito y que Rond\u00f3n no es funcionario, razones que explican que no hay argumento, ni forma de desarrollar un recurso de revisi\u00f3n constitucional.<\/p>\n\n\n\n<p>\u00a8Si existiera objetividad y seriedad en el Ministerio P\u00fablico, si ellos se respetaran, respetaran a la sociedad y a la norma, desistieran de ese recurso\u00a8, manifest\u00f3 el abogado.<\/p>\n\n\n\n<p>Record\u00f3 que no se respet\u00f3 la etapa preparatoria ordenando el archivo de ese expediente porque no hab\u00eda pruebas como se demostr\u00f3 en todo el proceso, con todos los testigos y con los brasile\u00f1os que viajaron a la Rep\u00fablica Dominicana.<\/p>\n\n\n\n<p>Indic\u00f3, adem\u00e1s, que como Jean Alain Rodr\u00edguez, exprocurador general de la Rep\u00fablica,&nbsp; no es el que dirige la Procuradur\u00eda se va a decir ahora que la actual procuradora, Mirian German Brito, fue quien orden\u00f3 que hicieran ese \u00a8adefesio\u00a8 de recurso de revisi\u00f3n constitucional o los que gobiernan el Palacio Nacional.<\/p>\n\n\n\n<p>Precis\u00f3 que el recurso debe ser analizado, saber si es admisible o si es relevante y que quien fall\u00f3 fue el juez de la instrucci\u00f3n, Ortega Polanco, cuando orden\u00f3 apertura a juicio ocult\u00e1ndose toda la prueba, violando el debido proceso y el derecho de defensa, porque a juicio de Miniel, esa condena en primer grado no ten\u00eda base jur\u00eddica porque no hab\u00eda pruebas.<\/p>\n\n\n\n<p>Dijo que es necesario hacer una aclaraci\u00f3n para que la sociedad entienda que la Ley 137-11, ley Org\u00e1nica del Tribunal Constitucional, establece unos requisitos para cualquier persona que quiera acceder ante el TC con un recurso de revisi\u00f3n debe reunir los requisitos de relevancia constitucional, luego, si se desarrolla como manda la propia ley, los reglamentos y las decisiones jurisprudenciales que dicta, entonces, lo declaran inadmisible.<\/p>\n\n\n\n<p>\u00a8Ese recurso bajo ning\u00fan concepto lo van a declarar admisible\u00a8, reiter\u00f3 el abogado.<\/p>\n\n\n\n<p><strong>Prog. Toque Final<\/strong> <\/p>\n\n\n\n<p><strong>Julio Mart\u00ednez Pozo<\/strong> <\/p>\n\n\n\n<p><strong>Antena 7<\/strong> <\/p>\n","protected":false},"excerpt":{"rendered":"<p>Santo Domingo, RD. \u2013&nbsp;El abogado Jos\u00e9 Miguel Miniel, representante del empresario \u00c1ngel Rond\u00f3n, afirm\u00f3 que la procuradora general de la Rep\u00fablica, Miriam Germ\u00e1n Brito, deber\u00eda ver la \u00a8falencia\u00a8 del recurso de revisi\u00f3n ante el Tribunal Constitucional en contra de la sentencia que dispuso la absoluci\u00f3n del caso Odebrecht. \u00a8Deber\u00eda desistir del mismo porque es una [&hellip;]<\/p>\n","protected":false},"author":28,"featured_media":527727,"comment_status":"closed","ping_status":"closed","sticky":true,"template":"","format":"standard","meta":{"footnotes":""},"categories":[24],"tags":[],"class_list":["post-561577","post","type-post","status-publish","format-standard","has-post-thumbnail","hentry","category-justicia-y-derecho"],"_links":{"self":[{"href":"https:\/\/diariodominicano.com\/index.php?rest_route=\/wp\/v2\/posts\/561577","targetHints":{"allow":["GET"]}}],"collection":[{"href":"https:\/\/diariodominicano.com\/index.php?rest_route=\/wp\/v2\/posts"}],"about":[{"href":"https:\/\/diariodominicano.com\/index.php?rest_route=\/wp\/v2\/types\/post"}],"author":[{"embeddable":true,"href":"https:\/\/diariodominicano.com\/index.php?rest_route=\/wp\/v2\/users\/28"}],"replies":[{"embeddable":true,"href":"https:\/\/diariodominicano.com\/index.php?rest_route=%2Fwp%2Fv2%2Fcomments&post=561577"}],"version-history":[{"count":2,"href":"https:\/\/diariodominicano.com\/index.php?rest_route=\/wp\/v2\/posts\/561577\/revisions"}],"predecessor-version":[{"id":561673,"href":"https:\/\/diariodominicano.com\/index.php?rest_route=\/wp\/v2\/posts\/561577\/revisions\/561673"}],"wp:featuredmedia":[{"embeddable":true,"href":"https:\/\/diariodominicano.com\/index.php?rest_route=\/wp\/v2\/media\/527727"}],"wp:attachment":[{"href":"https:\/\/diariodominicano.com\/index.php?rest_route=%2Fwp%2Fv2%2Fmedia&parent=561577"}],"wp:term":[{"taxonomy":"category","embeddable":true,"href":"https:\/\/diariodominicano.com\/index.php?rest_route=%2Fwp%2Fv2%2Fcategories&post=561577"},{"taxonomy":"post_tag","embeddable":true,"href":"https:\/\/diariodominicano.com\/index.php?rest_route=%2Fwp%2Fv2%2Ftags&post=561577"}],"curies":[{"name":"wp","href":"https:\/\/api.w.org\/{rel}","templated":true}]}}