{"id":561395,"date":"2024-09-24T11:57:01","date_gmt":"2024-09-24T15:57:01","guid":{"rendered":"https:\/\/diariodominicano.com\/?p=561395"},"modified":"2024-09-24T12:18:26","modified_gmt":"2024-09-24T16:18:26","slug":"24-de-setiembre-de-1970-asesinaron-al-lider-del-mpd-amin-abel-hasbum","status":"publish","type":"post","link":"https:\/\/diariodominicano.com\/?p=561395","title":{"rendered":"24 de septiembre de 1970: Asesinaron al l\u00edder del MPD Am\u00edn Abel Hasbum"},"content":{"rendered":"\n<p>SANTO DOMINGO,&nbsp; el&nbsp; 24 de septiembre de 1970, fue asesinado el l\u00edder del Movimiento Popular Dominicano (MPD) Am\u00edn Abel Hasbum.<\/p>\n\n\n\n<p>&nbsp;&nbsp;&nbsp; Am\u00edn Abel Hasbum, naci\u00f3 en ciudad Santo Domingo el 12 de octubre 1941.<\/p>\n\n\n\n<p>Am\u00edn fue asesinado por un agente de la Polic\u00eda Nacional en la escalera de su residencia en la calle Francisco Henr\u00edquez y Carvajal n\u00famero 283, cuando era conducido detenido por agentes policiales que allanaron la vivienda.<\/p>\n\n\n\n<figure class=\"wp-block-image size-large\"><img loading=\"lazy\" decoding=\"async\" width=\"1024\" height=\"526\" src=\"https:\/\/diariodominicano.com\/wp-content\/uploads\/2023\/09\/Amin-Abel-Hasbun-1024x526.jpg\" alt=\"\" class=\"wp-image-474508\" srcset=\"https:\/\/diariodominicano.com\/wp-content\/uploads\/2023\/09\/Amin-Abel-Hasbun-1024x526.jpg 1024w, https:\/\/diariodominicano.com\/wp-content\/uploads\/2023\/09\/Amin-Abel-Hasbun-300x154.jpg 300w, https:\/\/diariodominicano.com\/wp-content\/uploads\/2023\/09\/Amin-Abel-Hasbun-768x394.jpg 768w, https:\/\/diariodominicano.com\/wp-content\/uploads\/2023\/09\/Amin-Abel-Hasbun-1536x789.jpg 1536w, https:\/\/diariodominicano.com\/wp-content\/uploads\/2023\/09\/Amin-Abel-Hasbun-2048x1052.jpg 2048w, https:\/\/diariodominicano.com\/wp-content\/uploads\/2023\/09\/Amin-Abel-Hasbun-816x419.jpg 816w\" sizes=\"auto, (max-width: 1024px) 100vw, 1024px\" \/><\/figure>\n\n\n\n<p>&nbsp;&nbsp; La esposa de Am\u00edn Abel Hasbum, Mirna Santos, dijo que su c\u00f3nyuge fue asesinado por el cabo de la Polic\u00eda Luis Herm\u00f3genes L\u00f3pez Acosta. Cuando el agente le dispar\u00f3, el ayudante del Fiscal del Distrito Nacional, doctor Tucidides Mart\u00ednez Howley, se encontraba fuera, lo que provoc\u00f3 un movimiento de protesta porque no le garantiz\u00f3 el respeto a la integridad f\u00edsica del detenido.<\/p>\n\n\n\n<figure class=\"wp-block-image size-large\"><img loading=\"lazy\" decoding=\"async\" width=\"576\" height=\"1024\" src=\"https:\/\/diariodominicano.com\/wp-content\/uploads\/2022\/09\/Mirna-Santos-viuda-Amin-Abel-Hijo.-576x1024.jpg\" alt=\"\" class=\"wp-image-385198\" srcset=\"https:\/\/diariodominicano.com\/wp-content\/uploads\/2022\/09\/Mirna-Santos-viuda-Amin-Abel-Hijo.-576x1024.jpg 576w, https:\/\/diariodominicano.com\/wp-content\/uploads\/2022\/09\/Mirna-Santos-viuda-Amin-Abel-Hijo.-169x300.jpg 169w, https:\/\/diariodominicano.com\/wp-content\/uploads\/2022\/09\/Mirna-Santos-viuda-Amin-Abel-Hijo.-768x1365.jpg 768w, https:\/\/diariodominicano.com\/wp-content\/uploads\/2022\/09\/Mirna-Santos-viuda-Amin-Abel-Hijo.-864x1536.jpg 864w, https:\/\/diariodominicano.com\/wp-content\/uploads\/2022\/09\/Mirna-Santos-viuda-Amin-Abel-Hijo.-816x1451.jpg 816w, https:\/\/diariodominicano.com\/wp-content\/uploads\/2022\/09\/Mirna-Santos-viuda-Amin-Abel-Hijo..jpg 1080w\" sizes=\"auto, (max-width: 576px) 100vw, 576px\" \/><\/figure>\n\n\n\n<p>&nbsp;&nbsp;<strong>&nbsp;&nbsp;Archivo: Mirna Santos<\/strong> <\/p>\n\n\n\n<p> La familia y varios periodistas expresaron el criterio de que la patrulla de la Polic\u00eda cometi\u00f3 el crimen porque el funcionario del Ministerio P\u00fablico&nbsp; dej\u00f3 solo al detenido.<\/p>\n\n\n\n<p>&nbsp;&nbsp;&nbsp; Am\u00edn Abel Hasbum de joven se destac\u00f3 por su lucha en el movimiento estudiantil y la izquierda. Por sus actividades pol\u00edticas era objeto de persecuci\u00f3n de parte de agentes de los organismos de seguridad del Gobierno del Presidente Joaqu\u00edn Balaguer.<\/p>\n\n\n\n<p>&nbsp;&nbsp;&nbsp;&nbsp; Lo acusaban de promover el comunismo y participar en actividades terroristas.<\/p>\n\n\n\n<p>&nbsp;&nbsp;&nbsp;&nbsp;&nbsp; En 1964, fue electo secretario general de la Federaci\u00f3n de Estudiantes Dominicanos (FED) y se gradu\u00f3 en la Universidad de Santo Domingo (UASD) Magna Cum Laude de ingenier\u00eda civil.<\/p>\n\n\n\n<p>&nbsp;&nbsp;&nbsp; En marzo de 1970, Am\u00edn Abel Hasbum&nbsp; fue acusado junto a varios miembros del MPD, incluidos Rafael \u2013Fafa- Taveras y&nbsp; Otto Morales, de participar en secuestro del agregado militar de Estados Unidos, Coronel Donald Jersey Crowly.<\/p>\n\n\n\n<p>Con informaci\u00f3n de Notas de la Historia Dominicana de H\u00e9ctor Tineo Nolasco<\/p>\n\n\n\n<p>#Amin Abel Hasbum\u2003\u2003\u2003 #Mirna Santos\u2003\u2003\u2002#24  setiembre de 1970<\/p>\n","protected":false},"excerpt":{"rendered":"<p>SANTO DOMINGO,&nbsp; el&nbsp; 24 de septiembre de 1970, fue asesinado el l\u00edder del Movimiento Popular Dominicano (MPD) Am\u00edn Abel Hasbum. &nbsp;&nbsp;&nbsp; Am\u00edn Abel Hasbum, naci\u00f3 en ciudad Santo Domingo el 12 de octubre 1941. Am\u00edn fue asesinado por un agente de la Polic\u00eda Nacional en la escalera de su residencia en la calle Francisco Henr\u00edquez [&hellip;]<\/p>\n","protected":false},"author":28,"featured_media":474437,"comment_status":"closed","ping_status":"closed","sticky":true,"template":"","format":"standard","meta":{"footnotes":""},"categories":[21,36,26,27],"tags":[],"class_list":["post-561395","post","type-post","status-publish","format-standard","has-post-thumbnail","hentry","category-cultura","category-hombresmujeresycosas","category-efemerides","category-portada"],"_links":{"self":[{"href":"https:\/\/diariodominicano.com\/index.php?rest_route=\/wp\/v2\/posts\/561395","targetHints":{"allow":["GET"]}}],"collection":[{"href":"https:\/\/diariodominicano.com\/index.php?rest_route=\/wp\/v2\/posts"}],"about":[{"href":"https:\/\/diariodominicano.com\/index.php?rest_route=\/wp\/v2\/types\/post"}],"author":[{"embeddable":true,"href":"https:\/\/diariodominicano.com\/index.php?rest_route=\/wp\/v2\/users\/28"}],"replies":[{"embeddable":true,"href":"https:\/\/diariodominicano.com\/index.php?rest_route=%2Fwp%2Fv2%2Fcomments&post=561395"}],"version-history":[{"count":5,"href":"https:\/\/diariodominicano.com\/index.php?rest_route=\/wp\/v2\/posts\/561395\/revisions"}],"predecessor-version":[{"id":561408,"href":"https:\/\/diariodominicano.com\/index.php?rest_route=\/wp\/v2\/posts\/561395\/revisions\/561408"}],"wp:featuredmedia":[{"embeddable":true,"href":"https:\/\/diariodominicano.com\/index.php?rest_route=\/wp\/v2\/media\/474437"}],"wp:attachment":[{"href":"https:\/\/diariodominicano.com\/index.php?rest_route=%2Fwp%2Fv2%2Fmedia&parent=561395"}],"wp:term":[{"taxonomy":"category","embeddable":true,"href":"https:\/\/diariodominicano.com\/index.php?rest_route=%2Fwp%2Fv2%2Fcategories&post=561395"},{"taxonomy":"post_tag","embeddable":true,"href":"https:\/\/diariodominicano.com\/index.php?rest_route=%2Fwp%2Fv2%2Ftags&post=561395"}],"curies":[{"name":"wp","href":"https:\/\/api.w.org\/{rel}","templated":true}]}}