{"id":561389,"date":"2024-09-24T11:32:06","date_gmt":"2024-09-24T15:32:06","guid":{"rendered":"https:\/\/diariodominicano.com\/?p=561389"},"modified":"2024-09-24T17:40:48","modified_gmt":"2024-09-24T21:40:48","slug":"la-banca-multiple-invirtio-rd3568-millones-en-iniciativas-de-responsabilidad-social-corporativa-durante-2023","status":"publish","type":"post","link":"https:\/\/diariodominicano.com\/?p=561389","title":{"rendered":"La banca m\u00faltiple invirti\u00f3 RD$3,568 millones en iniciativas de responsabilidad social corporativa durante 2023: ABA"},"content":{"rendered":"\n<p>La Asociaci\u00f3n de Bancos detall\u00f3 que unas 286,000 personas fueron impactadas positivamente y 7,860 colaboradores bancarios se sumaron voluntariamente a estas actividades durante el per\u00edodo.<\/p>\n\n\n\n<p><strong>Santo Domingo, Rep. Dom. \u2013<\/strong>&nbsp;La banca m\u00faltiple invirti\u00f3 un total de&nbsp;<strong>RD$3,568 millones de pesos<\/strong>en programas de responsabilidad social corporativa (RSC) desarrollados durante el a\u00f1o 2023, en procura de aportar al desarrollo integral del pa\u00eds, a la inclusi\u00f3n financiera y a la soluci\u00f3n de diversas problem\u00e1ticas sociales y econ\u00f3micas, inform\u00f3 la Asociaci\u00f3n de Bancos M\u00faltiples de la Rep\u00fablica Dominicana (ABA).<\/p>\n\n\n\n<figure class=\"wp-block-gallery has-nested-images columns-default is-cropped wp-block-gallery-1 is-layout-flex wp-block-gallery-is-layout-flex\">\n<figure class=\"wp-block-image size-large\"><img loading=\"lazy\" decoding=\"async\" width=\"1024\" height=\"610\" data-id=\"561391\" src=\"https:\/\/diariodominicano.com\/wp-content\/uploads\/2024\/09\/Formacion-para-la-inclusion-financiera-1024x610.jpeg\" alt=\"\" class=\"wp-image-561391\" srcset=\"https:\/\/diariodominicano.com\/wp-content\/uploads\/2024\/09\/Formacion-para-la-inclusion-financiera-1024x610.jpeg 1024w, https:\/\/diariodominicano.com\/wp-content\/uploads\/2024\/09\/Formacion-para-la-inclusion-financiera-300x179.jpeg 300w, https:\/\/diariodominicano.com\/wp-content\/uploads\/2024\/09\/Formacion-para-la-inclusion-financiera-768x457.jpeg 768w, https:\/\/diariodominicano.com\/wp-content\/uploads\/2024\/09\/Formacion-para-la-inclusion-financiera-1536x915.jpeg 1536w, https:\/\/diariodominicano.com\/wp-content\/uploads\/2024\/09\/Formacion-para-la-inclusion-financiera-816x486.jpeg 816w, https:\/\/diariodominicano.com\/wp-content\/uploads\/2024\/09\/Formacion-para-la-inclusion-financiera.jpeg 1600w\" sizes=\"auto, (max-width: 1024px) 100vw, 1024px\" \/><\/figure>\n<\/figure>\n\n\n\n<p>Formaci\u00f3n para la inclusi\u00f3n financiera.<\/p>\n\n\n\n<p>La ABA detall\u00f3 que estos fondos sustentaron iniciativas concebidas a largo, mediano y corto plazo, bajo la coordinaci\u00f3n de las \u00e1reas de RSC y fundaciones de los bancos m\u00faltiples, que incluyeron programas espec\u00edficos en materia cultural, medioambiental, de salud, educaci\u00f3n, deportes, inclusi\u00f3n financiera, emprendimiento, equidad de g\u00e9nero y otras \u00e1reas.<\/p>\n\n\n\n<p>Mediante una encuesta realizada entre las entidades que conforman el gremio bancario, se identificaron\u00a0<strong>196 grandes iniciativas<\/strong>, de las que se desprendieron m\u00faltiples acciones particulares desarrolladas en el territorio nacional, explic\u00f3 la ABA. Puntualiz\u00f3 que entre estas estuvieron incluidas acciones adicionales de respuesta inmediata, como las destinadas a socorrer a las familias afectadas por la explosi\u00f3n del 14 agosto de 2023, en el municipio cabecera de San Crist\u00f3bal.<\/p>\n\n\n\n<figure class=\"wp-block-gallery has-nested-images columns-default is-cropped wp-block-gallery-2 is-layout-flex wp-block-gallery-is-layout-flex\">\n<figure class=\"wp-block-image\"><img loading=\"lazy\" decoding=\"async\" width=\"1277\" height=\"731\" data-id=\"561456\" src=\"https:\/\/diariodominicano.com\/wp-content\/uploads\/2024\/09\/Asistencia-social-en-sectores-vulnerables.png\" alt=\"\" class=\"wp-image-561456\" srcset=\"https:\/\/diariodominicano.com\/wp-content\/uploads\/2024\/09\/Asistencia-social-en-sectores-vulnerables.png 1277w, https:\/\/diariodominicano.com\/wp-content\/uploads\/2024\/09\/Asistencia-social-en-sectores-vulnerables-300x172.png 300w, https:\/\/diariodominicano.com\/wp-content\/uploads\/2024\/09\/Asistencia-social-en-sectores-vulnerables-1024x586.png 1024w, https:\/\/diariodominicano.com\/wp-content\/uploads\/2024\/09\/Asistencia-social-en-sectores-vulnerables-768x440.png 768w, https:\/\/diariodominicano.com\/wp-content\/uploads\/2024\/09\/Asistencia-social-en-sectores-vulnerables-816x467.png 816w\" sizes=\"auto, (max-width: 1277px) 100vw, 1277px\" \/><\/figure>\n<\/figure>\n\n\n\n<p>La Asociaci\u00f3n de Bancos expuso que unas 286,000 personas fueron impactadas positivamente con estos proyectos realizados por las entidades bancarias en todo el pa\u00eds y 7,860 colaboradores se sumaron voluntariamente a estas actividades, para un total de\u00a0<strong>293,860 personas abarcadas en estas iniciativas<\/strong>\u00a0durante el pasado a\u00f1o. <\/p>\n\n\n\n<figure class=\"wp-block-gallery has-nested-images columns-default is-cropped wp-block-gallery-3 is-layout-flex wp-block-gallery-is-layout-flex\">\n<figure class=\"wp-block-image\"><img loading=\"lazy\" decoding=\"async\" width=\"1319\" height=\"713\" data-id=\"561458\" src=\"https:\/\/diariodominicano.com\/wp-content\/uploads\/2024\/09\/El-medio-ambiente-es-una-de-las-aereas-prioritarias.png\" alt=\"\" class=\"wp-image-561458\" srcset=\"https:\/\/diariodominicano.com\/wp-content\/uploads\/2024\/09\/El-medio-ambiente-es-una-de-las-aereas-prioritarias.png 1319w, https:\/\/diariodominicano.com\/wp-content\/uploads\/2024\/09\/El-medio-ambiente-es-una-de-las-aereas-prioritarias-300x162.png 300w, https:\/\/diariodominicano.com\/wp-content\/uploads\/2024\/09\/El-medio-ambiente-es-una-de-las-aereas-prioritarias-1024x554.png 1024w, https:\/\/diariodominicano.com\/wp-content\/uploads\/2024\/09\/El-medio-ambiente-es-una-de-las-aereas-prioritarias-768x415.png 768w, https:\/\/diariodominicano.com\/wp-content\/uploads\/2024\/09\/El-medio-ambiente-es-una-de-las-aereas-prioritarias-816x441.png 816w\" sizes=\"auto, (max-width: 1319px) 100vw, 1319px\" \/><\/figure>\n<\/figure>\n\n\n\n<p>El documento expres\u00f3 que el accionar voluntario de la banca m\u00faltiple est\u00e1 amparado y guiado por est\u00e1ndares internacionalmente establecidos, as\u00ed como el compromiso del sector con la Estrategia Nacional del Desarrollo, con la finalidad de aportar al desarrollo social y econ\u00f3mico, de forma sostenible, y a la mitigaci\u00f3n del impacto de la actividad empresarial en la sociedad.\u00a0<\/p>\n\n\n\n<figure class=\"wp-block-gallery has-nested-images columns-default is-cropped wp-block-gallery-4 is-layout-flex wp-block-gallery-is-layout-flex\">\n<figure class=\"wp-block-image\"><img loading=\"lazy\" decoding=\"async\" width=\"1081\" height=\"1351\" data-id=\"561460\" src=\"https:\/\/diariodominicano.com\/wp-content\/uploads\/2024\/09\/infografia-RSC.jpeg\" alt=\"\" class=\"wp-image-561460\" srcset=\"https:\/\/diariodominicano.com\/wp-content\/uploads\/2024\/09\/infografia-RSC.jpeg 1081w, https:\/\/diariodominicano.com\/wp-content\/uploads\/2024\/09\/infografia-RSC-240x300.jpeg 240w, https:\/\/diariodominicano.com\/wp-content\/uploads\/2024\/09\/infografia-RSC-819x1024.jpeg 819w, https:\/\/diariodominicano.com\/wp-content\/uploads\/2024\/09\/infografia-RSC-768x960.jpeg 768w, https:\/\/diariodominicano.com\/wp-content\/uploads\/2024\/09\/infografia-RSC-816x1020.jpeg 816w\" sizes=\"auto, (max-width: 1081px) 100vw, 1081px\" \/><\/figure>\n<\/figure>\n\n\n\n<p>\u201cAl invertir en las comunidades donde hacemos negocios, podemos ayudar a respaldar avances escalables en inclusi\u00f3n financiera, empleo, desarrollo de peque\u00f1as empresas, soluciones comunitarias y respuesta a crisis\u201d, indic\u00f3 la ABA en su informe sobre responsabilidad social corporativa rese\u00f1ado en un documento de prensa.<\/p>\n\n\n\n<p>De su lado, las empresas que ejecutan estas acciones tambi\u00e9n son beneficiadas con mejor valoraci\u00f3n y reputaci\u00f3n de marca, con el fortalecimiento de capacidades internas, en el afianzamiento de alianzas solidarias y con mayor confianza de los clientes, se\u00f1al\u00f3 la ABA.<\/p>\n\n\n\n<p>Acorde a lo descrito por las entidades participantes en la consulta de la ABA, el campo de acci\u00f3n de la responsabilidad social corporativa \u201ces muy amplio e incide, de manera transversal, en diversas \u00e1reas del quehacer financiero, con un impacto significativo en su entorno y con el potencial de fungir como motor de cambio, de cara un futuro social y econ\u00f3mico, m\u00e1s sostenible, justo y equitativo\u201d en la Rep\u00fablica Dominicana.<\/p>\n\n\n\n<p>ASOCIACI\u00d3N DE BANCOS, ABA\u2002<a href=\"mailto:asociaciondebancosrd@gmail.com\" target=\"_blank\" rel=\"noreferrer noopener\">asociaciondebancosrd@gmail.com<\/a> <\/p>\n\n\n\n<p><strong>Direcci\u00f3n de Comunicaci\u00f3n y Marketing <\/strong><\/p>\n","protected":false},"excerpt":{"rendered":"<p>La Asociaci\u00f3n de Bancos detall\u00f3 que unas 286,000 personas fueron impactadas positivamente y 7,860 colaboradores bancarios se sumaron voluntariamente a estas actividades durante el per\u00edodo. Santo Domingo, Rep. Dom. \u2013&nbsp;La banca m\u00faltiple invirti\u00f3 un total de&nbsp;RD$3,568 millones de pesosen programas de responsabilidad social corporativa (RSC) desarrollados durante el a\u00f1o 2023, en procura de aportar al [&hellip;]<\/p>\n","protected":false},"author":28,"featured_media":561474,"comment_status":"closed","ping_status":"closed","sticky":true,"template":"","format":"standard","meta":{"footnotes":""},"categories":[18,27],"tags":[],"class_list":["post-561389","post","type-post","status-publish","format-standard","has-post-thumbnail","hentry","category-economia","category-portada"],"_links":{"self":[{"href":"https:\/\/diariodominicano.com\/index.php?rest_route=\/wp\/v2\/posts\/561389","targetHints":{"allow":["GET"]}}],"collection":[{"href":"https:\/\/diariodominicano.com\/index.php?rest_route=\/wp\/v2\/posts"}],"about":[{"href":"https:\/\/diariodominicano.com\/index.php?rest_route=\/wp\/v2\/types\/post"}],"author":[{"embeddable":true,"href":"https:\/\/diariodominicano.com\/index.php?rest_route=\/wp\/v2\/users\/28"}],"replies":[{"embeddable":true,"href":"https:\/\/diariodominicano.com\/index.php?rest_route=%2Fwp%2Fv2%2Fcomments&post=561389"}],"version-history":[{"count":3,"href":"https:\/\/diariodominicano.com\/index.php?rest_route=\/wp\/v2\/posts\/561389\/revisions"}],"predecessor-version":[{"id":561475,"href":"https:\/\/diariodominicano.com\/index.php?rest_route=\/wp\/v2\/posts\/561389\/revisions\/561475"}],"wp:featuredmedia":[{"embeddable":true,"href":"https:\/\/diariodominicano.com\/index.php?rest_route=\/wp\/v2\/media\/561474"}],"wp:attachment":[{"href":"https:\/\/diariodominicano.com\/index.php?rest_route=%2Fwp%2Fv2%2Fmedia&parent=561389"}],"wp:term":[{"taxonomy":"category","embeddable":true,"href":"https:\/\/diariodominicano.com\/index.php?rest_route=%2Fwp%2Fv2%2Fcategories&post=561389"},{"taxonomy":"post_tag","embeddable":true,"href":"https:\/\/diariodominicano.com\/index.php?rest_route=%2Fwp%2Fv2%2Ftags&post=561389"}],"curies":[{"name":"wp","href":"https:\/\/api.w.org\/{rel}","templated":true}]}}