{"id":561338,"date":"2024-09-24T15:18:12","date_gmt":"2024-09-24T19:18:12","guid":{"rendered":"https:\/\/diariodominicano.com\/?p=561338"},"modified":"2024-09-24T17:23:17","modified_gmt":"2024-09-24T21:23:17","slug":"celebracion-del-mundial-de-futbol-femenino-sub-17-en-rd-impulso-al-futbol-femenino","status":"publish","type":"post","link":"https:\/\/diariodominicano.com\/?p=561338","title":{"rendered":"Celebraci\u00f3n del Mundial de F\u00fatbol\u00a0Femenino Sub-17\u00a0en RD: Impulso al F\u00fatbol Femenino"},"content":{"rendered":"\n<p> En el marco de la celebraci\u00f3n del Mundial de F\u00fatbol Femenino Sub-17 de la FIFA, que se llevar\u00e1 a cabo del 16 de octubre al 3 de noviembre en Santiago y Santo Domingo, la Federaci\u00f3n Internacional de F\u00fatbol Asociado (FIFA) y Federaci\u00f3n Dominicana de F\u00fatbol (FEDOFUTBOL) est\u00e1n implementando un programa de \u00abDesarrollo del F\u00fatbol Femenino\u00bb.<\/p>\n\n\n\n<p>Este programa, que comenz\u00f3 el 14 de septiembre y concluir\u00e1 el 13 de octubre, tiene como objetivo fomentar la participaci\u00f3n de las mujeres en el deporte y generar un legado positivo para el futuro.<\/p>\n\n\n\n<figure class=\"wp-block-gallery has-nested-images columns-default is-cropped wp-block-gallery-1 is-layout-flex wp-block-gallery-is-layout-flex\">\n<figure class=\"wp-block-image size-large\"><img loading=\"lazy\" decoding=\"async\" width=\"1024\" height=\"682\" data-id=\"561346\" src=\"https:\/\/diariodominicano.com\/wp-content\/uploads\/2024\/09\/Celebracion-del-Mundial-Futbol-Femenino-Sub-17-en-RD-Impulso-al-Futbol-Femenino-1-1024x682.jpeg\" alt=\"\" class=\"wp-image-561346\" srcset=\"https:\/\/diariodominicano.com\/wp-content\/uploads\/2024\/09\/Celebracion-del-Mundial-Futbol-Femenino-Sub-17-en-RD-Impulso-al-Futbol-Femenino-1-1024x682.jpeg 1024w, https:\/\/diariodominicano.com\/wp-content\/uploads\/2024\/09\/Celebracion-del-Mundial-Futbol-Femenino-Sub-17-en-RD-Impulso-al-Futbol-Femenino-1-300x200.jpeg 300w, https:\/\/diariodominicano.com\/wp-content\/uploads\/2024\/09\/Celebracion-del-Mundial-Futbol-Femenino-Sub-17-en-RD-Impulso-al-Futbol-Femenino-1-768x511.jpeg 768w, https:\/\/diariodominicano.com\/wp-content\/uploads\/2024\/09\/Celebracion-del-Mundial-Futbol-Femenino-Sub-17-en-RD-Impulso-al-Futbol-Femenino-1-816x543.jpeg 816w, https:\/\/diariodominicano.com\/wp-content\/uploads\/2024\/09\/Celebracion-del-Mundial-Futbol-Femenino-Sub-17-en-RD-Impulso-al-Futbol-Femenino-1.jpeg 1280w\" sizes=\"auto, (max-width: 1024px) 100vw, 1024px\" \/><\/figure>\n<\/figure>\n\n\n\n<p>Durante este mes, se est\u00e1n realizando festivales de f\u00fatbol base femenino en diez provincias: La Vega, San Francisco de Macor\u00eds, La Romana, Distrito Nacional, Santo Domingo, San Crist\u00f3bal, Azua, Bahoruco, Santiago y Mar\u00eda Trinidad S\u00e1nchez. M\u00e1s de 1,000 ni\u00f1as de entre 10 y 12 a\u00f1os est\u00e1n participando, con el prop\u00f3sito de motivarlas a integrarse al f\u00fatbol y crear un entorno favorable para el desarrollo del deporte femenino en el pa\u00eds.<\/p>\n\n\n\n<figure class=\"wp-block-gallery has-nested-images columns-default is-cropped wp-block-gallery-2 is-layout-flex wp-block-gallery-is-layout-flex\">\n<figure class=\"wp-block-image size-large\"><img loading=\"lazy\" decoding=\"async\" width=\"1024\" height=\"682\" data-id=\"561345\" src=\"https:\/\/diariodominicano.com\/wp-content\/uploads\/2024\/09\/Celebracion-del-Mundial-de-Futbol-Femenino-Sub-17-RD-Impulso-al-Futbol-Femenino-1024x682.jpeg\" alt=\"\" class=\"wp-image-561345\" srcset=\"https:\/\/diariodominicano.com\/wp-content\/uploads\/2024\/09\/Celebracion-del-Mundial-de-Futbol-Femenino-Sub-17-RD-Impulso-al-Futbol-Femenino-1024x682.jpeg 1024w, https:\/\/diariodominicano.com\/wp-content\/uploads\/2024\/09\/Celebracion-del-Mundial-de-Futbol-Femenino-Sub-17-RD-Impulso-al-Futbol-Femenino-300x200.jpeg 300w, https:\/\/diariodominicano.com\/wp-content\/uploads\/2024\/09\/Celebracion-del-Mundial-de-Futbol-Femenino-Sub-17-RD-Impulso-al-Futbol-Femenino-768x512.jpeg 768w, https:\/\/diariodominicano.com\/wp-content\/uploads\/2024\/09\/Celebracion-del-Mundial-de-Futbol-Femenino-Sub-17-RD-Impulso-al-Futbol-Femenino-816x544.jpeg 816w, https:\/\/diariodominicano.com\/wp-content\/uploads\/2024\/09\/Celebracion-del-Mundial-de-Futbol-Femenino-Sub-17-RD-Impulso-al-Futbol-Femenino.jpeg 1280w\" sizes=\"auto, (max-width: 1024px) 100vw, 1024px\" \/><\/figure>\n<\/figure>\n\n\n\n<p>Adem\u00e1s, como parte del programa, se llevar\u00e1 a cabo un seminario dirigido a entrenadoras de f\u00fatbol, que se celebrar\u00e1 los d\u00edas 10 y 11 de octubre.<\/p>\n\n\n\n<p>Este seminario ofrecer\u00e1 una valiosa oportunidad para que las entrenadoras adquieran nuevas habilidades, metodolog\u00edas y herramientas que les permitan desarrollar el talento femenino en sus respectivas provincias.<\/p>\n\n\n\n<figure class=\"wp-block-gallery has-nested-images columns-default is-cropped wp-block-gallery-3 is-layout-flex wp-block-gallery-is-layout-flex\">\n<figure class=\"wp-block-image size-large\"><img loading=\"lazy\" decoding=\"async\" width=\"1024\" height=\"682\" data-id=\"561344\" src=\"https:\/\/diariodominicano.com\/wp-content\/uploads\/2024\/09\/Celebracion-del-Mundial-Futbol-Femenino-Sub-17-en-RD-Impulso-al-Futbol-Femenino-1024x682.jpeg\" alt=\"\" class=\"wp-image-561344\" srcset=\"https:\/\/diariodominicano.com\/wp-content\/uploads\/2024\/09\/Celebracion-del-Mundial-Futbol-Femenino-Sub-17-en-RD-Impulso-al-Futbol-Femenino-1024x682.jpeg 1024w, https:\/\/diariodominicano.com\/wp-content\/uploads\/2024\/09\/Celebracion-del-Mundial-Futbol-Femenino-Sub-17-en-RD-Impulso-al-Futbol-Femenino-300x200.jpeg 300w, https:\/\/diariodominicano.com\/wp-content\/uploads\/2024\/09\/Celebracion-del-Mundial-Futbol-Femenino-Sub-17-en-RD-Impulso-al-Futbol-Femenino-768x512.jpeg 768w, https:\/\/diariodominicano.com\/wp-content\/uploads\/2024\/09\/Celebracion-del-Mundial-Futbol-Femenino-Sub-17-en-RD-Impulso-al-Futbol-Femenino-816x544.jpeg 816w, https:\/\/diariodominicano.com\/wp-content\/uploads\/2024\/09\/Celebracion-del-Mundial-Futbol-Femenino-Sub-17-en-RD-Impulso-al-Futbol-Femenino.jpeg 1280w\" sizes=\"auto, (max-width: 1024px) 100vw, 1024px\" \/><\/figure>\n<\/figure>\n\n\n\n<p>El primer festival se llev\u00f3 a cabo el s\u00e1bado 14 de septiembre en La Romana, y se han programado otros eventos en distintas provincias, con la colaboraci\u00f3n de asociaciones provinciales, el Departamento de F\u00fatbol Femenino de la FIFA y la oficina organizadora del Mundial.<\/p>\n\n\n\n<figure class=\"wp-block-gallery has-nested-images columns-default is-cropped wp-block-gallery-4 is-layout-flex wp-block-gallery-is-layout-flex\">\n<figure class=\"wp-block-image size-large\"><img loading=\"lazy\" decoding=\"async\" width=\"1024\" height=\"682\" data-id=\"561348\" src=\"https:\/\/diariodominicano.com\/wp-content\/uploads\/2024\/09\/Celebracion-Mundial-de-Futbol-Femenino-Sub-17-en-RD-Impulso-al-Futbol-Femenino-1024x682.jpeg\" alt=\"\" class=\"wp-image-561348\" srcset=\"https:\/\/diariodominicano.com\/wp-content\/uploads\/2024\/09\/Celebracion-Mundial-de-Futbol-Femenino-Sub-17-en-RD-Impulso-al-Futbol-Femenino-1024x682.jpeg 1024w, https:\/\/diariodominicano.com\/wp-content\/uploads\/2024\/09\/Celebracion-Mundial-de-Futbol-Femenino-Sub-17-en-RD-Impulso-al-Futbol-Femenino-300x200.jpeg 300w, https:\/\/diariodominicano.com\/wp-content\/uploads\/2024\/09\/Celebracion-Mundial-de-Futbol-Femenino-Sub-17-en-RD-Impulso-al-Futbol-Femenino-768x512.jpeg 768w, https:\/\/diariodominicano.com\/wp-content\/uploads\/2024\/09\/Celebracion-Mundial-de-Futbol-Femenino-Sub-17-en-RD-Impulso-al-Futbol-Femenino-1536x1023.jpeg 1536w, https:\/\/diariodominicano.com\/wp-content\/uploads\/2024\/09\/Celebracion-Mundial-de-Futbol-Femenino-Sub-17-en-RD-Impulso-al-Futbol-Femenino-816x544.jpeg 816w, https:\/\/diariodominicano.com\/wp-content\/uploads\/2024\/09\/Celebracion-Mundial-de-Futbol-Femenino-Sub-17-en-RD-Impulso-al-Futbol-Femenino.jpeg 1600w\" sizes=\"auto, (max-width: 1024px) 100vw, 1024px\" \/><\/figure>\n<\/figure>\n\n\n\n<p><strong>Objetivos del Programa:<\/strong><\/p>\n\n\n\n<p>El objetivo es promover la participaci\u00f3n de ni\u00f1as en la pr\u00e1ctica del f\u00fatbol, brind\u00e1ndoles la oportunidad de aprender y jugar en un entorno inclusivo. A trav\u00e9s de entrenamientos y festivales, buscamos inspirar a m\u00e1s j\u00f3venes a desarrollar sus habilidades deportivas, fortalecer su confianza y fomentar el trabajo en equipo. Es fundamental que cada ni\u00f1a sienta que tiene un lugar en el f\u00fatbol y que puede contribuir al crecimiento del deporte.<\/p>\n\n\n\n<p>Con este programa, tambi\u00e9n demostramos nuestro compromiso por aumentar la visibilidad y el apoyo al f\u00fatbol femenino en la Rep\u00fablica Dominicana. Al organizar eventos que atraigan la atenci\u00f3n de los medios y la comunidad, buscamos generar reconocimiento para las atletas y los equipos femeninos, incentivando as\u00ed la inversi\u00f3n en su desarrollo. A largo plazo, nuestra meta es institucionalizar la realizaci\u00f3n de festivales anuales en diferentes provincias, creando una red de apoyo y colaboraci\u00f3n que respalde el talento femenino y promueva una cultura futbol\u00edstica inclusiva y sostenible.<\/p>\n\n\n\n<p>Asimismo, al empoderar a las entrenadoras, buscamos asegurar que las futuras generaciones de jugadoras reciban una formaci\u00f3n de calidad, lo que contribuir\u00e1 significativamente al crecimiento del f\u00fatbol femenino en el pa\u00eds.<\/p>\n\n\n\n<p><strong>Programaci\u00f3n de Festivales:<\/strong><\/p>\n\n\n\n<p>Fecha&nbsp;&nbsp;&nbsp;&nbsp;&nbsp;&nbsp;&nbsp;&nbsp;&nbsp;&nbsp;&nbsp;&nbsp;&nbsp;&nbsp;&nbsp;&nbsp;&nbsp;&nbsp;&nbsp;&nbsp;&nbsp;&nbsp;&nbsp;&nbsp;&nbsp;&nbsp;&nbsp;&nbsp;&nbsp;&nbsp;&nbsp;&nbsp;\u2003\u2003\u2003\u2003\u2003\u2002Lugar&nbsp;&nbsp;&nbsp;&nbsp;&nbsp;&nbsp;&nbsp;&nbsp;&nbsp;&nbsp;&nbsp;&nbsp;&nbsp;&nbsp;&nbsp;&nbsp;&nbsp;&nbsp;&nbsp;&nbsp;&nbsp;&nbsp;&nbsp;&nbsp;&nbsp;&nbsp;&nbsp;&nbsp;&nbsp;&nbsp;&nbsp;&nbsp;&nbsp;&nbsp;&nbsp;&nbsp;&nbsp;&nbsp;&nbsp;&nbsp;&nbsp;&nbsp;&nbsp;&nbsp;&nbsp;&nbsp;Cantidad<\/p>\n\n\n\n<p>14 de septiembre&nbsp;&nbsp;&nbsp;&nbsp;&nbsp;&nbsp;&nbsp;&nbsp;&nbsp;&nbsp;&nbsp;&nbsp;&nbsp;&nbsp;&nbsp;\u2003\u2003\u2003San Francisco de Macor\u00eds&nbsp;&nbsp;&nbsp;&nbsp;&nbsp;100 ni\u00f1as<\/p>\n\n\n\n<p>15 de septiembre&nbsp;&nbsp;&nbsp;&nbsp;&nbsp;&nbsp;&nbsp;&nbsp;&nbsp;&nbsp;&nbsp;&nbsp;&nbsp;&nbsp;&nbsp;\u2003\u2003 La Romana&nbsp;&nbsp;&nbsp;&nbsp;&nbsp;&nbsp;&nbsp;&nbsp;&nbsp;&nbsp;&nbsp;&nbsp;&nbsp;&nbsp;&nbsp;&nbsp;&nbsp;&nbsp;&nbsp;&nbsp;&nbsp;&nbsp;&nbsp;&nbsp;&nbsp;&nbsp;&nbsp;&nbsp;&nbsp;&nbsp;&nbsp;&nbsp;&nbsp;&nbsp;&nbsp;&nbsp;&nbsp;&nbsp;&nbsp;&nbsp;&nbsp;100 ni\u00f1as<\/p>\n\n\n\n<p>21 de septiembre&nbsp;&nbsp;&nbsp;&nbsp;&nbsp;&nbsp;&nbsp;&nbsp;&nbsp;&nbsp;&nbsp;&nbsp;&nbsp;&nbsp;&nbsp;\u2003\u2003\u2002Santo Domingo&nbsp;&nbsp;&nbsp;&nbsp;&nbsp;&nbsp;&nbsp;&nbsp;&nbsp;&nbsp;&nbsp;&nbsp;&nbsp;&nbsp;&nbsp;&nbsp;&nbsp;&nbsp;&nbsp;&nbsp;&nbsp;&nbsp;&nbsp;&nbsp;&nbsp;&nbsp;&nbsp;&nbsp;&nbsp;&nbsp;100 ni\u00f1as<\/p>\n\n\n\n<p>22 de septiembre&nbsp;&nbsp;&nbsp;&nbsp;&nbsp;&nbsp;&nbsp;&nbsp;&nbsp;&nbsp;&nbsp;&nbsp;&nbsp;&nbsp;&nbsp;\u2003\u2003\u2002San Crist\u00f3bal&nbsp;&nbsp;&nbsp;&nbsp;&nbsp;&nbsp;&nbsp;&nbsp;&nbsp;&nbsp;&nbsp;&nbsp;&nbsp;&nbsp;&nbsp;&nbsp;&nbsp;&nbsp;&nbsp;&nbsp;&nbsp;&nbsp;&nbsp;&nbsp;&nbsp;&nbsp;&nbsp;&nbsp;&nbsp;&nbsp;&nbsp;&nbsp;&nbsp;&nbsp;&nbsp;&nbsp;100 ni\u00f1as<\/p>\n\n\n\n<p>24 de septiembre&nbsp;&nbsp;&nbsp;&nbsp;&nbsp;&nbsp;&nbsp;&nbsp;&nbsp;&nbsp;&nbsp;&nbsp;&nbsp;&nbsp;&nbsp;\u2003\u2003\u2002La Vega&nbsp;&nbsp;&nbsp;&nbsp;&nbsp;&nbsp;&nbsp;&nbsp;&nbsp;&nbsp;&nbsp;&nbsp;&nbsp;&nbsp;&nbsp;&nbsp;&nbsp;&nbsp;&nbsp;&nbsp;&nbsp;&nbsp;&nbsp;&nbsp;&nbsp;&nbsp;&nbsp;&nbsp;&nbsp;&nbsp;&nbsp;&nbsp;&nbsp;&nbsp;&nbsp;&nbsp;&nbsp;&nbsp;&nbsp;&nbsp;&nbsp;&nbsp;&nbsp;&nbsp;&nbsp;&nbsp;&nbsp;&nbsp;&nbsp;&nbsp;100 ni\u00f1as<\/p>\n\n\n\n<p>26 de septiembre&nbsp;&nbsp;&nbsp;&nbsp;&nbsp;&nbsp;&nbsp;&nbsp;&nbsp;&nbsp;&nbsp;&nbsp;&nbsp;&nbsp;&nbsp;\u2003 \u2003\u2002Azua \/ Barahona&nbsp;&nbsp;&nbsp;&nbsp;&nbsp;&nbsp;&nbsp;&nbsp;&nbsp;&nbsp;&nbsp;&nbsp;&nbsp;&nbsp;&nbsp;&nbsp;&nbsp;&nbsp;&nbsp;&nbsp;&nbsp;&nbsp;&nbsp;&nbsp;&nbsp;&nbsp;&nbsp;&nbsp;&nbsp;&nbsp;100 ni\u00f1as<\/p>\n\n\n\n<p>27 de septiembre&nbsp;&nbsp;&nbsp;&nbsp;&nbsp;&nbsp;&nbsp;&nbsp;&nbsp;&nbsp;&nbsp;&nbsp;&nbsp;&nbsp;\u2003  &nbsp;\u2003 Bahoruco&nbsp;&nbsp;&nbsp;&nbsp;&nbsp;&nbsp;&nbsp;&nbsp;&nbsp;&nbsp;&nbsp;&nbsp;&nbsp;&nbsp;&nbsp;&nbsp;&nbsp;&nbsp;&nbsp;&nbsp;&nbsp;&nbsp;&nbsp;&nbsp;&nbsp;&nbsp;&nbsp;&nbsp;&nbsp;&nbsp;&nbsp;&nbsp;&nbsp;&nbsp;&nbsp;&nbsp;&nbsp;&nbsp;&nbsp;&nbsp;&nbsp;&nbsp;&nbsp;&nbsp;&nbsp;&nbsp;&nbsp;100 ni\u00f1as<\/p>\n\n\n\n<p>8 de octubre&nbsp;&nbsp;&nbsp;&nbsp;&nbsp;&nbsp;&nbsp;&nbsp;&nbsp;&nbsp;&nbsp;&nbsp;&nbsp;&nbsp;&nbsp;&nbsp;&nbsp;&nbsp;\u2003\u2003\u2003\u2003 Mar\u00eda Trinidad S\u00e1nchez&nbsp;&nbsp;&nbsp;&nbsp;&nbsp;&nbsp;&nbsp;&nbsp;&nbsp;&nbsp;&nbsp;&nbsp;&nbsp;&nbsp;&nbsp;&nbsp;&nbsp;100 ni\u00f1as<\/p>\n\n\n\n<p>12 de octubre&nbsp;&nbsp;&nbsp;&nbsp;&nbsp;&nbsp;&nbsp;&nbsp;&nbsp;&nbsp;&nbsp;&nbsp;&nbsp;&nbsp;&nbsp;&nbsp;&nbsp;&nbsp;&nbsp;&nbsp;&nbsp;&nbsp;&nbsp;&nbsp;&nbsp;&nbsp;&nbsp;&nbsp;&nbsp;&nbsp;\u2003Santiago&nbsp;&nbsp;&nbsp;&nbsp;&nbsp;&nbsp;&nbsp;&nbsp;&nbsp;&nbsp;&nbsp;&nbsp;&nbsp;&nbsp;&nbsp;&nbsp;&nbsp;&nbsp;&nbsp;&nbsp;&nbsp;&nbsp;&nbsp;&nbsp;&nbsp;&nbsp;&nbsp;&nbsp;&nbsp;&nbsp;&nbsp;&nbsp;&nbsp;&nbsp;&nbsp;&nbsp;&nbsp;&nbsp;&nbsp;&nbsp;&nbsp;&nbsp;&nbsp;&nbsp;&nbsp;&nbsp;&nbsp;&nbsp;&nbsp;&nbsp;&nbsp;&nbsp;100 ni\u00f1as<\/p>\n\n\n\n<p>13 de octubre&nbsp;&nbsp;&nbsp;&nbsp;&nbsp;&nbsp;&nbsp;&nbsp;&nbsp;&nbsp;&nbsp;&nbsp;&nbsp;&nbsp;&nbsp;&nbsp;&nbsp;&nbsp;&nbsp;&nbsp;&nbsp;&nbsp;&nbsp;&nbsp;&nbsp;&nbsp;&nbsp;&nbsp;&nbsp;&nbsp;\u2003Distrito Nacional&nbsp;&nbsp;&nbsp;&nbsp;&nbsp;&nbsp;&nbsp;&nbsp;&nbsp;&nbsp;&nbsp;&nbsp;&nbsp;&nbsp;&nbsp;&nbsp;&nbsp;&nbsp;&nbsp;&nbsp;&nbsp;&nbsp;&nbsp;&nbsp;&nbsp;&nbsp;&nbsp;&nbsp;&nbsp;&nbsp;&nbsp;&nbsp;&nbsp;100 ni\u00f1as<\/p>\n\n\n\n<p><strong>Johnny Nieto<\/strong><\/p>\n\n\n\n<p><strong>Departamento de Comunicaciones Fedof\u00fatbol.<\/strong><\/p>\n\n\n\n<p>Fedofutbol Prensa fedofutbolprensa2019@gmail.com <\/p>\n","protected":false},"excerpt":{"rendered":"<p>En el marco de la celebraci\u00f3n del Mundial de F\u00fatbol Femenino Sub-17 de la FIFA, que se llevar\u00e1 a cabo del 16 de octubre al 3 de noviembre en Santiago y Santo Domingo, la Federaci\u00f3n Internacional de F\u00fatbol Asociado (FIFA) y Federaci\u00f3n Dominicana de F\u00fatbol (FEDOFUTBOL) est\u00e1n implementando un programa de \u00abDesarrollo del F\u00fatbol Femenino\u00bb. [&hellip;]<\/p>\n","protected":false},"author":7,"featured_media":0,"comment_status":"closed","ping_status":"closed","sticky":false,"template":"","format":"standard","meta":{"footnotes":""},"categories":[17],"tags":[221,216,220],"class_list":["post-561338","post","type-post","status-publish","format-standard","hentry","category-deportes","tag-futbol-femenino","tag-mundial-de-futbol-femenino","tag-sub-17"],"_links":{"self":[{"href":"https:\/\/diariodominicano.com\/index.php?rest_route=\/wp\/v2\/posts\/561338","targetHints":{"allow":["GET"]}}],"collection":[{"href":"https:\/\/diariodominicano.com\/index.php?rest_route=\/wp\/v2\/posts"}],"about":[{"href":"https:\/\/diariodominicano.com\/index.php?rest_route=\/wp\/v2\/types\/post"}],"author":[{"embeddable":true,"href":"https:\/\/diariodominicano.com\/index.php?rest_route=\/wp\/v2\/users\/7"}],"replies":[{"embeddable":true,"href":"https:\/\/diariodominicano.com\/index.php?rest_route=%2Fwp%2Fv2%2Fcomments&post=561338"}],"version-history":[{"count":1,"href":"https:\/\/diariodominicano.com\/index.php?rest_route=\/wp\/v2\/posts\/561338\/revisions"}],"predecessor-version":[{"id":561432,"href":"https:\/\/diariodominicano.com\/index.php?rest_route=\/wp\/v2\/posts\/561338\/revisions\/561432"}],"wp:attachment":[{"href":"https:\/\/diariodominicano.com\/index.php?rest_route=%2Fwp%2Fv2%2Fmedia&parent=561338"}],"wp:term":[{"taxonomy":"category","embeddable":true,"href":"https:\/\/diariodominicano.com\/index.php?rest_route=%2Fwp%2Fv2%2Fcategories&post=561338"},{"taxonomy":"post_tag","embeddable":true,"href":"https:\/\/diariodominicano.com\/index.php?rest_route=%2Fwp%2Fv2%2Ftags&post=561338"}],"curies":[{"name":"wp","href":"https:\/\/api.w.org\/{rel}","templated":true}]}}