{"id":56128,"date":"2020-11-04T10:33:57","date_gmt":"2020-11-04T10:33:57","guid":{"rendered":"http:\/\/diariodominicano.ddns.net\/?p=56128"},"modified":"2020-11-04T10:33:57","modified_gmt":"2020-11-04T10:33:57","slug":"estudio-revela-secretos-del-mito-sobre-oreja-de-van-gogh","status":"publish","type":"post","link":"https:\/\/diariodominicano.com\/?p=56128","title":{"rendered":"Estudio revela secretos del mito sobre oreja de Van Gogh"},"content":{"rendered":"<p><body><\/p>\n<p><img decoding=\"async\" src=\"img3\/van-goh4-11-20.png\" \/>  <\/p>\n<p><span class=\"text1noticias\"> <\/span><\/p>\n<p><span class=\"text1noticias\">diariodominicano.com<\/span><\/p>\n<p><span class=\"text1noticias\"> <\/span><\/p>\n<p><span class=\"text1noticias\">\u00c1msterdam, 4 nov (Prensa Latina) Una investigaci\u00f3n del Hospital Universitario de Groninga, Pa\u00edses Bajos, ofrece detalles hoy del mito de la oreja de Van Gogh y los trastornos que vivi\u00f3 el artista neerland\u00e9s hasta su muerte el 29 de julio de 1890.<\/span><\/p>\n<p><span class=\"text1noticias\"> <\/span><\/p>\n<p><span class=\"text1noticias\">Tras el an\u00e1lisis a unas 902 cartas, informes m\u00e9dicos y entrevistas con expertos en la vida y obra del pintor, el equipo de m\u00e9dicos determin\u00f3 que Vincent luch\u00f3 contra una combinaci\u00f3n de m\u00faltiples trastornos psiqui\u00e1tricos conocidos como comorbilidad.<\/span><\/p>\n<p><span class=\"text1noticias\"> <\/span><\/p>\n<p><span class=\"text1noticias\">El maestro postimpresionista desarroll\u00f3 episodios de psicosis por s\u00edndrome de abstinencia por dejar de beber de manera abrupta, experiment\u00f3 el padecimiento conocido como &#8216;delirio tembloroso&#8217; y s\u00edntomas que coinciden con el trastorno bipolar con cambios en el estado de \u00e1nimo, combinado con un posible trastorno l\u00edmite de la personalidad.<\/span><\/p>\n<p><span class=\"text1noticias\"> <\/span><\/p>\n<p><span class=\"text1noticias\">De esta manera, los especialistas apuntan que estos trastornos, asociados al alcoholismo y la desnutrici\u00f3n, llevaron a Van Gogh a cortarse el l\u00f3bulo de la oreja izquierda el 23 de diciembre de 1888, luego de una discusi\u00f3n con su colega, el pintor franc\u00e9s Paul Gauguin.<\/span><\/p>\n<p><span class=\"text1noticias\"> <\/span><\/p>\n<p><span class=\"text1noticias\">Este episodio dio origen al mito del artista que fue recluido en un psiqui\u00e1trico, cuya condici\u00f3n empeor\u00f3, con momentos depresivos graves y de los cuales nunca se recuper\u00f3 y que lo llevaron al suicidio meses m\u00e1s tarde, seg\u00fan refieren las teor\u00edas m\u00e1s acertadas.<\/span><\/p>\n<p><span class=\"text1noticias\"> <\/span><\/p>\n<p><span class=\"text1noticias\">El profesor em\u00e9rito de psiquiatr\u00eda Willem Nolen, l\u00edder de la investigaci\u00f3n, asegur\u00f3 en un comunicado que nadie puede afirmar &#8216;con certeza absoluta&#8217; los trastornos que padec\u00eda Van Gogh, pero las conclusiones del estudio son &#8216;muy probables&#8217;.<\/span><\/p>\n<p><span class=\"text1noticias\"> <\/span><\/p>\n<p><span class=\"text1noticias\">Los investigadores descartaron enfermedades como esquizofrenia, porfirias, o intoxicaci\u00f3n por mon\u00f3xido de carbono, referidas en indagaciones anteriores, aunque no descartan epilepsia, en &#8216;manifestaciones extremadamente variables de ansiedad, delirios y alucinaciones&#8217;.<\/span><\/p>\n<p><span class=\"text1noticias\"> <\/span><\/p>\n<p><span class=\"text1noticias\">Una posible muestra de la \u00faltima etapa de Van Gogh, radica en un autorretrato validado en enero pasado como original y que fue pintado en 1889, por el propio maestro neerland\u00e9s cuando estaba siendo tratado por una psicosis en el sanatorio franc\u00e9s de Saint-R\u00e9my.<\/span><\/p>\n<\/p>\n<p>mem\/lbl<\/p>\n<h6> 2020-11-04 10:33:57 <\/h6>\n<p><!--\n<link rel=\"stylesheet\" href=\"css\/bootstrap.min.css\">\n\n\n<ul class=\"pagination\">\n\t    \n\t\n\n<li >\n\t<a href='?page_no=80'>Previous<\/a>\n\t<\/li>\n\n\n       \n    \n\n<li><a href='?page_no=1'>1<\/a><\/li>\n\n\n\n<li><a href='?page_no=2'>2<\/a><\/li>\n\n\n\n<li><a>...<\/a><\/li>\n\n\n\n<li><a href='?page_no=79'>79<\/a><\/li>\n\n\n\n<li><a href='?page_no=80'>80<\/a><\/li>\n\n\n\n<li class='active'><a>81<\/a><\/li>\n\n\n\n<li><a href='?page_no=82'>82<\/a><\/li>\n\n\n\n<li><a href='?page_no=83'>83<\/a><\/li>\n\n\n\n<li><a>...<\/a><\/li>\n\n\n\n<li><a href='?page_no=22911'>22911<\/a><\/li>\n\n\n\n<li><a href='?page_no=22912'>22912<\/a><\/li>\n\n    \n\t\n\n<li >\n\t<a href='?page_no=82'>Next<\/a>\n\t<\/li>\n\n\n    \n\n<li><a href='?page_no=22912'>Last &rsaquo;&rsaquo;<\/a><\/li>\n\n<\/ul>\n\n\n--><br \/>\n<\/body><\/p>\n","protected":false},"excerpt":{"rendered":"<p>diariodominicano.com \u00c1msterdam, 4 nov (Prensa Latina) Una investigaci\u00f3n del Hospital Universitario de Groninga, Pa\u00edses Bajos, ofrece detalles hoy del mito de la oreja de Van Gogh y los trastornos que vivi\u00f3 el artista neerland\u00e9s hasta su muerte el 29 de julio de 1890. Tras el an\u00e1lisis a unas 902 cartas, informes m\u00e9dicos y entrevistas con [&hellip;]<\/p>\n","protected":false},"author":3,"featured_media":0,"comment_status":"open","ping_status":"open","sticky":false,"template":"","format":"standard","meta":{"footnotes":""},"categories":[21],"tags":[],"class_list":["post-56128","post","type-post","status-publish","format-standard","hentry","category-cultura"],"_links":{"self":[{"href":"https:\/\/diariodominicano.com\/index.php?rest_route=\/wp\/v2\/posts\/56128","targetHints":{"allow":["GET"]}}],"collection":[{"href":"https:\/\/diariodominicano.com\/index.php?rest_route=\/wp\/v2\/posts"}],"about":[{"href":"https:\/\/diariodominicano.com\/index.php?rest_route=\/wp\/v2\/types\/post"}],"author":[{"embeddable":true,"href":"https:\/\/diariodominicano.com\/index.php?rest_route=\/wp\/v2\/users\/3"}],"replies":[{"embeddable":true,"href":"https:\/\/diariodominicano.com\/index.php?rest_route=%2Fwp%2Fv2%2Fcomments&post=56128"}],"version-history":[{"count":0,"href":"https:\/\/diariodominicano.com\/index.php?rest_route=\/wp\/v2\/posts\/56128\/revisions"}],"wp:attachment":[{"href":"https:\/\/diariodominicano.com\/index.php?rest_route=%2Fwp%2Fv2%2Fmedia&parent=56128"}],"wp:term":[{"taxonomy":"category","embeddable":true,"href":"https:\/\/diariodominicano.com\/index.php?rest_route=%2Fwp%2Fv2%2Fcategories&post=56128"},{"taxonomy":"post_tag","embeddable":true,"href":"https:\/\/diariodominicano.com\/index.php?rest_route=%2Fwp%2Fv2%2Ftags&post=56128"}],"curies":[{"name":"wp","href":"https:\/\/api.w.org\/{rel}","templated":true}]}}