{"id":561250,"date":"2024-09-23T16:32:42","date_gmt":"2024-09-23T20:32:42","guid":{"rendered":"https:\/\/diariodominicano.com\/?p=561250"},"modified":"2024-09-23T16:34:05","modified_gmt":"2024-09-23T20:34:05","slug":"enterate-ny-106","status":"publish","type":"post","link":"https:\/\/diariodominicano.com\/?p=561250","title":{"rendered":"Ent\u00e9rate NY"},"content":{"rendered":"\n<p>PERIODISMO INFORMATIVO Y CR\u00cdTICO AL SERVICIO DE LA COMUNIDAD <\/p>\n\n\n\n<p>Por Ram\u00f3n Mercedes<\/p>\n\n\n\n<figure class=\"wp-block-gallery has-nested-images columns-default is-cropped wp-block-gallery-1 is-layout-flex wp-block-gallery-is-layout-flex\">\n<figure class=\"wp-block-image size-large\"><img loading=\"lazy\" decoding=\"async\" width=\"670\" height=\"421\" data-id=\"561261\" src=\"https:\/\/diariodominicano.com\/wp-content\/uploads\/2024\/09\/Abinader-llega-a-NY-y-de-inmediato-se-integra-a-labores-comunitarias.jpeg\" alt=\"\" class=\"wp-image-561261\" srcset=\"https:\/\/diariodominicano.com\/wp-content\/uploads\/2024\/09\/Abinader-llega-a-NY-y-de-inmediato-se-integra-a-labores-comunitarias.jpeg 670w, https:\/\/diariodominicano.com\/wp-content\/uploads\/2024\/09\/Abinader-llega-a-NY-y-de-inmediato-se-integra-a-labores-comunitarias-300x189.jpeg 300w\" sizes=\"auto, (max-width: 670px) 100vw, 670px\" \/><\/figure>\n<\/figure>\n\n\n\n<p>\u25baAbinader lleg\u00f3 por NJ y en seguida a NY: El presidente Luis Abinader lleg\u00f3 este domingo al mediod\u00eda por el aeropuerto Newark-NJ y en seguida se dirigi\u00f3 a NYC. A las 3:00 PM estuvo en la escuela Juan Pablo Duarte, en el Alto Manhattan, para presidir el lanzamiento de RTVD Internacional y la serie \u201cLos Trinitarios\u201d; adem\u00e1s, la presentaci\u00f3n oficial del tratado de Cielos Abiertos entre RD y EUA, el cual lo present\u00f3 el congresista Adriano Espaillat. Abinader dijo \u201cCon este Acuerdo se busca crear competencias entre l\u00edneas a\u00e9reas, para que compitan en el transporte a\u00e9reo, para que haya mayor competitividad, para lograr tarifas m\u00e1s baratas, justas y l\u00f3gicas\u201d. Espaillat sostuvo \u201ceste acuerdo representa un avance crucial en la pol\u00edtica de comercio y transporte a\u00e9reo. Adem\u00e1s, se ha logrado que Washington Heights fuera declarada Distrito Hist\u00f3rico Cultural Dominicano\u201d. Otros que hablaron, el alcalde de NYC, Eric Adams, \u201ceste acuerdo mantendr\u00e1 el comercio, los acuerdos, la comunicaci\u00f3n y las relaciones de conectividad\u201d. El canciller Roberto \u00c1lvarez valor\u00f3 el acuerdo \u201cpor la importancia que tendr\u00e1 para los dominicanos\u201d. Tambi\u00e9n habl\u00f3 el c\u00f3nsul Jes\u00fas -Ch\u00fa- V\u00e1squez y el subsecretario de Estado de USA para el Crecimiento Econ\u00f3mico, la Energ\u00eda y el Medio Ambiente, Jos\u00e9 W. Fern\u00e1ndez. Asistieron funcionarios tanto del gobierno de RD como de EUA. El acto estuvo full y el presidente del PRM-NY y vicec\u00f3nsul, Yul\u00edn Mateo, lleg\u00f3 iniciado el evento y se qued\u00f3 parado en la parte de atr\u00e1s, con ca\u00f1era. Luego una compa\u00f1era lo pudo sentar como en la l\u00ednea 10.<\/p>\n\n\n\n<figure class=\"wp-block-gallery has-nested-images columns-default is-cropped wp-block-gallery-2 is-layout-flex wp-block-gallery-is-layout-flex\">\n<figure class=\"wp-block-image size-large\"><img loading=\"lazy\" decoding=\"async\" width=\"985\" height=\"277\" data-id=\"561273\" src=\"https:\/\/diariodominicano.com\/wp-content\/uploads\/2024\/09\/Piquetean-a-Abinader-en-Alto-Manhattan.jpeg\" alt=\"\" class=\"wp-image-561273\" srcset=\"https:\/\/diariodominicano.com\/wp-content\/uploads\/2024\/09\/Piquetean-a-Abinader-en-Alto-Manhattan.jpeg 985w, https:\/\/diariodominicano.com\/wp-content\/uploads\/2024\/09\/Piquetean-a-Abinader-en-Alto-Manhattan-300x84.jpeg 300w, https:\/\/diariodominicano.com\/wp-content\/uploads\/2024\/09\/Piquetean-a-Abinader-en-Alto-Manhattan-768x216.jpeg 768w, https:\/\/diariodominicano.com\/wp-content\/uploads\/2024\/09\/Piquetean-a-Abinader-en-Alto-Manhattan-816x229.jpeg 816w\" sizes=\"auto, (max-width: 985px) 100vw, 985px\" \/><\/figure>\n<\/figure>\n\n\n\n<p>\u25baPiquetean presidente Abinader en Alto Manhattan: Varios dominicanos se apostaron frente a la escuela Juan Pablo Duarte, ubicada en la avenida Wadsworth con la calle 183, en el Alto Manhattan, y le hicieron un piquete al presidente Luis Abinader, vociferando sloganes como \u201cladr\u00f3n\u201d, \u201cvende patria\u201d, \u201cvendiste el pa\u00eds\u201d. La polic\u00eda mantuvo a raya a los protestantes que se plantaron frente al centro de estudio desde el inicio hasta el final de la actividad. A eso de las 3:00 PM el mandatario acudi\u00f3 acompa\u00f1ado de su seguridad y altos funcionarios del gobierno dominicano en \u201cvarias yipetas\u201d negras, para presidir el lanzamiento de RTVD Internacional y la serie \u201cLos Trinitarios\u201d; adem\u00e1s, la presentaci\u00f3n oficial del tratado de Cielos Abiertos entre RD y EUA. Varios patrulleros de la polic\u00eda neoyorkinas se manten\u00edan all\u00ed. Hay que aclarar que los dominicanos que llevaron a cabo este piquete no son ni pertenecen al movimiento \u201cAcci\u00f3n R\u00e1pida\u201d, que son los fundadores en la Gran Manzana de este tipo de protesta, y han realizado m\u00faltiples de ellas desde hace varios a\u00f1os. Los autores de esta protesta hab\u00edan difundido la convocatoria bajo el lema \u201cLa corrupci\u00f3n y la invasi\u00f3n est\u00e1n arruinando nuestra naci\u00f3n\u201d. Ver video: https:\/\/www.youtube.com\/watch?v=3aqVXVZsov4<\/p>\n\n\n\n<figure class=\"wp-block-gallery has-nested-images columns-default is-cropped wp-block-gallery-3 is-layout-flex wp-block-gallery-is-layout-flex\">\n<figure class=\"wp-block-image size-large\"><img loading=\"lazy\" decoding=\"async\" width=\"1024\" height=\"320\" data-id=\"561274\" src=\"https:\/\/diariodominicano.com\/wp-content\/uploads\/2024\/09\/Los-reconocidos-1024x320.jpeg\" alt=\"\" class=\"wp-image-561274\" srcset=\"https:\/\/diariodominicano.com\/wp-content\/uploads\/2024\/09\/Los-reconocidos-1024x320.jpeg 1024w, https:\/\/diariodominicano.com\/wp-content\/uploads\/2024\/09\/Los-reconocidos-300x94.jpeg 300w, https:\/\/diariodominicano.com\/wp-content\/uploads\/2024\/09\/Los-reconocidos-768x240.jpeg 768w, https:\/\/diariodominicano.com\/wp-content\/uploads\/2024\/09\/Los-reconocidos-816x255.jpeg 816w, https:\/\/diariodominicano.com\/wp-content\/uploads\/2024\/09\/Los-reconocidos.jpeg 1472w\" sizes=\"auto, (max-width: 1024px) 100vw, 1024px\" \/><\/figure>\n<\/figure>\n\n\n\n<p>\u25baLos reconocidos: Los reconocidos por el presidente Abinader en Lehman College en El Bronx fueron 21 dominicanos destacados: Julissa \u00c1lvarez, Fernando Aquino, Yanna Henr\u00edquez, Alipio Coco Cabrera, Sabina Matos, Henry A. Garrido y Ana Quezada, Joel A. Garc\u00eda, Kennedy De Jes\u00fas, Bianka P\u00e9rez, Ram\u00f3n Pag\u00e1n, Dorian Rojas, Luis E. Paniagua, Danny Rosado, Lorenzo Pi\u00f1a, Miguelina Zorrilla, Yeurys Pujols, Fernando Rodr\u00edguez, Dennis Rodr\u00edguez y Jos\u00e9 Dar\u00edo Santos. El viceministro de Relaciones Exteriores para las Comunidades Dominicanas en el Exterior y director ejecutivo del INDEX, Carlos de la Mota expres\u00f3 el compromiso que tienen de asegurar que \u201cnuestros compatriotas en el exterior cuenten con el apoyo necesario para seguir desarroll\u00e1ndose y contribuyendo tanto a sus comunidades de residencia como a nuestro pa\u00eds\u201d, al tiempo que agradeci\u00f3 a la Direcci\u00f3n General de Aduanas por su apoyo para realizar el encuentro. Asisti\u00f3 el canciller Roberto \u00c1lvarez y el c\u00f3nsul Ch\u00fa V\u00e1squez, entre otros altos funcionarios.<\/p>\n\n\n\n<p>\u25baNo son todos los que est\u00e1n, ni est\u00e1n todos los que son: Diiicen que la entrega de reconocimientos del Index en Lehman College, por parte del presidente Abinader, se aplica el viejo refr\u00e1n \u201cNo son todos los que est\u00e1n, ni est\u00e1n todos los que son\u201d \u00a1Ay, ay, ay!<\/p>\n\n\n\n<figure class=\"wp-block-gallery has-nested-images columns-default is-cropped wp-block-gallery-4 is-layout-flex wp-block-gallery-is-layout-flex\">\n<figure class=\"wp-block-image size-large\"><img loading=\"lazy\" decoding=\"async\" width=\"680\" height=\"311\" data-id=\"561275\" src=\"https:\/\/diariodominicano.com\/wp-content\/uploads\/2024\/09\/Leonel-llena-evento-presidio.jpeg\" alt=\"\" class=\"wp-image-561275\" srcset=\"https:\/\/diariodominicano.com\/wp-content\/uploads\/2024\/09\/Leonel-llena-evento-presidio.jpeg 680w, https:\/\/diariodominicano.com\/wp-content\/uploads\/2024\/09\/Leonel-llena-evento-presidio-300x137.jpeg 300w\" sizes=\"auto, (max-width: 680px) 100vw, 680px\" \/><\/figure>\n<\/figure>\n\n\n\n<p>\u25baLeonel llena evento presidi\u00f3: El presidente de la FP, Leonel Fern\u00e1ndez, lleg\u00f3 por el aeropuerto LaGuardia este viernes a eso de las 4:00 PM en un vuelo de AA. Se qued\u00f3 en el hotel. El s\u00e1bado recibi\u00f3 a un prestigioso abogado de USA, luego a Geraldo Rosario y una comisi\u00f3n de \u00abLos 300 con Leonel\u201d. En horas de la tarde sostuvo un encuentro con \u201cleoncitos\u201d y miembros de la Comisi\u00f3n Nacional Nuestro Congreso, \u201cFranklin Almeyda Rancier\u201d. M\u00e1s luego se inici\u00f3 el Congreso, en Portuguese-American Community en el 117 de la avenida Park, en Yonkers. Estuvo full el sal\u00f3n. All\u00ed Leonel dijo: \u201cEste Congreso transformar\u00e1 la FP, de un partido an\u00e1logo a un partido digital que trabajar\u00e1 con herramientas de primera generaci\u00f3n a nivel de comunicaci\u00f3n, gerencia pol\u00edtica y tecnolog\u00eda. Ya no trabajar\u00e1 para un NY chiquito, sino para un NY mediano para que siga creciendo, y dio instrucciones para que la FP se abra definitivamente a la integraci\u00f3n de j\u00f3venes dominicanos que estudian en los Colleges de USA, para que los bodegueros, asociaciones, taxistas, se sientan identificados, los conglomerados sociales y comerciales tengan un espacio en el partido, a trav\u00e9s de una plataforma para participen. La FP ser\u00e1 un partido no solo para esta generaci\u00f3n, tambi\u00e9n para las futuras generaciones. Tambi\u00e9n hablaron Henry Mer\u00e1n y Francis Vargas. Asistieron Omar Fern\u00e1ndez, Dem\u00f3stenes Mart\u00ednez y varias delegaciones de la circunscripci\u00f3n 1-USA. Este lunes 23 \u201cEl Le\u00f3n\u201d participar\u00e1, a las 11:00 AM, del Torneo de Golf Pro Recaudaci\u00f3n de Fondos, en Harrison Meadows Country Club. El martes 24, reuniones con GFDD New York, en Down Town Manhattan, para coordinar temas del Foro Global a celebrarse el 2 y 3 de octubre pr\u00f3ximo. Mi\u00e9rcoles 25, el expresidente regresar\u00e1 a RD por el JFK en un vuelo de Delta Airlines. Video: https:\/\/www.youtube.com\/watch?v=wFvDn4ohzCQ<\/p>\n\n\n\n<p>\u25baA jugar beisbol en NY: Despu\u00e9s de una prolongada disputa entre la Lidom y Latin Events para la celebraci\u00f3n por segunda vez de La Serie de Titanes del Caribe en la Gran Manzana, ahora por la Copa de NY, ya todo qued\u00f3 resuelto y se celebrar\u00e1 los d\u00edas 8 y 9 de noviembre en el Yankee Stadium. El domingo 10 en el Citi Field de Los Mets. La cartelera tendr\u00e1 m\u00e1s de 20 reconocidos artistas dominicanos. El equipo ganador recibir\u00e1 una corona chapada en oro \u00a1Wepa!<\/p>\n\n\n\n<p>\u25baHacen las leyes y no la respetan: Lectores de Ent\u00e9rate NY escriben un largo documento desde el Alto Manhattan. Ni quito ni pongo: Queremos expresar nuestra indignaci\u00f3n con muchos senadores dominicanos, los llamados en hacer las leyes y no las cumplen. No han presentado la Declaraci\u00f3n Jurada de Patrimonio. \u00a1Huumm! La Ley 311-14 = Instituye el Sistema Nacional Automatizado y Uniforme de Declaraciones Juradas de Patrimonio de los Funcionarios y Servidores P\u00fablicos. Dicha Ley en su art\u00edculo 2 = funcionarios obligados a declarar. El Presidente y Vicepresidente de la Rep\u00fablica; senadores y diputados. Otros = https:\/\/www.contraloria.gob.do\/transparencia\/index.php\/declaracion-jurada\/category\/486-ley-311-14 El pasado lunes 16 venci\u00f3 el plazo. De acuerdo a lo publicado por la prensa = https:\/\/n.com.do\/2024\/09\/20\/conozca-los-9-senadores-que-no-cumplieron-con-sus-declaraciones-de-patrimonio-en-ccrd\/ Entre los que no han declarado figuran Carlos G\u00f3mez (Espaillat); Ginnette Bournigal (Puerto Plata); H\u00e9ctor Acosta -El Torito- (Monse\u00f1or Nouel); Dagoberto Rodr\u00edguez (Independencia); Bernardo Alem\u00e1n (Montecristi); Secundino Vel\u00e1zquez (Pedernales); Guillermo Lama (Bahoruco); y Eduard Espiritusantos (La Romana). Los que han declarado = https:\/\/n.com.do\/2024\/09\/20\/conozca-los-9-senadores-que-no-cumplieron-con-sus-declaraciones-de-patrimonio-en-ccrd\/<\/p>\n\n\n\n<figure class=\"wp-block-gallery has-nested-images columns-default is-cropped wp-block-gallery-5 is-layout-flex wp-block-gallery-is-layout-flex\">\n<figure class=\"wp-block-image size-large\"><img loading=\"lazy\" decoding=\"async\" width=\"1024\" height=\"627\" data-id=\"561276\" src=\"https:\/\/diariodominicano.com\/wp-content\/uploads\/2024\/09\/Los-Senadores-de-RD-1024x627.jpeg\" alt=\"\" class=\"wp-image-561276\" srcset=\"https:\/\/diariodominicano.com\/wp-content\/uploads\/2024\/09\/Los-Senadores-de-RD-1024x627.jpeg 1024w, https:\/\/diariodominicano.com\/wp-content\/uploads\/2024\/09\/Los-Senadores-de-RD-300x184.jpeg 300w, https:\/\/diariodominicano.com\/wp-content\/uploads\/2024\/09\/Los-Senadores-de-RD-768x470.jpeg 768w, https:\/\/diariodominicano.com\/wp-content\/uploads\/2024\/09\/Los-Senadores-de-RD-816x500.jpeg 816w, https:\/\/diariodominicano.com\/wp-content\/uploads\/2024\/09\/Los-Senadores-de-RD.jpeg 1088w\" sizes=\"auto, (max-width: 1024px) 100vw, 1024px\" \/><\/figure>\n<\/figure>\n\n\n\n<p>\u25baLo$ $enadore$ de RD: Los sabi\u00f3logos, tod\u00f3logos y opin\u00f3logos coinciden en manifestar: El \u201cBarrilito\u201d que recibe cada senador de la RD causa amargura. \u00bfPor qu\u00e9? Porque se maneja a discreci\u00f3n y con muy poca transparencia, sin que sean auditado$, \u00a1Uff! Entre los 32 senadores se distribuyen al a\u00f1o RD$240 millones. Cada uno recibe su partida de acuerdo a la cantidad de votantes de su provincia. Reciben entre RD$650,000 y RD$1,059,000. Adem\u00e1s del \u201cBarrilito\u201d gozan de dos exoneraciones para veh\u00edculos durante los 4 a\u00f1os, a raz\u00f3n de $100 mil d\u00f3lares cada una. Pasaportes oficiales junto a su familia. Oficinas en su provincia cubiertas por el Congreso. RD$3,500 por asistir a las asambleas y RD$2,000 a las reuniones de sus comisiones, pudiendo recibir m\u00e1s por asistir a otras reuniones. Pago de vivienda en la capital, combustibles, vi\u00e1ticos, celulares, gomas para sus veh\u00edculos, chofer, seguridad y secretaria. Su salario es de RD$350 mil al mes, x 12 meses = RD$4 millones 200 mil anual, X 4 a\u00f1os = RD$16 millones 800 mil. Diiicen que los senadores deber\u00edan renunciar a ese privilegio del \u201cBarrilito\u201d y el dinero en su conjunto entreg\u00e1rselo a instituciones que necesitan (asilos de ancianos, orfanatos, juntas de vecinos, clubes y asociaciones) diseminados por todo el pa\u00eds. Diiicen que hay que exceptuar al senador Omar Fern\u00e1ndez (FP) que ya empez\u00f3 con su \u201cBarrilito\u201d a entregarlo para obras ben\u00e9ficas.<\/p>\n\n\n\n<p>\u25baLo dice Bernardo Vega: Quien es escritor, economista, historiador, antrop\u00f3logo, profesor universitario, polit\u00f3logo, soci\u00f3logo y reconocido en RD por sus aportes en la academia y el sector p\u00fablico, que \u201clos senadores dominicanos ganan m\u00e1s que los senadores de los Estados Unidos\u201d \u00a1Uff! Ver: https:\/\/acento.com.do\/opinion\/los-senadores-dominicanos-ganan-mucho-mas-que-los-norteamericanos-8878553.html \u201cBarrilito, dietas y sueldos\u201d se tragan el 70 % del dinero que gasta el Congreso de RD. Ver: https:\/\/www.diariolibre.com\/politica\/congreso-nacional\/2024\/06\/11\/barrilito-dietas-y-sueldos-se-tragan-70&#8211;del-dinero-del-congreso\/2751726<\/p>\n\n\n\n<p>\u25baQuieren volver a USA: Una alta fuente en RD nos informa, solicitando no dar su identidad, que dentro de los 500 mil dominicanos en el pa\u00eds con impedimento de salida = https:\/\/elnacional.com.do\/hay-500-mil-de-rd-impedidos-de-salir\/#goog_rewarded, entre ellos 180 mil ex funcionarios, hay \u201cpejes, pero pejes gordos\u201d (pol\u00edticos, empresarios, ex diplom\u00e1ticos, profesionales, exmilitares, comerciantes, sindicalistas, religiosos, deportistas, contra personas vinculadas con desfalco, fraudes bancarios y financieros, lavado de activos, tr\u00e1fico de drogas, corrupci\u00f3n administrativa, asociaci\u00f3n de malhechores, terrorismo, violadores, trata de personas, por estafa, cr\u00edmenes, accidentes de tr\u00e1nsito, casos de litis por posesi\u00f3n de bienes y demandas por manutenci\u00f3n de hijos, violencia de g\u00e9nero, entre otros, que dan lo que no tienen para poder volver a los \u201cnuevayores\u201d \u00a1Uff!<\/p>\n\n\n\n<figure class=\"wp-block-gallery has-nested-images columns-default is-cropped wp-block-gallery-6 is-layout-flex wp-block-gallery-is-layout-flex\">\n<figure class=\"wp-block-image size-large\"><img loading=\"lazy\" decoding=\"async\" width=\"726\" height=\"885\" data-id=\"561277\" src=\"https:\/\/diariodominicano.com\/wp-content\/uploads\/2024\/09\/Un-valor-dominicano-en-NY.jpeg\" alt=\"\" class=\"wp-image-561277\" srcset=\"https:\/\/diariodominicano.com\/wp-content\/uploads\/2024\/09\/Un-valor-dominicano-en-NY.jpeg 726w, https:\/\/diariodominicano.com\/wp-content\/uploads\/2024\/09\/Un-valor-dominicano-en-NY-246x300.jpeg 246w\" sizes=\"auto, (max-width: 726px) 100vw, 726px\" \/><\/figure>\n<\/figure>\n\n\n\n<p>\u25baUn valor dominicano en NY: Fianny Cabrera, de Santiago de los Caballeros, se ha dedicado por a\u00f1os en NYC a labores altruistas y comunitarias, asistiendo 100&#215;100% a su esposo, el congresista Adriano Espaillat. Acaba de graduarse de doctora con una especialidad en terapia del habla y lenguaje. Es una pat\u00f3loga en esa \u00e1rea. Esta es una profesi\u00f3n que muchos de nuestros ni\u00f1os, de diferentes etnias, necesitan de profesionales como Fianny para ponerlo hablar bien a los que tienen dichos trastornos de comunicaci\u00f3n, especialmente con los autistas. Hizo una investigaci\u00f3n cient\u00edfica al desarrollar un programa para padres y educarlos. Con sus servicios hacia los ni\u00f1os, junto a su labor humanitaria y comunitaria pone en alto la bandera tricolor en playas extranjeras. Si usted la ve caminar por ah\u00ed, como lo hace de costumbre, d\u00edgale: \u201cFianny, usted es un valor dominicano en NY\u201d.<\/p>\n\n\n\n<p>\u25baCultura general: La playa Venice, ubicada en la costa del sur de California, es un destino que trasciende la simple categor\u00eda de playa. Con su mezcla vibrante de cultura, arte y actividades al aire libre, captura la atenci\u00f3n de m\u00e1s de 16 millones de visitantes cada a\u00f1o, convirti\u00e9ndose en la playa m\u00e1s visitada de Estados Unidos.<\/p>\n\n\n\n<p>\u25baServicio comunitario: Para informar al Seguro Social sobre el fallecimiento de un ser querido y cancelar los beneficios y pagos del mismo, incluyendo Medicare, llamar al 1-800-772-1213 (presionar el 7 para espa\u00f1ol.<\/p>\n\n\n\n<p>\u25baSobre el espa\u00f1ol: Fascistoide = Que tiende al fascismo o al autoritarismo.<\/p>\n\n\n\n<p>\u25baD\u00f3lar y euro hasta este domingo 22: Compra del d\u00f3lar 59.28 y venta 60.28. Compra euro 65.72 y venta 68.32<\/p>\n\n\n\n<p>\u25baCombustibles: Del 21 de septiembre al 27: Gasolina Premium a $290.10 Regular a $272.50\u2026Gasoil Optimo $239.10 y el Regular a $221.60. Gas licuado a $132.60 y el Gas Natural $43.97.<\/p>\n\n\n\n<p>\u25baPara comunicarse con nosotros: Escribir a santodomingoaldia@yahoo.com<\/p>\n","protected":false},"excerpt":{"rendered":"<p>PERIODISMO INFORMATIVO Y CR\u00cdTICO AL SERVICIO DE LA COMUNIDAD Por Ram\u00f3n Mercedes \u25baAbinader lleg\u00f3 por NJ y en seguida a NY: El presidente Luis Abinader lleg\u00f3 este domingo al mediod\u00eda por el aeropuerto Newark-NJ y en seguida se dirigi\u00f3 a NYC. A las 3:00 PM estuvo en la escuela Juan Pablo Duarte, en el Alto [&hellip;]<\/p>\n","protected":false},"author":7,"featured_media":561278,"comment_status":"closed","ping_status":"closed","sticky":false,"template":"","format":"standard","meta":{"footnotes":""},"categories":[23],"tags":[205,181],"class_list":["post-561250","post","type-post","status-publish","format-standard","has-post-thumbnail","hentry","category-internacional","tag-enterate-ny","tag-ramon-mercedes"],"_links":{"self":[{"href":"https:\/\/diariodominicano.com\/index.php?rest_route=\/wp\/v2\/posts\/561250","targetHints":{"allow":["GET"]}}],"collection":[{"href":"https:\/\/diariodominicano.com\/index.php?rest_route=\/wp\/v2\/posts"}],"about":[{"href":"https:\/\/diariodominicano.com\/index.php?rest_route=\/wp\/v2\/types\/post"}],"author":[{"embeddable":true,"href":"https:\/\/diariodominicano.com\/index.php?rest_route=\/wp\/v2\/users\/7"}],"replies":[{"embeddable":true,"href":"https:\/\/diariodominicano.com\/index.php?rest_route=%2Fwp%2Fv2%2Fcomments&post=561250"}],"version-history":[{"count":1,"href":"https:\/\/diariodominicano.com\/index.php?rest_route=\/wp\/v2\/posts\/561250\/revisions"}],"predecessor-version":[{"id":561285,"href":"https:\/\/diariodominicano.com\/index.php?rest_route=\/wp\/v2\/posts\/561250\/revisions\/561285"}],"wp:featuredmedia":[{"embeddable":true,"href":"https:\/\/diariodominicano.com\/index.php?rest_route=\/wp\/v2\/media\/561278"}],"wp:attachment":[{"href":"https:\/\/diariodominicano.com\/index.php?rest_route=%2Fwp%2Fv2%2Fmedia&parent=561250"}],"wp:term":[{"taxonomy":"category","embeddable":true,"href":"https:\/\/diariodominicano.com\/index.php?rest_route=%2Fwp%2Fv2%2Fcategories&post=561250"},{"taxonomy":"post_tag","embeddable":true,"href":"https:\/\/diariodominicano.com\/index.php?rest_route=%2Fwp%2Fv2%2Ftags&post=561250"}],"curies":[{"name":"wp","href":"https:\/\/api.w.org\/{rel}","templated":true}]}}